{"id":10210,"date":"2012-01-10T16:56:30","date_gmt":"2012-01-10T14:56:30","guid":{"rendered":"http:\/\/vpmedias.fr\/?p=10210"},"modified":"2012-01-10T16:56:30","modified_gmt":"2012-01-10T14:56:30","slug":"sondage-une-presidentielle-appreciee","status":"publish","type":"post","link":"https:\/\/vpmedias.fr\/?p=10210","title":{"rendered":"Sondage : une Pr\u00e9sidentielle appr\u00e9ci\u00e9e"},"content":{"rendered":"<p style=\"text-align: justify;\">Comme chaque semaine, commentons le sondage de la semaine, et introduisons celui de la semaine qui vient !<img decoding=\"async\" title=\"Lire la suite\u2026\" src=\"http:\/\/vpmedias.fr\/wp-includes\/js\/tinymce\/plugins\/wordpress\/img\/trans.gif\" alt=\"\" \/><!--more--><\/p>\n<p style=\"text-align: justify;\"><strong>50<\/strong> visiteurs se sont exprim\u00e9s \u00e0 propos de leur <strong>opinion sur la Pr\u00e9sidentielle<\/strong> remport\u00e9e par Krustyfrancky.<\/p>\n<p style=\"text-align: justify;\">[poll id=\u00a0\u00bb8&Prime;]<\/p>\n<p style=\"text-align: justify;\">Il en ressort que pr\u00e8s de <strong>3 VPMiens sur 4 sont satisfaits du d\u00e9roulement de la Pr\u00e9sidentielle<\/strong>. L&rsquo;\u00e9v\u00e8nement fut anim\u00e9, avec \u00e9norm\u00e9ment d&rsquo;articles envoy\u00e9s via la Tribune Libre, beaucoup de commentaires &#8230; et de pol\u00e9miques, et des pics impressionnants de fr\u00e9quentation de VPM\u00e9dias. Petit b\u00e9mol : la minorit\u00e9 \u00e0 ne pas avoir appr\u00e9ci\u00e9 est particuli\u00e8rement d\u00e9\u00e7ue (22% de \u00ab\u00a0pas du tout\u00a0\u00bb ).<\/p>\n<p style=\"text-align: justify;\">La semaine derni\u00e8re, Krustyfrancky \u00e9grainait m\u00e9thodiquement la composition de son gouvernement, en r\u00e9v\u00e9lant chaque jour l&rsquo;un des <a href=\"http:\/\/www.votezpourmoi.com\/vpm_forum_msg.php?idsujet=16590&amp;id=5&amp;recherche=\">7 ministres<\/a> qui le composent, le 8e \u00e9tant destin\u00e9 \u00e0 \u00eatre d\u00e9sign\u00e9 par un autre biais. Une composition qui en a surpris plus d&rsquo;un, en faisant mentir \u00e9norm\u00e9ment de rumeurs entendues par-ci par-l\u00e0 \u00e0 ce sujet. Et vous, qu&rsquo;en avez-vous pens\u00e9 ? <strong>Quel est pour l&rsquo;instant votre ministre pr\u00e9f\u00e9r\u00e9 ?<\/strong><\/p>\n<p style=\"text-align: justify;\">[poll id=\u00a0\u00bb9&Prime;]<\/p>\n<hr \/>\n<p style=\"text-align: justify;\">Retrouvez aussi <a href=\"http:\/\/vpmedias.fr\/?page_id=9113\">tous les Sondages Hebdo<\/a>&#8230;<\/p>\n<p style=\"text-align: justify;\">[auteur]<\/p>\n","protected":false},"excerpt":{"rendered":"<p>Comme chaque semaine, commentons le sondage de la semaine, et introduisons celui de la semaine qui vient !<\/p>\n","protected":false},"author":2,"featured_media":0,"comment_status":"open","ping_status":"open","sticky":false,"template":"","format":"standard","meta":{"site-container-style":"default","site-container-layout":"default","site-sidebar-layout":"default","disable-article-header":"default","disable-site-header":"default","disable-site-footer":"default","disable-content-area-spacing":"default","footnotes":""},"categories":[268],"tags":[418,429],"class_list":["post-10210","post","type-post","status-publish","format-standard","hentry","category-4-breves","tag-presidentielle","tag-sondage-hebdo"],"_links":{"self":[{"href":"https:\/\/vpmedias.fr\/index.php?rest_route=\/wp\/v2\/posts\/10210","targetHints":{"allow":["GET"]}}],"collection":[{"href":"https:\/\/vpmedias.fr\/index.php?rest_route=\/wp\/v2\/posts"}],"about":[{"href":"https:\/\/vpmedias.fr\/index.php?rest_route=\/wp\/v2\/types\/post"}],"author":[{"embeddable":true,"href":"https:\/\/vpmedias.fr\/index.php?rest_route=\/wp\/v2\/users\/2"}],"replies":[{"embeddable":true,"href":"https:\/\/vpmedias.fr\/index.php?rest_route=%2Fwp%2Fv2%2Fcomments&post=10210"}],"version-history":[{"count":0,"href":"https:\/\/vpmedias.fr\/index.php?rest_route=\/wp\/v2\/posts\/10210\/revisions"}],"wp:attachment":[{"href":"https:\/\/vpmedias.fr\/index.php?rest_route=%2Fwp%2Fv2%2Fmedia&parent=10210"}],"wp:term":[{"taxonomy":"category","embeddable":true,"href":"https:\/\/vpmedias.fr\/index.php?rest_route=%2Fwp%2Fv2%2Fcategories&post=10210"},{"taxonomy":"post_tag","embeddable":true,"href":"https:\/\/vpmedias.fr\/index.php?rest_route=%2Fwp%2Fv2%2Ftags&post=10210"}],"curies":[{"name":"wp","href":"https:\/\/api.w.org\/{rel}","templated":true}]}}