{"id":10275,"date":"2012-01-11T19:51:11","date_gmt":"2012-01-11T17:51:11","guid":{"rendered":"http:\/\/vpmedias.fr\/?p=10275"},"modified":"2012-01-11T19:53:10","modified_gmt":"2012-01-11T17:53:10","slug":"nos-bons-ministres-1","status":"publish","type":"post","link":"https:\/\/vpmedias.fr\/?p=10275","title":{"rendered":"Nos bons ministres [1]"},"content":{"rendered":"<p style=\"text-align: justify;\">Amis du soir bonsoir,<br \/>\nAmis du jour bonjour,<\/p>\n<p style=\"text-align: justify;\">Alors voil\u00e0, \u00e9tant un membre irrempla\u00e7able de la communaut\u00e9 VPMienne, un homme d&rsquo;une rare intelligence, d&rsquo;une beaut\u00e9 hors commun et, qui plus est d&rsquo;une modestie \u00e0 toute \u00e9preuve (Si si !), je vous propose chers lecteur de VPM\u00e9dia de faire chaque semaine un petit \u00ab\u00a0portrait\u00a0\u00bb humoristique (\u00e7a va \u00eatre beau&#8230;) de nos ador\u00e9s ministres.<br \/>\nEn revanche, \u00e9tant soucieux de votre sant\u00e9, je vous prie de me pr\u00e9venir si mon article vous parrait indigeste; je comprendrais tr\u00e8s bien que le mandat de Krusty vous comble d\u00e9j\u00e0 en donuts et autres aliments gras.<\/p>\n<p style=\"text-align: justify;\">Sur ceux mes amis je commence !<\/p>\n<p style=\"text-align: justify;\">Ce ministre, vous le connaissez certainement tous, pour l&rsquo;avoir utilis\u00e9 au moins une fois dans votre bain ! Vous voyez de qui je parle maintenant ? Nan ? Je continue !<br \/>\nC&rsquo;est un canard au noble ramage, au pieds admirablement palm\u00e9s et appartenant \u00e0 la grande famille des Palmip\u00e8des ( grande famille mafieuse, mais aussi journalistes de VPM !) Vous voyez maintenant ?<br \/>\nBravo ! c&rsquo;est bien sur Louloudurscv !!<\/p>\n<p style=\"text-align: justify;\">Mais l\u00e0 je vous ai fait la description du bon c\u00f4t\u00e9 de ce vilain canard ! Il est bien plus noir qu&rsquo;on ne le pense ! ( Non, non il n&rsquo;est pas originaire d&rsquo;Afrique !).<\/p>\n<p style=\"text-align: justify;\">Tout d&rsquo;abord il \u00e0 une personnalit\u00e9 inqui\u00e9tante, on le remarque bien sur par le choix de son avatar : Psychokwak. Le choix de cet oiseaux n\u00e9vros\u00e9 \u00e0 souhait laisse transparaitre sa propre personnalit\u00e9 : Impr\u00e9visible, instable mentalement et qui plus est d&rsquo;une flemmardise \u00e0 toute \u00e9preuve ! Qualit\u00e9 peu recommand\u00e9e pour un ministre&#8230;<\/p>\n<p style=\"text-align: justify;\">En revanche cette flemmardise ne l&rsquo;a pas emp\u00each\u00e9 d&rsquo;\u00eatre ministre \u00e0 deux reprises; en effet lors du dernier mois du mandat de Saphir, Louloudurscv f\u00fbt nomm\u00e9 ministre. Comment expliqu\u00e9 cela ? Surtout qu&rsquo;il est de notori\u00e9t\u00e9 publique que ce canard est d&rsquo;une agressivit\u00e9 peu commune, il prof\u00e8re d&rsquo;ailleurs de multiples menaces, par exemple \u00ab\u00a0attention, je pince ^^\u00a0\u00bb.<\/p>\n<p style=\"text-align: justify;\">Il y \u00e0 plusieurs explication \u00e0 ce cumul de mandat, la premi\u00e8re est la langue de bois, ( ce qui lui pose des probl\u00e8mes de bec au passage !)en effet, il faut ce m\u00e9fier de ce canard, il est fourbe et flatteur&#8230;deux traits de caract\u00e8res qui sont utiles en politique sur VPM !<\/p>\n<p style=\"text-align: justify;\">La deuxi\u00e8me explication, Louloudurscv la donne lui m\u00eame, mais avant je demande aux plus jeunes d&rsquo;entre vous de ne pas lire ce qui va suivre afin de ne pas entamer votre innocence&#8230;En effet Louloudurscv d\u00e9clare lors de sa nomination \u00ab\u00a0Merci mon p&rsquo;tit Krusty&rsquo;, je vois que tu as appr\u00e9cier mon canap\u00e9 ^^\u00a0\u00bb&#8230;<br \/>\nCela fais froid dans le dos ! &#8230; Ah non pardon, \u00e7a c&rsquo;est la clim (Dragalex avait trop chaud, et comme il commande tout ici&#8230;)<\/p>\n<p style=\"text-align: justify;\">Bref, revenons \u00e0 nos moutons, que dis-je, \u00e0 nos canards; la r\u00e9v\u00e9lation de Loulou est grave, car il admet pouvoir \u00eatre achet\u00e9 (paiement en nature&#8230;), mais r\u00e9v\u00e8le aussi les penchants pour le moins&#8230;\u00e9tranges de notre Pr\u00e9sident, sans vouloir faire de jeux de mot, j&rsquo;ai bien l&rsquo;impression qu&rsquo;il canarde tout ce qui bouge&#8230;.<\/p>\n<p style=\"text-align: justify;\">Tout comme moi vous pensiez que cette nomination \u00e9tait une question de couleur de peau (ou de plumes), que neni, nous avons \u00e9t\u00e9 abus\u00e9 !<\/p>\n<p style=\"text-align: justify;\">Ajoutez \u00e0 ce que je viens de dire que Louloudurscv est une personne vantarde, \u00e9litiste et en plus il a un humour de merde ! (alors que moi non&#8230;tout ce que je dis est tr\u00e8s dr\u00f4le&#8230;).<\/p>\n<p style=\"text-align: justify;\">En tout les cas le mandat de ce canard risque d&rsquo;\u00eatre riche en prise de bec ( HAHA !) et il risque d&rsquo;ailleurs de se prendre une plum\u00e9e ( RE-HAHA !)<\/p>\n<p style=\"text-align: justify;\">Alors m\u00e9fiez-vous les amis ! Et pour lutter rejoignez la Raie Volufion qui ne devrais pas tard\u00e9e \u00e0 na\u00eetre, car Chlochlo \u00e9tant bretonne je comprend ais\u00e9ment qu&rsquo;elle puisse s&rsquo;ennuyer ! ;)<\/p>\n<p style=\"text-align: justify;\">Sur ceux je vous quitte et vous donnes rendez-vous la semaine prochaine&#8230;si vous le voulez bien !<\/p>\n<p style=\"text-align: justify;\">Votre tr\u00e8s aim\u00e9 journaliste inutile et pas dr\u00f4le,<\/p>\n<p style=\"text-align: justify;\">Kedrak ;)<\/p>\n","protected":false},"excerpt":{"rendered":"<p>Portrait du ministre Louloudurscv<\/p>\n","protected":false},"author":35,"featured_media":0,"comment_status":"open","ping_status":"open","sticky":false,"template":"","format":"standard","meta":{"site-container-style":"default","site-container-layout":"default","site-sidebar-layout":"default","disable-article-header":"default","disable-site-header":"default","disable-site-footer":"default","disable-content-area-spacing":"default","footnotes":""},"categories":[302],"tags":[292,49,54],"class_list":["post-10275","post","type-post","status-publish","format-standard","hentry","category-5-la-tribune-libre","tag-gouvernement","tag-portrait","tag-president"],"_links":{"self":[{"href":"https:\/\/vpmedias.fr\/index.php?rest_route=\/wp\/v2\/posts\/10275","targetHints":{"allow":["GET"]}}],"collection":[{"href":"https:\/\/vpmedias.fr\/index.php?rest_route=\/wp\/v2\/posts"}],"about":[{"href":"https:\/\/vpmedias.fr\/index.php?rest_route=\/wp\/v2\/types\/post"}],"author":[{"embeddable":true,"href":"https:\/\/vpmedias.fr\/index.php?rest_route=\/wp\/v2\/users\/35"}],"replies":[{"embeddable":true,"href":"https:\/\/vpmedias.fr\/index.php?rest_route=%2Fwp%2Fv2%2Fcomments&post=10275"}],"version-history":[{"count":0,"href":"https:\/\/vpmedias.fr\/index.php?rest_route=\/wp\/v2\/posts\/10275\/revisions"}],"wp:attachment":[{"href":"https:\/\/vpmedias.fr\/index.php?rest_route=%2Fwp%2Fv2%2Fmedia&parent=10275"}],"wp:term":[{"taxonomy":"category","embeddable":true,"href":"https:\/\/vpmedias.fr\/index.php?rest_route=%2Fwp%2Fv2%2Fcategories&post=10275"},{"taxonomy":"post_tag","embeddable":true,"href":"https:\/\/vpmedias.fr\/index.php?rest_route=%2Fwp%2Fv2%2Ftags&post=10275"}],"curies":[{"name":"wp","href":"https:\/\/api.w.org\/{rel}","templated":true}]}}