{"id":10382,"date":"2012-01-21T18:53:13","date_gmt":"2012-01-21T16:53:13","guid":{"rendered":"http:\/\/vpmedias.fr\/?p=10382"},"modified":"2012-01-21T18:53:13","modified_gmt":"2012-01-21T16:53:13","slug":"de-candidats-a-simple-joueurs","status":"publish","type":"post","link":"https:\/\/vpmedias.fr\/?p=10382","title":{"rendered":"De candidats \u00e0 \u2026simple joueurs"},"content":{"rendered":"<p style=\"text-align: justify;\">Vagal, candidat malheureux de la pr\u00e9sidence, il perds la pr\u00e9sidence avec plus de 10 points d&rsquo;\u00e9carts, il ne semble pas pr\u00eat a refaire campagne ! Nous allons pas revenir sur sa d\u00e9faite car elle \u00e0 d\u00e9j\u00e0 fait beaucoup d&rsquo;article ! Aujourd&rsquo;hui soyons attentif \u00e0 ce qu&rsquo;il fait aujourd&rsquo;hui ! Toujours en campagne municipale, Vagal ne prend plus part au d\u00e9bat de VPM ! Pr\u00e9pare t-il une riposte ? Est-il fini ? Nous avons voulu contact\u00e9 l\u2019int\u00e9ress\u00e9, mais il nous a refus\u00e9s ! Nous ne seront pas plus &#8230;<\/p>\n<p style=\"text-align: justify;\">Le troisi\u00e8me homme de cette pr\u00e9sidentielle (je parles bien s\u00fbr de Louistiti ^^) A tout d&rsquo;abord soutenu Krusty puis, \u00e0 l&rsquo;\u00e9lection de celui-ci f\u00fbt nomm\u00e9 Premier ministre du gouvernement !<br \/>\nIl joue a des nouveaux jeux mis en place par les diff\u00e9rents ministres, joueurs tr\u00e8s actifs ! Nous ne savons pas s&rsquo;il sera candidat de nouveau &#8230; Mais nous pouvons le pensez<\/p>\n<p style=\"text-align: justify;\">Au grand \u00e9tonnement Saulidaire f\u00fbt le Quatri\u00e8me homme de cette pr\u00e9sidentielle, candidat discret, il ne participe que tr\u00e8s peu actuellement \u00e0 la politique de VPM ! M\u00eame si nous ne savons pas pour les autres ex-candidats, nous savons qu&rsquo;il sera lui \u00e0 nouveau Candidat pour r\u00e9-\u00e9diter son score de +9%<\/p>\n<p style=\"text-align: justify;\">Le souffl\u00e9 mal tourn\u00e9, la r\u00e9volution morte, le mythe d&rsquo;une femme qui se croyait d\u00e9j\u00e0 \u00e9lue, elle f\u00fbt la cinqui\u00e8me personne de cette pr\u00e9sidence ayant un peu moins de 7% des votes, alors, que je lui posait la question suivante \u00a0\u00bbSerez-vous candidate ?\u00a0\u00bb Elle m&rsquo;a r\u00e9pondue par un ton aimable \u00a0\u00bb Aujourd&rsquo;hui ce n&rsquo;est pas la question !\u00a0\u00bb Cependant, on \u00e0 faire depuis peu \u00e0 une transformation du personnage Chlochlo (ce soir prim\u00e9 meilleure contributeur du Forum). Elle devient dr\u00f4le, des sujets un peu plus pertinent, alors c&rsquo;est pour le moment un grand myst\u00e8re, Chlochlo est-elle plus sage ? Ayant abandonn\u00e9, sa r\u00e9volution voulu par Krusty \u00e0 plusieurs reprise !<\/p>\n<p style=\"text-align: justify;\">Le ridicule ne tue pas et pour preuve, Sylsylsy r\u00e9coltant environs 4% des voix, il relance Benouttas candidat \u00e0 sa place ! Sylsylsy, est pour le moment conseiller \u00e0 Versailles (avec l&rsquo;aide de Chlochlo). Nous pensons, que Sylsylsy n&rsquo;est pas pr\u00eat de re-devenir candidat, bien que certaines de ses id\u00e9es soient bonnes, pour pouvoir acc\u00e9der \u00e0 un quel qu\u2019on que poste, il devra faire des alliance avec les 5 premiers !<br \/>\nBref, Sylsylsy est pas sorti du bordel (^^(&lsquo;)<\/p>\n","protected":false},"excerpt":{"rendered":"<p>Alors, que d\u00e9j\u00e0 pr\u00e8s de 3 semaines nous s\u00e9pare de l&rsquo;\u00e9lection de Krusty, d\u00e9j\u00e0 avons nous un candidat d\u00e9clar\u00e9 (Benouattas) chose d\u00e9j\u00e0 absurde, cependant que sont devenus les 5 candidats non \u00e9lus (Vagal, Louistiti, Saulidaire, Chlochlo &#038; Sylsylsy) ?<\/p>\n","protected":false},"author":35,"featured_media":0,"comment_status":"open","ping_status":"open","sticky":false,"template":"","format":"standard","meta":{"site-container-style":"default","site-container-layout":"default","site-sidebar-layout":"default","disable-article-header":"default","disable-site-header":"default","disable-site-footer":"default","disable-content-area-spacing":"default","footnotes":""},"categories":[302],"tags":[418],"class_list":["post-10382","post","type-post","status-publish","format-standard","hentry","category-5-la-tribune-libre","tag-presidentielle"],"_links":{"self":[{"href":"https:\/\/vpmedias.fr\/index.php?rest_route=\/wp\/v2\/posts\/10382","targetHints":{"allow":["GET"]}}],"collection":[{"href":"https:\/\/vpmedias.fr\/index.php?rest_route=\/wp\/v2\/posts"}],"about":[{"href":"https:\/\/vpmedias.fr\/index.php?rest_route=\/wp\/v2\/types\/post"}],"author":[{"embeddable":true,"href":"https:\/\/vpmedias.fr\/index.php?rest_route=\/wp\/v2\/users\/35"}],"replies":[{"embeddable":true,"href":"https:\/\/vpmedias.fr\/index.php?rest_route=%2Fwp%2Fv2%2Fcomments&post=10382"}],"version-history":[{"count":0,"href":"https:\/\/vpmedias.fr\/index.php?rest_route=\/wp\/v2\/posts\/10382\/revisions"}],"wp:attachment":[{"href":"https:\/\/vpmedias.fr\/index.php?rest_route=%2Fwp%2Fv2%2Fmedia&parent=10382"}],"wp:term":[{"taxonomy":"category","embeddable":true,"href":"https:\/\/vpmedias.fr\/index.php?rest_route=%2Fwp%2Fv2%2Fcategories&post=10382"},{"taxonomy":"post_tag","embeddable":true,"href":"https:\/\/vpmedias.fr\/index.php?rest_route=%2Fwp%2Fv2%2Ftags&post=10382"}],"curies":[{"name":"wp","href":"https:\/\/api.w.org\/{rel}","templated":true}]}}