{"id":10722,"date":"2012-02-11T00:21:18","date_gmt":"2012-02-10T22:21:18","guid":{"rendered":"http:\/\/vpmedias.fr\/?p=10722"},"modified":"2012-02-11T10:38:46","modified_gmt":"2012-02-11T08:38:46","slug":"pourquoi-la-sauce-krustyfrancky-ne-prend-elle-pas-vraiment","status":"publish","type":"post","link":"https:\/\/vpmedias.fr\/?p=10722","title":{"rendered":"Pourquoi la sauce Krustyfrancky ne prend elle pas vraiment?"},"content":{"rendered":"<p>Coucou le lecteur,<\/p>\n<p style=\"text-align: justify\">je reviens en tribune libre pour donner mon point de vue. Contrairement \u00e0 ce qu&rsquo;on peut penser, ou que certains veulent qu&rsquo;on pense, je n&rsquo;ai absolument rien contre le mandat de Krustyfrancky, loin de l\u00e0. Je le trouve assez sympathique, voire attendrissant.\u00a0 Ce doit \u00eatre mon cot\u00e9 maternel qui s&rsquo;exprime.<\/p>\n<p style=\"text-align: justify\">D&rsquo;ailleurs, je participe avec grand plaisir \u00e0 ses animations: le meilleur article, le meilleur journaliste, jury de Vpmparticipatif etc.<\/p>\n<p style=\"text-align: justify\">Et pourtant, je trouve que la sauce prend un peu moins qu&rsquo;avec Saphir. Pour moi, il y a deux raisons \u00e0 cela:<\/p>\n<p style=\"text-align: justify\">D&rsquo;abord, comme le signalait Dragalex, le mandat de Krustyfrancky tranche totalement avec celui de Saphir. Il se veut s\u00e9rieux l\u00e0 o\u00f9 Saphir se voulait d\u00e9lirant. Il se veut honn\u00eate l\u00e0 o\u00f9 celui de Saphir se voulait ouvertement malhonn\u00eate. Et finalement, on a pas r\u00e9ussi \u00e0 trouver le juste milieu qui sied \u00e0 un jeu humoristique. Si Krusty et ses ministres s&rsquo;ouvrait \u00e0 la (auto)d\u00e9rision, je pense que son mandat en serait bien plus r\u00e9ussi. Je sais que lui et son \u00e9quipe ne souhaitent pas entendre \u00e7a mais accorder trop de s\u00e9rieux aux actions de Raito ou celles des d\u00e9tracteurs de Krustyfrancky n&rsquo;est pas la meilleure solution. Plus l&rsquo;\u00e9quipe pr\u00e9sidentielle sur-r\u00e9agira et plus les ennemis d\u00e9clar\u00e9s s&rsquo;en donneront \u00e0 c\u0153ur joie. Ce sont des fouteurs de merde mais ce sont des joyeux fouteurs de merde.<\/p>\n<p style=\"text-align: justify\">Ensuite, je pense que Krusty et Drag ont commis une erreur: vouloir mettre le pouvoir de d\u00e9cision entre les mains des Vpmiens qui doivent d\u00e9cider \u00e0 qui attribuer les enveloppes. Rien de pire que croire en l&rsquo;honn\u00eatet\u00e9 d&rsquo;autrui. A la premi\u00e8re animation, on a vu Chlochlo et d&rsquo;autres essayer de faire pencher la balance en leur faveur. Mon article qui \u00e9tait pourtant g\u00e9nial a re\u00e7u pas moins de 5 \u00ab\u00a0une \u00e9toile\u00a0\u00bb. J&rsquo;ai du r\u00e9agir et ai moi m\u00eame fait en sorte que mes partisans votent pour moi&#8230; L&rsquo;\u00e9lection du meilleur journaliste \u00e9tait ensuite une \u00e9lection du meilleur pote. J&rsquo;ai moi m\u00eame vot\u00e9 5 fois. Pour Patouti. Bon, j&rsquo;aurais chang\u00e9 les votes vers la fin :). Mais la fin est arriv\u00e9e un peu trop t\u00f4t&#8230; Vpm participatif risque de conna\u00eetre le m\u00eame sort. Faire appel \u00e0 l&rsquo;honn\u00eatet\u00e9 des Vpmiens est une douce illusion. Les qualifi\u00e9s feront en sorte que les votants amis se prononcent pour eux&#8230; Encore une fois, l&rsquo;\u00e9quipe de Krustyfrancky n&rsquo;a pas choisi le juste milieu (vote \u00e0 50\/50 entre les Vpmiens et un jury pour les animations). Et je ne parle pas de l&rsquo;\u00e9lection du 8\u00e8me ministre qui, bizarrement, a \u00e9t\u00e9 Raito.\u00a0 \u00c7a ne part pas d&rsquo;une mauvaise intention, ceci dit. Juste une erreur d&rsquo;appr\u00e9ciation et trop de confiance dans la nature humaine. Je pr\u00e9cise que ce ne sont pas que les opposants \u00e0 Krusty qui sont malhonn\u00eates, hein. Imaginer que Talisman ou Fuji, pour ne citer qu&rsquo;eux, votent sans tenir compte du joueur est totalement inimaginable (fallait bien que je cite talisman quelque part\/Bardock, tu as remarqu\u00e9 que ej t&rsquo;oublie de plus en plus ;) ).<\/p>\n<p style=\"text-align: justify\">J&rsquo;ai cit\u00e9 deux raisons. J&rsquo;en donnerai une troisi\u00e8me. L&rsquo;\u00e9quipe de Krustyfrancky est constitu\u00e9e uniquement des gens de l&rsquo;autre bord. Lors de mon analyse des programmes, j&rsquo;avais indiqu\u00e9 que les pr\u00e9sidentielles n&rsquo;\u00e9taient rien d&rsquo;autre qu&rsquo;une guerre d&rsquo;\u00e9go, de clans. En choisissant quasiment que des ministres de \u00ab\u00a0son camp\u00a0\u00bb (dont certains notoirement impopulaires), Krusty s&rsquo;est ali\u00e9n\u00e9 tout l&rsquo;autre cot\u00e9. D&rsquo;autant que ces ministres n&rsquo;ont pas grand r\u00f4le finalement :).<\/p>\n<p style=\"text-align: justify\">Pour r\u00e9sumer donc, je dirai que le mandat de Krusty part de plein de bonnes intentions mais p\u00e8che par un exc\u00e8s de s\u00e9rieux (que Drag avait d&rsquo;ailleurs pr\u00e9dit), par une trop grande confiance mal plac\u00e9e envers les Vpmiens (ce sont des politiciens, hein) et par un choix ali\u00e9nant de conseillers.<\/p>\n<p>Ma note pour l&rsquo;instant: 11\/20<\/p>\n<p>Conclusion: SURPRENDS NOUS, KRUSTY !<\/p>\n<p>ps: je rev\u00eats ma combinaison anti-atomique, Drag :)<\/p>\n","protected":false},"excerpt":{"rendered":"<p>Coucou le lecteur, je reviens en tribune libre pour donner mon point de vue. Contrairement \u00e0 ce qu&rsquo;on peut penser, ou que certains veulent qu&rsquo;on pense, je n&rsquo;ai absolument rien contre le mandat de Krustyfrancky, loin de l\u00e0. Je le trouve assez sympathique, voire attendrissant.\u00a0 Ce doit \u00eatre mon cot\u00e9 maternel qui s&rsquo;exprime. D&rsquo;ailleurs, je [&hellip;]<\/p>\n","protected":false},"author":55,"featured_media":0,"comment_status":"open","ping_status":"open","sticky":false,"template":"","format":"standard","meta":{"site-container-style":"default","site-container-layout":"default","site-sidebar-layout":"default","disable-article-header":"default","disable-site-header":"default","disable-site-footer":"default","disable-content-area-spacing":"default","footnotes":""},"categories":[302],"tags":[481],"class_list":["post-10722","post","type-post","status-publish","format-standard","hentry","category-5-la-tribune-libre","tag-presidence"],"_links":{"self":[{"href":"https:\/\/vpmedias.fr\/index.php?rest_route=\/wp\/v2\/posts\/10722","targetHints":{"allow":["GET"]}}],"collection":[{"href":"https:\/\/vpmedias.fr\/index.php?rest_route=\/wp\/v2\/posts"}],"about":[{"href":"https:\/\/vpmedias.fr\/index.php?rest_route=\/wp\/v2\/types\/post"}],"author":[{"embeddable":true,"href":"https:\/\/vpmedias.fr\/index.php?rest_route=\/wp\/v2\/users\/55"}],"replies":[{"embeddable":true,"href":"https:\/\/vpmedias.fr\/index.php?rest_route=%2Fwp%2Fv2%2Fcomments&post=10722"}],"version-history":[{"count":0,"href":"https:\/\/vpmedias.fr\/index.php?rest_route=\/wp\/v2\/posts\/10722\/revisions"}],"wp:attachment":[{"href":"https:\/\/vpmedias.fr\/index.php?rest_route=%2Fwp%2Fv2%2Fmedia&parent=10722"}],"wp:term":[{"taxonomy":"category","embeddable":true,"href":"https:\/\/vpmedias.fr\/index.php?rest_route=%2Fwp%2Fv2%2Fcategories&post=10722"},{"taxonomy":"post_tag","embeddable":true,"href":"https:\/\/vpmedias.fr\/index.php?rest_route=%2Fwp%2Fv2%2Ftags&post=10722"}],"curies":[{"name":"wp","href":"https:\/\/api.w.org\/{rel}","templated":true}]}}