{"id":1089,"date":"2009-06-15T10:14:14","date_gmt":"2009-06-15T08:14:14","guid":{"rendered":"http:\/\/vpmedias.e3b.org\/?p=1089"},"modified":"2009-06-15T10:14:14","modified_gmt":"2009-06-15T08:14:14","slug":"vpm-participatif-juin-2009-phase-13","status":"publish","type":"post","link":"https:\/\/vpmedias.fr\/?p=1089","title":{"rendered":"VPM Participatif, Juin 2009 #Phase [1\/3]"},"content":{"rendered":"<div class=\"entry\">\n<div class=\"entry\">\n<p><a href=\"..\/?cat=37\"><img loading=\"lazy\" decoding=\"async\" title=\"VPMinfos\" src=\"..\/images\/logovpmi.png\" border=\"0\" alt=\"logovpmi.png\" width=\"225\" height=\"58\" align=\"right\" \/><\/a><\/div>\n<\/div>\n<p><em><\/em><\/p>\n<p style=\"text-align: justify;\"><em>Bananus ayant d\u00e9clar\u00e9 le 28 mai sur le Forum :<\/em><\/p>\n<blockquote style=\"text-align: justify;\"><p><em>le prochain chantier de developpement ne sera pas avant 1 mois, donc cet \u00e9t\u00e9<\/em><\/p><\/blockquote>\n<p style=\"text-align: justify;\"><em>l&rsquo;id\u00e9e m&rsquo;est venue de consulter, par une grande op\u00e9ration, la communaut\u00e9 des VPMiens afin de savoir ce qu&rsquo;ils souhaiteraient voir comme \u00e9volutions, quelles sont leurs id\u00e9es actuelles, mais aussi afin de juger de la motivation de la communaut\u00e9, de son dynamisme, de son optimisme. J&rsquo;ai donc imagin\u00e9 \u00ab\u00a0<span style=\"color: #800000;\"><strong>VPM Participatif<\/strong><\/span>\u00ab\u00a0, avec plusieurs membres de l&rsquo;\u00e9quipe des journalistes.<\/em><\/p>\n<p style=\"text-align: justify;\"><em>Voici les explications n\u00e9cessaires et suffisantes \u00e0\u00a0 la compr\u00e9hension du fonctionnement de cette \u00e9v\u00e8nement. J&rsquo;esp\u00e8re que je r\u00e9ussirai \u00e0\u00a0 \u00eatre assez clair, car tout n&rsquo;est pas simple \u00e0\u00a0 exprimer. ^^<\/em><\/p>\n<p style=\"text-align: justify;\"><!--more--><\/p>\n<h2 style=\"text-align: justify;\"><span style=\"color: #0000ff;\"><strong><span style=\"color: #800000;\">#<\/span>Phase [<span style=\"color: #800000;\">1<\/span>\/3] :<\/strong><\/span><\/h2>\n<p style=\"text-align: justify;\">C&rsquo;est celle qu&rsquo;inaugure cet article. Elle est consacr\u00e9e \u00e0\u00a0 <strong>introduire l&rsquo;op\u00e9ration et son fonctionnement<\/strong>, mais aussi et surtout \u00e0\u00a0 <strong>lancer un appel \u00e0\u00a0 l&rsquo;imagination, \u00e0\u00a0 la cr\u00e9ativit\u00e9, \u00e0\u00a0 l&rsquo;esprit critique des VPMiens<\/strong>. <span style=\"color: #008000;\"><strong>D\u00e8s \u00e0\u00a0 pr\u00e9sent, je vous invite vivement \u00e0\u00a0 nous faire part ,par tous les moyens, c&rsquo;est-\u00e0\u00a0-dire par MP, par commentaires, par <a href=\"http:\/\/vpmedias.e3b.org\/?page_id=184\" target=\"_blank\">la Tribune Libre<\/a>, mais aussi sur <a href=\"http:\/\/www.votezpourmoi.com\/forum_msg.php?idsujet=9573&amp;id=1\" target=\"_blank\">un sujet<\/a> qui est ouvert sur le Forum de VPM, de vos id\u00e9es et propositions pour le jeu VotezPourMoi.<\/strong><\/span> Ici, une clarification essentielle est n\u00e9cessaire. <span style=\"color: #800080;\"><strong><em>Que ce soit bien clair, VPM Participatif n&rsquo;est en aucun cas une op\u00e9ration \u00e0\u00a0 valeur \u00ab\u00a0officielle\u00a0\u00bb orchestr\u00e9e par l&rsquo;administration. Les id\u00e9es qui seront mises en avant ne seront certainement pas appliqu\u00e9es. Il convient tout simplement de s&rsquo;imaginer face \u00e0\u00a0 un \u00ab\u00a0g\u00e9nie\u00a0\u00bb qui peut exaucer tous vos voeux pour VPM. C&rsquo;est pourquoi nous acceptons toutes les propositions, des plus connues et pratiques (exemple : le retour \u00e0\u00a0 l&rsquo;ancien classement&#8230;) aux plus novatrices et utopiques (exemple : bourse VPMienne etc.).<\/em><\/strong><\/span> Cette explication \u00e9vitera, je l&rsquo;esp\u00e8re, tout malentendu, venant de l&rsquo;administration comme des joueurs.<\/p>\n<p style=\"text-align: justify;\">Voil\u00e0\u00a0 donc ce que nous attendons de vous : donner toutes vos id\u00e9es, tout ce que vous aimeriez voir appliqu\u00e9 dans un VPM \u00ab\u00a0id\u00e9al\u00a0\u00bb.<\/p>\n<p style=\"text-align: justify;\">\n<h2 style=\"text-align: justify;\"><strong><span style=\"color: #800000;\">#<\/span><span style=\"color: #0000ff;\">Phase [<\/span><span style=\"color: #800000;\">2<\/span><span style=\"color: #0000ff;\">\/3] :<\/span><\/strong><\/h2>\n<p style=\"text-align: justify;\">Elle aura lieu dans une semaine, <span style=\"color: #ff6600;\"><strong>le 22 juin<\/strong><\/span>.<\/p>\n<p style=\"text-align: justify;\">Une fois que toutes les id\u00e9es et propositions auront \u00e9t\u00e9 d\u00e9pos\u00e9es, j&rsquo;essayerai de les <strong>classer, regrouper, r\u00e9unir par th\u00e8mes<\/strong> etc. Un article sera publi\u00e9 qui reprendra tout ce qui aura \u00e9t\u00e9 propos\u00e9, avec l&rsquo;explication qui s&rsquo;impose \u00e0\u00a0 chaque fois. <span style=\"color: #008000;\"><strong>Vous serez d\u00e8s ce jour-l\u00e0\u00a0 invit\u00e9s \u00e0\u00a0 voter, vous tous VPMiens, pour votre ou vos r\u00e9forme(s) pr\u00e9f\u00e9r\u00e9e(s)<\/strong><\/span> (\u00e0\u00a0 pr\u00e9ciser), <strong><span style=\"color: #008000;\">par l&rsquo;interm\u00e9diaire d&rsquo;un sondage<\/span><\/strong>.<\/p>\n<p style=\"text-align: justify;\">Dans le m\u00eame temps, <strong>un jury de 4 membres<\/strong>, dont nous ne vous r\u00e9v\u00e9lons pas imm\u00e9diatement l&rsquo;identit\u00e9, r\u00e9fl\u00e9chira lui-aussi aux id\u00e9es des VPMiens. Ces VPMiens engag\u00e9s seront aptes \u00e0\u00a0 <strong>donner leur avis sur chaque proposition<\/strong>. Ensuite, <strong>chaque membre du jury dressera son propre classement des r\u00e9formes avec lesquelles il est le plus en accord, qu&rsquo;il juge les plus importantes ou int\u00e9ressantes<\/strong>.<\/p>\n<p style=\"text-align: justify;\">\n<h2 style=\"text-align: justify;\"><span style=\"color: #0000ff;\"><strong><span style=\"color: #800000;\">#<\/span>Phase [<span style=\"color: #800000;\">3<\/span>\/3] :<\/strong><\/span><\/h2>\n<p style=\"text-align: justify;\">Elle aura lieu dans 2 semaines, <span style=\"color: #ff6600;\"><strong>le 29 juin<\/strong><\/span>.<\/p>\n<p style=\"text-align: justify;\">Un article annoncera enfin le <strong>Classement des propositions pr\u00e9f\u00e9r\u00e9es des VPMiens<\/strong> tel qu&rsquo;il appara\u00eetra \u00e0\u00a0 l&rsquo;issue du sondage, ainsi que les <strong>Classements des membres du Jury<\/strong>. Par la m\u00eame occasion, bien s\u00e0 \u00bbr, nous publierons les <strong>avis des membres du Jury<\/strong> sur chaque id\u00e9e.<\/p>\n<p style=\"text-align: justify;\">\n<h2 style=\"text-align: justify;\"><span style=\"color: #0000ff;\"><strong><span style=\"color: #800000;\">#<\/span>Phase [<span style=\"color: #800000;\">4<\/span>\/3] :<\/strong><\/span><\/h2>\n<p style=\"text-align: justify;\"><em>Vous ne vous y attendiez pas \u00e0\u00a0 celle-l\u00e0\u00a0, hein ? ^^<\/em><\/p>\n<p style=\"text-align: justify;\">En r\u00e9alit\u00e9, je ne sais pas si elle existera. Si certaines id\u00e9es sortent du lot, rien ne nous emp\u00eachera, \u00e0\u00a0 ce moment l\u00e0\u00a0, de les r\u00e9unir dans un mail adress\u00e9 \u00e0\u00a0 l&rsquo;administrateur, ou d&rsquo;inviter ce dernier \u00e0\u00a0 consulter le r\u00e9sultat de notre op\u00e9ration. Qui sait ? Peut-\u00eatre que \u00e7a lui donnera des id\u00e9es. :p<\/p>\n<p style=\"text-align: justify;\">Apr\u00e8s, peut-\u00eatre que des interviews des membres du jury, de VPMiens dont les id\u00e9es ont \u00e9t\u00e9 appr\u00e9ci\u00e9es et d&rsquo;autres pourraient \u00eatre publi\u00e9es, ainsi que des analyses. Mais tout cela est encore incertain.<\/p>\n<p style=\"text-align: justify;\">\n<ul style=\"text-align: justify;\">\n<li>\n<h2><span style=\"color: #800080;\"><strong>Bilan :<\/strong><\/span><\/h2>\n<\/li>\n<\/ul>\n<p style=\"text-align: justify;\">En tous cas, vous l&rsquo;aurez compris, VPM\u00e9dias fait une nouvelle fois appel \u00e0\u00a0 la communaut\u00e9 des VPMiens, cette communaut\u00e9 qui, je l&rsquo;esp\u00e8re, fourmille encore et toujours d&rsquo;id\u00e9es et de projets. <span style=\"color: #008000;\"><strong>C&rsquo;est gr\u00e2ce \u00e0\u00a0 vous que VPM Participatif pourra \u00eatre int\u00e9ressant, si vous apportez tous une pierre \u00e0\u00a0 l&rsquo;\u00e9difice des propositions ! Ne nous d\u00e9cevez pas !<\/strong><\/span><\/p>\n<p style=\"text-align: justify;\">\n<p style=\"text-align: justify;\"><span style=\"color: #800080;\"><strong><em>Je me tiens, bien \u00e9videmment, \u00e0\u00a0 votre disposition, que ce soit pour des id\u00e9es, pour des questions, des critiques ou des remarques. <\/em><\/strong><\/span><\/p>\n","protected":false},"excerpt":{"rendered":"<p>Bananus ayant d\u00e9clar\u00e9 le 28 mai sur le Forum : le prochain chantier de developpement ne sera pas avant 1 mois, donc cet \u00e9t\u00e9 l&rsquo;id\u00e9e m&rsquo;est venue de consulter, par une grande op\u00e9ration, la communaut\u00e9 des VPMiens afin de savoir ce qu&rsquo;ils souhaiteraient voir comme \u00e9volutions, quelles sont leurs id\u00e9es actuelles, mais aussi afin de [&hellip;]<\/p>\n","protected":false},"author":2,"featured_media":0,"comment_status":"open","ping_status":"open","sticky":false,"template":"","format":"standard","meta":{"site-container-style":"default","site-container-layout":"default","site-sidebar-layout":"default","disable-article-header":"default","disable-site-header":"default","disable-site-footer":"default","disable-content-area-spacing":"default","footnotes":""},"categories":[302],"tags":[],"class_list":["post-1089","post","type-post","status-publish","format-standard","hentry","category-5-la-tribune-libre"],"_links":{"self":[{"href":"https:\/\/vpmedias.fr\/index.php?rest_route=\/wp\/v2\/posts\/1089","targetHints":{"allow":["GET"]}}],"collection":[{"href":"https:\/\/vpmedias.fr\/index.php?rest_route=\/wp\/v2\/posts"}],"about":[{"href":"https:\/\/vpmedias.fr\/index.php?rest_route=\/wp\/v2\/types\/post"}],"author":[{"embeddable":true,"href":"https:\/\/vpmedias.fr\/index.php?rest_route=\/wp\/v2\/users\/2"}],"replies":[{"embeddable":true,"href":"https:\/\/vpmedias.fr\/index.php?rest_route=%2Fwp%2Fv2%2Fcomments&post=1089"}],"version-history":[{"count":0,"href":"https:\/\/vpmedias.fr\/index.php?rest_route=\/wp\/v2\/posts\/1089\/revisions"}],"wp:attachment":[{"href":"https:\/\/vpmedias.fr\/index.php?rest_route=%2Fwp%2Fv2%2Fmedia&parent=1089"}],"wp:term":[{"taxonomy":"category","embeddable":true,"href":"https:\/\/vpmedias.fr\/index.php?rest_route=%2Fwp%2Fv2%2Fcategories&post=1089"},{"taxonomy":"post_tag","embeddable":true,"href":"https:\/\/vpmedias.fr\/index.php?rest_route=%2Fwp%2Fv2%2Ftags&post=1089"}],"curies":[{"name":"wp","href":"https:\/\/api.w.org\/{rel}","templated":true}]}}