{"id":11077,"date":"2012-03-06T19:10:12","date_gmt":"2012-03-06T17:10:12","guid":{"rendered":"http:\/\/vpmedias.fr\/?p=11077"},"modified":"2012-03-06T19:10:12","modified_gmt":"2012-03-06T17:10:12","slug":"7-questions-a-mims","status":"publish","type":"post","link":"https:\/\/vpmedias.fr\/?p=11077","title":{"rendered":"7 questions \u00e0 Mims"},"content":{"rendered":"<p style=\"text-align: justify;\"><strong>Janvier :<\/strong><\/p>\n<p style=\"text-align: justify;\"><strong>Bonjour Mims.<\/strong><\/p>\n<p style=\"text-align: justify;\">Mims :<\/p>\n<p style=\"text-align: justify;\">Bonjour Janvier,je suis tr\u00e8s content d&rsquo;\u00eatre l\u00e0 pour cette interview.<\/p>\n<p style=\"text-align: justify;\"><strong>Janvier :<\/strong><\/p>\n<p style=\"text-align: justify;\"><strong>Racontez-nous ton parcours sur Vpm.<\/strong><\/p>\n<p style=\"text-align: justify;\">Mims :<\/p>\n<p style=\"text-align: justify;\">Je suis arriv\u00e9 sur Vpm en 2009, j&rsquo;ai chang\u00e9 plusieurs fois de compte sans r\u00e9ellement m&rsquo;impliqer puis en 2010 j&rsquo;ai rejoint plusieurs partis dont le Parti des ch\u00e8ques, j&rsquo;ai \u00e9t\u00e9 son tr\u00e9sorier puis secr\u00e9taire, j&rsquo;ai connu son heure de gloire et ses d\u00e9boires, en parall\u00e8le j&rsquo;avais deux autres comt\u00e9s qui ont pas mal voyages&#8230;<\/p>\n<p style=\"text-align: justify;\"><strong>Janvier :<\/strong><\/p>\n<p style=\"text-align: justify;\"><strong>Beaucoup de joueurs de Vpm se demandent quand ton animation commencera.As-tu des probl\u00e8me pour r\u00e9aliser cette animation?<\/strong><\/p>\n<p style=\"text-align: justify;\">Mims :<\/p>\n<p style=\"text-align: justify;\">Je n&rsquo;ai actuellement plus mon ordinateur portable ou l&rsquo;int\u00e9gralit\u00e9 de l&rsquo;animation est conserv\u00e9e, je me retrouve donc coinc\u00e9 et je m&rsquo;en excuse, tout devrait rentrer dans l&rsquo;ordre dans la semaine, vendredi au plus tard le programme sera publi\u00e9 et l&rsquo;animation demarera s\u00fbrement au milieu du mois&#8230;<\/p>\n<p style=\"text-align: justify;\"><strong>Janvier :<\/strong><\/p>\n<p style=\"text-align: justify;\"><strong>Tu as quitt\u00e9 le parti des ch\u00e8ques,pourquoi tu as fait \u00e7a?<\/strong><\/p>\n<p style=\"text-align: justify;\">Mims \u00a0:<\/p>\n<p style=\"text-align: justify;\">J\u00a0\u00bbai quitt\u00e9 le Pdc 2 ans apr\u00e8s l&rsquo;avoir co fond\u00e9, dirige pendant presque 1 an, et apr\u00e8s plusieurs tentatives pour le redresser, j&rsquo;ai d\u00e9cid\u00e9 de tourner la page et de cr\u00e9er mon propre parti, ce choix s&rsquo;est r\u00e9v\u00e9l\u00e9 payant puisque nous sommes dans le top 25 et sommes 2nd de la rel\u00e8ve.<\/p>\n<p style=\"text-align: justify;\"><strong>Janvier :<\/strong><\/p>\n<p style=\"text-align: justify;\"><strong>Tu n&rsquo;est pas actuellement 1er \u00e0 Villeurbanne mais pense-tu obtenir un poste ?<\/strong><\/p>\n<p style=\"text-align: justify;\">Mims :<\/p>\n<p style=\"text-align: justify;\">J&rsquo;envisage fortement un poste de conseiller, ce serait vraiment pas mal au bout de deux campagnes, j&rsquo;aimerai devenir maire d&rsquo;ici 2-3 campagnes, un objectif que j&rsquo;avais d\u00e9j\u00e0 rempli en 2010 avec 5 mois de pr\u00e9sence dont 3 avec un poste<\/p>\n<p style=\"text-align: justify;\"><strong>Janvier :<\/strong><\/p>\n<p style=\"text-align: justify;\"><strong>Selon toi un poste de pr\u00e9sidence de r\u00e9gion est-il possible pour toi ?<\/strong><\/p>\n<p style=\"text-align: justify;\">Mims :<\/p>\n<p style=\"text-align: justify;\">Sinc\u00e8rement, je ne vise pas de pr\u00e9sident de r\u00e9gion, notre parti n&rsquo;\u00e9tait pr\u00e9sent ni \u00e0 Lyon, ni \u00e0 saint \u00c9tienne&#8230;<\/p>\n<p style=\"text-align: justify;\"><strong>Janvier :<\/strong><\/p>\n<p style=\"text-align: justify;\"><strong>Que penses-tu des actions de Krusty notre pr\u00e9sident bien aim\u00e9e?Est tu allez voir Wiki-Vpm?<\/strong><\/p>\n<p style=\"text-align: justify;\">Mims :<\/p>\n<p style=\"text-align: justify;\">Krusty est devenu un ami au fil des mois ou je l&rsquo;ai connu, je l&rsquo;ai toujours soutenu malgr\u00e9 les difficult\u00e9s rencontr\u00e9es&#8230;<br \/>\nj&rsquo;y ai fait un tour, j&rsquo;ai m\u00eame envisag\u00e9 de cr\u00e9er plusieurs fiches wiki !<\/p>\n<p style=\"text-align: justify;\"><strong>Janvier :<\/strong><\/p>\n<p style=\"text-align: justify;\"><strong>Va tu te pr\u00e9senter \u00e0 la prochaine \u00e9lection pr\u00e9sidentielle ou soutenir quelqu&rsquo;un ?<\/strong><\/p>\n<p style=\"text-align: justify;\">Mims :<\/p>\n<p style=\"text-align: justify;\">Actuellement je n&rsquo;ai rien envisag\u00e9, je n&rsquo;\u00e9carte aucune possibilit\u00e9.<\/p>\n","protected":false},"excerpt":{"rendered":"<p>Voici une interview de Mims,l&rsquo;ancien secr\u00e9taire g\u00e9n\u00e9ral du parti des ch\u00e8ques men\u00e9e par le stagiaire Janvier.<\/p>\n","protected":false},"author":67,"featured_media":0,"comment_status":"open","ping_status":"open","sticky":false,"template":"","format":"standard","meta":{"site-container-style":"default","site-container-layout":"default","site-sidebar-layout":"default","disable-article-header":"default","disable-site-header":"default","disable-site-footer":"default","disable-content-area-spacing":"default","footnotes":""},"categories":[4],"tags":[34],"class_list":["post-11077","post","type-post","status-publish","format-standard","hentry","category-2-vpmc","tag-interview"],"_links":{"self":[{"href":"https:\/\/vpmedias.fr\/index.php?rest_route=\/wp\/v2\/posts\/11077","targetHints":{"allow":["GET"]}}],"collection":[{"href":"https:\/\/vpmedias.fr\/index.php?rest_route=\/wp\/v2\/posts"}],"about":[{"href":"https:\/\/vpmedias.fr\/index.php?rest_route=\/wp\/v2\/types\/post"}],"author":[{"embeddable":true,"href":"https:\/\/vpmedias.fr\/index.php?rest_route=\/wp\/v2\/users\/67"}],"replies":[{"embeddable":true,"href":"https:\/\/vpmedias.fr\/index.php?rest_route=%2Fwp%2Fv2%2Fcomments&post=11077"}],"version-history":[{"count":0,"href":"https:\/\/vpmedias.fr\/index.php?rest_route=\/wp\/v2\/posts\/11077\/revisions"}],"wp:attachment":[{"href":"https:\/\/vpmedias.fr\/index.php?rest_route=%2Fwp%2Fv2%2Fmedia&parent=11077"}],"wp:term":[{"taxonomy":"category","embeddable":true,"href":"https:\/\/vpmedias.fr\/index.php?rest_route=%2Fwp%2Fv2%2Fcategories&post=11077"},{"taxonomy":"post_tag","embeddable":true,"href":"https:\/\/vpmedias.fr\/index.php?rest_route=%2Fwp%2Fv2%2Ftags&post=11077"}],"curies":[{"name":"wp","href":"https:\/\/api.w.org\/{rel}","templated":true}]}}