{"id":11310,"date":"2012-03-18T15:58:08","date_gmt":"2012-03-18T13:58:08","guid":{"rendered":"http:\/\/vpmedias.fr\/?p=11310"},"modified":"2012-03-18T16:10:13","modified_gmt":"2012-03-18T14:10:13","slug":"dimanche-evasion-saint-patricks-day","status":"publish","type":"post","link":"https:\/\/vpmedias.fr\/?p=11310","title":{"rendered":"[Dimanche \u00e9vasion] Saint Patrick&rsquo;s Day"},"content":{"rendered":"<p>Hier, c&rsquo;\u00e9tait la Saint Patrick. Comme tout fran\u00e7ais qui se respecte, nos VPMiens ont souhait\u00e9 participer \u00e0 cette f\u00eate &#8230; Irlandaise.<\/p>\n<p>&nbsp;<\/p>\n<p><a href=\"http:\/\/vpmedias.fr\/?attachment_id=11313\" rel=\"attachment wp-att-11313\"><img loading=\"lazy\" decoding=\"async\" class=\" wp-image-11313\" title=\"Nos VPMiens dans un Pub Irlandais\" src=\"http:\/\/vpmedias.fr\/wp-content\/uploads\/2012\/03\/St-patrick-day.png\" alt=\"\" width=\"488\" height=\"304\" srcset=\"https:\/\/vpmedias.fr\/wp-content\/uploads\/2012\/03\/St-patrick-day.png 610w, https:\/\/vpmedias.fr\/wp-content\/uploads\/2012\/03\/St-patrick-day-150x93.png 150w, https:\/\/vpmedias.fr\/wp-content\/uploads\/2012\/03\/St-patrick-day-300x186.png 300w, https:\/\/vpmedias.fr\/wp-content\/uploads\/2012\/03\/St-patrick-day-550x342.png 550w\" sizes=\"auto, (max-width: 488px) 100vw, 488px\" \/><\/a><\/p>\n<p>&nbsp;<\/p>\n<p>&nbsp;<\/p>\n<p style=\"text-align: left;\">Bananus (autrement appel\u00e9 Roberto, allez savoir pourquoi{{1}} &#8230;) a lui aussi fait la f\u00eate. Mais tout seul, et devant son ordinateur.<\/p>\n<p>[[1]]Peut-\u00eatre parce que cette BD a \u00e9t\u00e9 faite avant de faire cet article, et que l&rsquo;auteur n&rsquo;avait pas pr\u00e9vu que le Roberto en question soit Bananus &#8230;[[1]]<\/p>\n<p>&nbsp;<\/p>\n<p><a href=\"http:\/\/vpmedias.fr\/?attachment_id=11311\" rel=\"attachment wp-att-11311\"><img loading=\"lazy\" decoding=\"async\" class=\"wp-image-11311\" title=\"St Patrick chez Bananus ...\" src=\"http:\/\/vpmedias.fr\/wp-content\/uploads\/2012\/03\/St-patrick.png\" alt=\"\" width=\"534\" height=\"1297\" srcset=\"https:\/\/vpmedias.fr\/wp-content\/uploads\/2012\/03\/St-patrick-123x300.png 123w, https:\/\/vpmedias.fr\/wp-content\/uploads\/2012\/03\/St-patrick-432x1050.png 432w\" sizes=\"auto, (max-width: 534px) 100vw, 534px\" \/><\/a><\/p>\n<p>&nbsp;<\/p>\n<p style=\"text-align: left;\">Du c\u00f4t\u00e9 de Chlochlo, ce f\u00fbt \u00e9galement une soir\u00e9e &#8230; inoubliable.<\/p>\n<p>&nbsp;<\/p>\n<p><a href=\"http:\/\/vpmedias.fr\/?attachment_id=11314\" rel=\"attachment wp-att-11314\"><img loading=\"lazy\" decoding=\"async\" class=\"alignnone  wp-image-11314\" title=\"Et ce apr\u00e8s seulement 1 panach\u00e9 ...\" src=\"http:\/\/vpmedias.fr\/wp-content\/uploads\/2012\/03\/CELUI-LA.png\" alt=\"\" width=\"549\" height=\"342\" srcset=\"https:\/\/vpmedias.fr\/wp-content\/uploads\/2012\/03\/CELUI-LA.png 610w, https:\/\/vpmedias.fr\/wp-content\/uploads\/2012\/03\/CELUI-LA-150x93.png 150w, https:\/\/vpmedias.fr\/wp-content\/uploads\/2012\/03\/CELUI-LA-300x186.png 300w, https:\/\/vpmedias.fr\/wp-content\/uploads\/2012\/03\/CELUI-LA-550x342.png 550w\" sizes=\"auto, (max-width: 549px) 100vw, 549px\" \/><\/a><\/p>\n<p style=\"text-align: left;\">Et enfin, terminons avec la soir\u00e9e toute aussi amusante de Whynot &#8230;<\/p>\n<p style=\"text-align: left;\"><a style=\"text-align: center;\" href=\"http:\/\/vpmedias.fr\/?attachment_id=11320\" rel=\"attachment wp-att-11320\"><img loading=\"lazy\" decoding=\"async\" class=\"size-full wp-image-11320 alignleft\" title=\"Roooooonfl ...\" src=\"http:\/\/vpmedias.fr\/wp-content\/uploads\/2012\/03\/dernier.png\" alt=\"\" width=\"610\" height=\"380\" srcset=\"https:\/\/vpmedias.fr\/wp-content\/uploads\/2012\/03\/dernier.png 610w, https:\/\/vpmedias.fr\/wp-content\/uploads\/2012\/03\/dernier-150x93.png 150w, https:\/\/vpmedias.fr\/wp-content\/uploads\/2012\/03\/dernier-300x186.png 300w, https:\/\/vpmedias.fr\/wp-content\/uploads\/2012\/03\/dernier-550x342.png 550w\" sizes=\"auto, (max-width: 610px) 100vw, 610px\" \/><\/a><\/p>\n<p style=\"text-align: left;\">&#8230; visiblement trop \u00e9puis\u00e9 par son boulot de mod\u00e9rateur !<\/p>\n<p style=\"text-align: left;\"><strong>C&rsquo;\u00e9tait votre \u00ab\u00a0Dimanche Evasion\u00a0\u00bb, \u00e0 tr\u00e8s bient\u00f4t pour de nouveaux articles sur VPM\u00e9dias !<\/strong><\/p>\n<p style=\"text-align: left;\"><strong style=\"color: #0000ff; font-size: xx-large;\">Mmmhh VPM\u00e9dias &#8211; C&rsquo;est bien parce que c&rsquo;est bon !<\/strong><\/p>\n","protected":false},"excerpt":{"rendered":"<p>La Saint Patrick&rsquo;s, une f\u00eate qui touche tous nos VPMiens &#8230; <\/p>\n","protected":false},"author":48,"featured_media":0,"comment_status":"open","ping_status":"open","sticky":false,"template":"","format":"standard","meta":{"site-container-style":"default","site-container-layout":"default","site-sidebar-layout":"default","disable-article-header":"default","disable-site-header":"default","disable-site-footer":"default","disable-content-area-spacing":"default","footnotes":""},"categories":[4],"tags":[11,328],"class_list":["post-11310","post","type-post","status-publish","format-standard","hentry","category-2-vpmc","tag-dimanche-evasion","tag-edition-du-week-end"],"_links":{"self":[{"href":"https:\/\/vpmedias.fr\/index.php?rest_route=\/wp\/v2\/posts\/11310","targetHints":{"allow":["GET"]}}],"collection":[{"href":"https:\/\/vpmedias.fr\/index.php?rest_route=\/wp\/v2\/posts"}],"about":[{"href":"https:\/\/vpmedias.fr\/index.php?rest_route=\/wp\/v2\/types\/post"}],"author":[{"embeddable":true,"href":"https:\/\/vpmedias.fr\/index.php?rest_route=\/wp\/v2\/users\/48"}],"replies":[{"embeddable":true,"href":"https:\/\/vpmedias.fr\/index.php?rest_route=%2Fwp%2Fv2%2Fcomments&post=11310"}],"version-history":[{"count":0,"href":"https:\/\/vpmedias.fr\/index.php?rest_route=\/wp\/v2\/posts\/11310\/revisions"}],"wp:attachment":[{"href":"https:\/\/vpmedias.fr\/index.php?rest_route=%2Fwp%2Fv2%2Fmedia&parent=11310"}],"wp:term":[{"taxonomy":"category","embeddable":true,"href":"https:\/\/vpmedias.fr\/index.php?rest_route=%2Fwp%2Fv2%2Fcategories&post=11310"},{"taxonomy":"post_tag","embeddable":true,"href":"https:\/\/vpmedias.fr\/index.php?rest_route=%2Fwp%2Fv2%2Ftags&post=11310"}],"curies":[{"name":"wp","href":"https:\/\/api.w.org\/{rel}","templated":true}]}}