{"id":11345,"date":"2012-03-27T18:53:41","date_gmt":"2012-03-27T16:53:41","guid":{"rendered":"http:\/\/vpmedias.fr\/?p=11345"},"modified":"2012-03-28T23:29:42","modified_gmt":"2012-03-28T21:29:42","slug":"la-chronique-de-monty-2-vpminfo-le-media-bipolaire","status":"publish","type":"post","link":"https:\/\/vpmedias.fr\/?p=11345","title":{"rendered":"La chronique de Monty #2 \u2013 VPM Infos, le m\u00e9dia bip\u00f4laire"},"content":{"rendered":"<p style=\"text-align: justify;\">Deux mois apr\u00e8s la parution de la premi\u00e8re chronique, en voici enfin le second opus. Mais bon, c&rsquo;est pas faute de vous avoir pr\u00e9venu, je vous avais dis que je ne me forcerai pas \u00e0 \u00e9crire de mani\u00e8re r\u00e9guli\u00e8re pour faire \u00ab\u00a0du contenu\u00a0\u00bb, mais juste \u00e0 ma guise (rien avoir avec l&rsquo;assurance, je vous rassure), selon mon humeur mais aussi mes int\u00e9r\u00eats. Comme vous avez pu le voir, je n&rsquo;ai pas ch\u00f4m\u00e9 car j&rsquo;ai fait un tout nouveau logo pour ma chronique. Il est pas beau ? Enfin bref, je m&rsquo;\u00e9gare&#8230;<\/p>\n<p style=\"text-align: justify;\">Aujourd&rsquo;hui, j&rsquo;ai d\u00e9cid\u00e9 de consacrer ma chronique&rsquo; \u00e0 l&rsquo;arriv\u00e9e d&rsquo;un nouveau m\u00e9dia sur VPM qui n&rsquo;est nul autre que VPM Infos. Ce m\u00e9dia, je vous avoue a attir\u00e9 mon regard plus qu&rsquo;un autre, non pas \u00e0 cause des multiples sujets qui ont fleuri lors de son lancement, mais bien parce qu&rsquo;il avait quelque chose qui me plaisait. Et ce quelque chose, tous ceux qui me connaissent un petit peu le savent, c&rsquo;est la radio ! <em>Ah&#8230; La radio, mon grand amour !<\/em> Bien que je n&rsquo;aie pas le temps de m&rsquo;y consacrer autant que je le veuille, j&rsquo;adore l&rsquo;\u00e9couter. C&rsquo;est donc ce petit d\u00e9tail qui m&rsquo;a pouss\u00e9 \u00e0 \u00e9couter les nouvelles ondes VPMiennes que Mastom nous offrait. Et celui-ci \u00e0 bien fait son coup en ouvrant le bal avec sa premi\u00e8re \u00ab\u00a0grosse\u00a0\u00bb interview opposant Krustyfrancky \u00e0 Raito, ce qui bouclait enfin une bonne fois pour toute l&rsquo;affaire de son d\u00e9but de mandat, mais bon, je ne vais pas partir dans cette direction, sinon l&rsquo;article risque d&rsquo;\u00eatre trop long (moi qui voulait faire court).<\/p>\n<p style=\"text-align: justify;\">Le lancement \u00e9tait donc r\u00e9ussi, enfin, semblait-il. Mais \u00e0 quel prix ? VPM Infos c&rsquo;est tout d&rsquo;abord 7 topics ref\u00e9renc\u00e9s sur le forum depuis le retour de Mastom sur le jeu, et ce pourquoi ? Dans le simple but d&rsquo;exister et de se faire une place face au g\u00e9ant m\u00e9diatique d\u00e9j\u00e0 pr\u00e9sent : VPM\u00e9dias. Ce dernier avait d\u00e9j\u00e0 adopt\u00e9 VPMradio fond\u00e9 par Fuji il y a tout juste un an. Dur dur de ce faire une place \u00e0 c\u00f4t\u00e9 de lui donc. C&rsquo;est pour cela que Mastom d\u00e9cide de faire une promo&rsquo; tape \u00e0 l&rsquo;\u0153il, ce qui d&rsquo;ailleurs, ne laissera pas indiff\u00e9rent le staff de VPM\u00e9dias. Bananus est d&rsquo;ailleurs favorable \u00e0 l&rsquo;id\u00e9e d&rsquo;\u00e9viter une sorte de concurrence entre les deux radios. On peut aujourd&rsquo;hui retrouver les interviews de VPM Infos dans la cat\u00e9gorie VPMradio. Mastom voit cette entente, je cite, <em>\u00ab\u00a0comme un partenariat\u00a0\u00bb<\/em>. Reste \u00e0 voir si le m\u00e9dia restera int\u00e9ressant \u00e0 exploiter pour VPM\u00e9dias, ou encore, si des projets communs vont na\u00eetre entre les 2 joueurs les plus radiophonique du moment : Fujifene et Mastom.<\/p>\n<p style=\"text-align: justify;\">En tout cas, bien que certaines zones d&rsquo;ombres ne soient pas encore tr\u00e8s claires, je tiens \u00e0 f\u00e9liciter l&rsquo;initiative de Mastom pour avoir cr\u00e9\u00e9 ce projet, bien qu&rsquo;\u00e0 la base il soit sur le terrain d\u00e9j\u00e0 occup\u00e9 par VPMradio. Il contribue \u00e0 l&rsquo;animation et l&rsquo;information VPMienne, et je soutiens \u00e0 100% toute initiative qui m\u00e8ne \u00e0 cela. Il a d&rsquo;ailleurs su convaincre certains joueurs de le rejoindre, ce qui (je l&rsquo;esp\u00e8re), m\u00e8nera \u00e0 la parution d&rsquo;article \u00e0 une fr\u00e9quence assez soutenue, bien que pour l&rsquo;instant, au moment o\u00f9 je vous \u00e9cris, l&rsquo;on ne puisse retrouver qu&rsquo;une seule interview sur le portail.<\/p>\n<p style=\"text-align: justify;\">J&rsquo;esp\u00e8re vous avoir quelque peu int\u00e9ress\u00e9 \u00e0 l&rsquo;arriv\u00e9e de cette nouvelle radio. Pour suivre l&rsquo;actualit\u00e9 de ce m\u00e9dia, je vous laisse guetter sur le forum les topics sign\u00e9s Mastom ou VPM Infos. Son dernier projet, l&rsquo;organisation de la c\u00e9r\u00e9monie des VPM Oscars : \u00c0 suivre. Pour ma part, j&rsquo;esp\u00e8re vous retrouver soit dans ma prochaine chronique, ou alors dans l&rsquo;\u00e9mission humoristique de VPM\u00e9dias : On n&rsquo;Demande qu&rsquo;\u00e0 en Rire.<\/p>\n","protected":false},"excerpt":{"rendered":"<p>Les coups de gueule et de c\u0153ur, selon l&rsquo;humeur de Monty.<\/p>\n","protected":false},"author":23,"featured_media":0,"comment_status":"open","ping_status":"open","sticky":false,"template":"","format":"standard","meta":{"site-container-style":"default","site-container-layout":"default","site-sidebar-layout":"default","disable-article-header":"default","disable-site-header":"default","disable-site-footer":"default","disable-content-area-spacing":"default","footnotes":""},"categories":[312,4],"tags":[24,26],"class_list":["post-11345","post","type-post","status-publish","format-standard","hentry","category-g-a-la-une","category-2-vpmc","tag-medias","tag-vpmedias"],"_links":{"self":[{"href":"https:\/\/vpmedias.fr\/index.php?rest_route=\/wp\/v2\/posts\/11345","targetHints":{"allow":["GET"]}}],"collection":[{"href":"https:\/\/vpmedias.fr\/index.php?rest_route=\/wp\/v2\/posts"}],"about":[{"href":"https:\/\/vpmedias.fr\/index.php?rest_route=\/wp\/v2\/types\/post"}],"author":[{"embeddable":true,"href":"https:\/\/vpmedias.fr\/index.php?rest_route=\/wp\/v2\/users\/23"}],"replies":[{"embeddable":true,"href":"https:\/\/vpmedias.fr\/index.php?rest_route=%2Fwp%2Fv2%2Fcomments&post=11345"}],"version-history":[{"count":0,"href":"https:\/\/vpmedias.fr\/index.php?rest_route=\/wp\/v2\/posts\/11345\/revisions"}],"wp:attachment":[{"href":"https:\/\/vpmedias.fr\/index.php?rest_route=%2Fwp%2Fv2%2Fmedia&parent=11345"}],"wp:term":[{"taxonomy":"category","embeddable":true,"href":"https:\/\/vpmedias.fr\/index.php?rest_route=%2Fwp%2Fv2%2Fcategories&post=11345"},{"taxonomy":"post_tag","embeddable":true,"href":"https:\/\/vpmedias.fr\/index.php?rest_route=%2Fwp%2Fv2%2Ftags&post=11345"}],"curies":[{"name":"wp","href":"https:\/\/api.w.org\/{rel}","templated":true}]}}