{"id":11440,"date":"2012-03-21T21:25:34","date_gmt":"2012-03-21T19:25:34","guid":{"rendered":"http:\/\/vpmedias.fr\/?p=11440"},"modified":"2012-03-21T21:26:29","modified_gmt":"2012-03-21T19:26:29","slug":"nous-sommes-deja-17","status":"publish","type":"post","link":"https:\/\/vpmedias.fr\/?p=11440","title":{"rendered":"Nous sommes d\u00e9j\u00e0 17 !"},"content":{"rendered":"<p style=\"text-align: justify;\">En un peu moins de 48 heures, nous sommes d\u00e9j\u00e0 17 VPMiens \u00e0 avoir r\u00e9pondu pr\u00e9sents pour l&rsquo;animation \u00ab\u00a0Une communaut\u00e9 ? Prouvez le !\u00a0\u00bb.<\/p>\n<p style=\"text-align: justify;\"><strong>Voici pour l&rsquo;instant la liste des participants<\/strong> : Bobmorane (?), Cscpn, Etcolo, Fionella, Firealex, Geostar, Korigan, Krustyfrancky, Nati, Nicolash, Prodyge, Sarkasme, Snowwhite, Stoat, Unbaindefou, Warnock &amp; Yadelavenir.<\/p>\n<p style=\"text-align: justify;\">Le but ? Faire le buzz et le cas \u00e9ch\u00e9ant, faire un \u00ab\u00a0truc\u00a0\u00bb ensemble !<\/p>\n<p style=\"text-align: justify;\"><strong>Mais c&rsquo;est quoi ce \u00ab\u00a0truc\u00a0\u00bb en fait ?<\/strong><\/p>\n<p style=\"text-align: justify;\">Voici une vid\u00e9o qui va tout vous expliquer :<\/p>\n<p><iframe loading=\"lazy\" src=\"http:\/\/www.youtube.com\/embed\/n6cWqnJBq8A\" frameborder=\"0\" width=\"560\" height=\"315\"><\/iframe><\/p>\n<p style=\"text-align: justify;\">En fait, c&rsquo;est faire exactement la m\u00eame chose mais en version VPMienne. Avouez que des membres d&rsquo;un m\u00eame site, venant des quatre coins de france, d&rsquo;outre-mer et de pays francophones, interpr\u00e9tant une chanson ensemble&#8230; Ce n&rsquo;est pas tr\u00e8s courant !<\/p>\n<p style=\"text-align: justify;\"><strong>\u00ab\u00a0Ouais, mais moi, je veux pas chanter !\u00a0\u00bb<\/strong><\/p>\n<p style=\"text-align: justify;\">La participation est tellement <strong>minimale<\/strong> que chanter devient un terme fort. Car je vous le rappelle, il vous est simplement demander de chanter une phrase soit <strong>1 \u00e0 2 secondes<\/strong> et non une chanson enti\u00e8re !<\/p>\n<p style=\"text-align: justify;\"><strong>Toute fa\u00e7on, j&rsquo;ai pas de micro.<\/strong><\/p>\n<p style=\"text-align: justify;\">Oui mais qui n&rsquo;a pas de portable ou d&rsquo;appareil photo num\u00e9rique faisant vid\u00e9o ? Il suffira juste de prendre en vid\u00e9o n&rsquo;importe quoi (une plante, un arbre, vos pieds ou m\u00eame votre ordinateur) et de chanter les 1 et 2 secondes et le tour est jou\u00e9 ! Ne vous en faites pas pour le reste, je m&rsquo;occuperai du montage. <strong>Votre participation : c&rsquo;est VOTRE VOIX durant 1 \u00e0 2 secondes.<\/strong> Bien s\u00fbr, pour ceux qui ont un micro de bonne qualit\u00e9, ils seront invit\u00e9s \u00e0 l&rsquo;utiliser. Vous serez pr\u00e9venu en temps et en lieu !<\/p>\n<p style=\"text-align: justify;\"><strong>Je ne veux pas chanter un truc pourri<\/strong><\/p>\n<p style=\"text-align: justify;\">Loin de l\u00e0 l&rsquo;id\u00e9e de chanter la macarena ou la danse des canards (d\u00e9sol\u00e9 dragalex). D\u00e9j\u00e0, <strong>le choix se fera entre les participants<\/strong>. On se fera un petit vote interne, entre nous, en fonction des propositions. Ce sera le choix de tous !<\/p>\n<p style=\"text-align: justify;\"><strong>Bon, ok, o\u00f9 je m&rsquo;inscris<\/strong><br \/>\nAh je savais bien que tu te d\u00e9ciderais \u00e0 \u00eatre tout mignon ! Et bien, tu as le choix. <strong>Soit tu laisses un commentaire ici ou bien s\u00fbr le topic que j&rsquo;ai cr\u00e9\u00e9 sur vpm <a href=\"http:\/\/www.votezpourmoi.com\/vpm_forum_msg.php?idsujet=17399&amp;id=1&amp;recherche=\">\u00e0 cette adresse<\/a><\/strong>.<\/p>\n<p style=\"text-align: justify;\"><strong>Et si l&rsquo;id\u00e9e me prenait d&rsquo;inviter mes topains de VPM?<\/strong><br \/>\nEt bien l&rsquo;id\u00e9e t&rsquo;aurait bien pris(e) ! N&rsquo;h\u00e9site surtout pas, tant que cela reste interne \u00e0 VPM ! D&rsquo;ailleurs, un petit avatar tout joli, tout meugnon est dispo ! N&rsquo;h\u00e9site pas \u00e0 le copier et \u00e0 le faire circuler pour te faire pleins de nouveaux topains !<\/p>\n<p><img decoding=\"async\" class=\"aligncenter\" src=\"http:\/\/www.votezpourmoi.com\/photos\/8092268.jpg\" alt=\"http:\/\/www.votezpourmoi.com\/photos\/8092268.jpg\" \/><\/p>\n<p style=\"text-align: justify;\"><strong>Faut qu&rsquo;on soit combien ?<\/strong><br \/>\nUn maximum pour que le projet puisse se faire ! 50 serait une bonne base, 75 l&rsquo;id\u00e9al !<\/p>\n","protected":false},"excerpt":{"rendered":"<p>Aidez VPM \u00e0 grandir en chanson !<\/p>\n","protected":false},"author":35,"featured_media":0,"comment_status":"open","ping_status":"open","sticky":false,"template":"","format":"standard","meta":{"site-container-style":"default","site-container-layout":"default","site-sidebar-layout":"default","disable-article-header":"default","disable-site-header":"default","disable-site-footer":"default","disable-content-area-spacing":"default","footnotes":""},"categories":[312,302],"tags":[365],"class_list":["post-11440","post","type-post","status-publish","format-standard","hentry","category-g-a-la-une","category-5-la-tribune-libre","tag-evenement"],"_links":{"self":[{"href":"https:\/\/vpmedias.fr\/index.php?rest_route=\/wp\/v2\/posts\/11440","targetHints":{"allow":["GET"]}}],"collection":[{"href":"https:\/\/vpmedias.fr\/index.php?rest_route=\/wp\/v2\/posts"}],"about":[{"href":"https:\/\/vpmedias.fr\/index.php?rest_route=\/wp\/v2\/types\/post"}],"author":[{"embeddable":true,"href":"https:\/\/vpmedias.fr\/index.php?rest_route=\/wp\/v2\/users\/35"}],"replies":[{"embeddable":true,"href":"https:\/\/vpmedias.fr\/index.php?rest_route=%2Fwp%2Fv2%2Fcomments&post=11440"}],"version-history":[{"count":0,"href":"https:\/\/vpmedias.fr\/index.php?rest_route=\/wp\/v2\/posts\/11440\/revisions"}],"wp:attachment":[{"href":"https:\/\/vpmedias.fr\/index.php?rest_route=%2Fwp%2Fv2%2Fmedia&parent=11440"}],"wp:term":[{"taxonomy":"category","embeddable":true,"href":"https:\/\/vpmedias.fr\/index.php?rest_route=%2Fwp%2Fv2%2Fcategories&post=11440"},{"taxonomy":"post_tag","embeddable":true,"href":"https:\/\/vpmedias.fr\/index.php?rest_route=%2Fwp%2Fv2%2Ftags&post=11440"}],"curies":[{"name":"wp","href":"https:\/\/api.w.org\/{rel}","templated":true}]}}