{"id":11523,"date":"2012-03-26T17:11:42","date_gmt":"2012-03-26T15:11:42","guid":{"rendered":"http:\/\/vpmedias.fr\/?p=11523"},"modified":"2012-03-26T17:21:35","modified_gmt":"2012-03-26T15:21:35","slug":"dimanche-evasion-reprise-a-plein-temps","status":"publish","type":"post","link":"https:\/\/vpmedias.fr\/?p=11523","title":{"rendered":"[Dimanche \u00e9vasion] Avidan &#038; The Mojos"},"content":{"rendered":"<p>Je me pr\u00e9sente : Yadelavenir, la nouvelle stagiaire de VPM\u00e9dias.<br \/>\nJe voulais vraiment reprendre la chronique \u00ab\u00a0Dimanche \u00e9vasion\u00a0\u00bb, laiss\u00e9e un peu \u00e0 l&rsquo;abandon, pour vous faire d\u00e9couvrir de nouveaux artistes, de nouvelles sonorit\u00e9s et vous ouvrir \u00e0 des styles surprenants et souvent m\u00e9connus.<\/p>\n<p>En ce beau dimanche ensoleill\u00e9, je tenais \u00e0 vous pr\u00e9senter le ph\u00e9nom\u00e8ne Asaf Avidan &amp; The Mojos et leur chanson Maybe You Are<a title=\"Maybe You Are d'Asaf Avidan &amp; The Mojos\" href=\"http:\/\/youtu.be\/X0pSyeAk-c8\">.<\/a><a href=\"http:\/\/vpmedias.fr\/?attachment_id=11527\" rel=\"attachment wp-att-11527\">Asaf <\/a><br \/>\nLa voix d&rsquo;Asaf, auteur-compositeur interpr\u00e8te isra\u00e9lien, ne peux pas nous laisser indiff\u00e9rent : soit on aime, soit c&rsquo;est le contraire, mais pas les deux ! On y trouve des sonorit\u00e9s mi-f\u00e9minines, mi-masculines, avec de purs accents jopliniens. La chanson Maybe You Are, tir\u00e9e de l&rsquo;album Reckoning sorti en 2008, est un m\u00e9lange de pop avec un soup\u00e7on de folk, saupoudr\u00e9 d&rsquo;une m\u00e9lodie entra\u00eenante. Je vous met aussi le lien vers la chanson <a title=\"Weak de Asaf Avidan &amp; The mojos\" href=\"http:\/\/youtu.be\/ZuyeZmxN88I\" target=\"_blank\">Weak<\/a>, qui est aussi superbe.<\/p>\n<p>Votre avis ?<br \/>\n<a href=\"http:\/\/vpmedias.fr\/?attachment_id=11527\" rel=\"attachment wp-att-11527\">Avidan &amp; The Mojos &#8211; Maybe you are<\/a><\/p>\n","protected":false},"excerpt":{"rendered":"<p>La chronique Dimanche \u00e9vasion est reprise \u00e0 plein temps, pour plus de musique et de po\u00e9sie dans VPM\u00e9dias. Yadelavenir nous emm\u00e8ne \u00e0 la d\u00e9couverte d&rsquo;Asaf Avidan &#038; The Mojos.<\/p>\n","protected":false},"author":69,"featured_media":0,"comment_status":"open","ping_status":"open","sticky":false,"template":"","format":"standard","meta":{"site-container-style":"default","site-container-layout":"default","site-sidebar-layout":"default","disable-article-header":"default","disable-site-header":"default","disable-site-footer":"default","disable-content-area-spacing":"default","footnotes":""},"categories":[4],"tags":[11,328],"class_list":["post-11523","post","type-post","status-publish","format-standard","hentry","category-2-vpmc","tag-dimanche-evasion","tag-edition-du-week-end"],"_links":{"self":[{"href":"https:\/\/vpmedias.fr\/index.php?rest_route=\/wp\/v2\/posts\/11523","targetHints":{"allow":["GET"]}}],"collection":[{"href":"https:\/\/vpmedias.fr\/index.php?rest_route=\/wp\/v2\/posts"}],"about":[{"href":"https:\/\/vpmedias.fr\/index.php?rest_route=\/wp\/v2\/types\/post"}],"author":[{"embeddable":true,"href":"https:\/\/vpmedias.fr\/index.php?rest_route=\/wp\/v2\/users\/69"}],"replies":[{"embeddable":true,"href":"https:\/\/vpmedias.fr\/index.php?rest_route=%2Fwp%2Fv2%2Fcomments&post=11523"}],"version-history":[{"count":0,"href":"https:\/\/vpmedias.fr\/index.php?rest_route=\/wp\/v2\/posts\/11523\/revisions"}],"wp:attachment":[{"href":"https:\/\/vpmedias.fr\/index.php?rest_route=%2Fwp%2Fv2%2Fmedia&parent=11523"}],"wp:term":[{"taxonomy":"category","embeddable":true,"href":"https:\/\/vpmedias.fr\/index.php?rest_route=%2Fwp%2Fv2%2Fcategories&post=11523"},{"taxonomy":"post_tag","embeddable":true,"href":"https:\/\/vpmedias.fr\/index.php?rest_route=%2Fwp%2Fv2%2Ftags&post=11523"}],"curies":[{"name":"wp","href":"https:\/\/api.w.org\/{rel}","templated":true}]}}