{"id":12016,"date":"2012-04-25T15:57:18","date_gmt":"2012-04-25T13:57:18","guid":{"rendered":"http:\/\/vpmedias.fr\/?p=12016"},"modified":"2012-04-26T00:03:08","modified_gmt":"2012-04-25T22:03:08","slug":"les-candidats-declares-se-dechainent","status":"publish","type":"post","link":"https:\/\/vpmedias.fr\/?p=12016","title":{"rendered":"Les candidats d\u00e9clar\u00e9s se d\u00e9cha\u00eenent"},"content":{"rendered":"<p style=\"text-align: justify\">Vous suivez les \u00e9lections pr\u00e9sidentielles avec attention.\u00a0 Mais savez-vous tous ce que font vos candidats ?<!--more--><\/p>\n<p style=\"text-align: justify\">Alors que la liste des candidats pour les pr\u00e9sidentielles de VPM s&rsquo;allonge et que les programmes tombent les uns apr\u00e8s les autres, analysons un peu les comportements de certains joueurs.<\/p>\n<p style=\"text-align: justify\">Commen\u00e7ons par la candidate des petits partis, du peuple, etc.. J&rsquo;ai nomm\u00e9 <strong>Chlochlos<\/strong>. Celle-ci, apr\u00e8s avoir d\u00e9pos\u00e9 son programme, accuse Lyonsuper d&rsquo;espionnage et de vol de programme. \u00a0Accusation fond\u00e9e, diffamation ? Peut \u00eatre juste une attaque de Chlochlos afin de faire chuter Lyonsuper et de lui piquer des voix. M\u00e9thode peu glorieuse en tout cas ! De plus, elle n&rsquo;h\u00e9site pas \u00e0 tirer sur tout ce qui bouge, \u00e0 taper sur tous les candidats, etc.. Chlochlos, qui\u00a0pr\u00f4nait\u00a0longtemps la d\u00e9mocratie, met en place une dictature. Et le mieux dans tout \u00e7a, c&rsquo;est qu&rsquo;elle me confie en MP qu&rsquo;elle ne rentrera pas dans ces guerres entres candidats..Enfin, elle serait pr\u00eate \u00e0 abandonner son projet de se pr\u00e9senter pour se reporter sur Arfenus ! Voulez-vous vraiment d&rsquo;un candidat qui ne va pas au bout de ses convictions ?<\/p>\n<p style=\"text-align: justify\">Ensuite, <strong>Janvier<\/strong> continue de coller \u00e0 sa r\u00e9putation ! En effet, il a \u00e9t\u00e9 surpris en flagrant d\u00e9lit d&rsquo;achat de soutiens en \u00e9change de cr\u00e9dits sur les march\u00e9s ! Quelle honte ! \u00a0Il n&rsquo;h\u00e9siterait pas \u00e0 vendre sa maison juste pour \u00eatre pr\u00e9sident de VPM et garder tout l&rsquo;argent pour lui. On a vu ce qu&rsquo;a fait le dernier pr\u00e9sident qui venait des Cat&rsquo;s Eyes..Voulez-vous vraiment d&rsquo;un candidat qui ne veut que l&rsquo;argent du gouvernement ?<\/p>\n<p style=\"text-align: justify\"><strong>Warnock<\/strong> a d\u00e9cid\u00e9 qu&rsquo;il ne taperait pas sur les candidats. Tous ? Non, car il compte bien \u00ab\u00a0jouer avec chlochlo\u00a0\u00bb le vilain ! C&rsquo;est gros et \u00e7a se permet de s&rsquo;attaquer au petit\u00a0gabarit\u00a0que doit \u00eatre Chlochlo, notre miss Bretagne ! Puis il ne se g\u00e8ne pas pour taper sur Janvier et Lyonsuper non plus. Mais.. Il tape sur tout le monde, en fait. Voulez-vous d&rsquo;un candidat qui ne fait pas ce qu&rsquo;il dit ?<\/p>\n<p style=\"text-align: justify\"><strong>Felenon<\/strong> n&rsquo;est pas candidate. Felenon est un homme.<\/p>\n<p style=\"text-align: justify\"><strong>Kevinjojo <\/strong>joue le politiquement correcte, en disant qu&rsquo;il respecte tous ses adversaires. Pas tr\u00e8s dr\u00f4le le jojo.<\/p>\n<p style=\"text-align: justify\"><strong>Lyonsuper \u00a0<\/strong>se refuse \u00e0 parler aux journalistes. Une mani\u00e8re d&rsquo;\u00e9viter le d\u00e9bat. Je ne pense pas que se soit une bonne strat\u00e9gie pour gagner des \u00e9lections.. Voulez-vous d&rsquo;un candidat qui n&rsquo;ose pas parler devant les m\u00e9dias ?<\/p>\n<p style=\"text-align: justify\">\u00a0Vous voyez, vos candidats ne sont pas forc\u00e9ment ce qu&rsquo;ils disent \u00eatre !<\/p>\n","protected":false},"excerpt":{"rendered":"<p>Vous suivez les \u00e9lections pr\u00e9sidentielles avec attention ?  Savez-vous tous ce que font vos candidats ?<\/p>\n","protected":false},"author":59,"featured_media":0,"comment_status":"open","ping_status":"open","sticky":false,"template":"","format":"standard","meta":{"site-container-style":"default","site-container-layout":"default","site-sidebar-layout":"default","disable-article-header":"default","disable-site-header":"default","disable-site-footer":"default","disable-content-area-spacing":"default","footnotes":""},"categories":[4],"tags":[421,39,14],"class_list":["post-12016","post","type-post","status-publish","format-standard","hentry","category-2-vpmc","tag-candidats","tag-humour","tag-presidentielles"],"_links":{"self":[{"href":"https:\/\/vpmedias.fr\/index.php?rest_route=\/wp\/v2\/posts\/12016","targetHints":{"allow":["GET"]}}],"collection":[{"href":"https:\/\/vpmedias.fr\/index.php?rest_route=\/wp\/v2\/posts"}],"about":[{"href":"https:\/\/vpmedias.fr\/index.php?rest_route=\/wp\/v2\/types\/post"}],"author":[{"embeddable":true,"href":"https:\/\/vpmedias.fr\/index.php?rest_route=\/wp\/v2\/users\/59"}],"replies":[{"embeddable":true,"href":"https:\/\/vpmedias.fr\/index.php?rest_route=%2Fwp%2Fv2%2Fcomments&post=12016"}],"version-history":[{"count":0,"href":"https:\/\/vpmedias.fr\/index.php?rest_route=\/wp\/v2\/posts\/12016\/revisions"}],"wp:attachment":[{"href":"https:\/\/vpmedias.fr\/index.php?rest_route=%2Fwp%2Fv2%2Fmedia&parent=12016"}],"wp:term":[{"taxonomy":"category","embeddable":true,"href":"https:\/\/vpmedias.fr\/index.php?rest_route=%2Fwp%2Fv2%2Fcategories&post=12016"},{"taxonomy":"post_tag","embeddable":true,"href":"https:\/\/vpmedias.fr\/index.php?rest_route=%2Fwp%2Fv2%2Ftags&post=12016"}],"curies":[{"name":"wp","href":"https:\/\/api.w.org\/{rel}","templated":true}]}}