{"id":12144,"date":"2012-04-29T15:00:59","date_gmt":"2012-04-29T13:00:59","guid":{"rendered":"http:\/\/vpmedias.fr\/?p=12144"},"modified":"2012-04-30T00:18:27","modified_gmt":"2012-04-29T22:18:27","slug":"analyse-critique-warnock-un-programme-fou-parfois-flou-et-un-peu-filou","status":"publish","type":"post","link":"https:\/\/vpmedias.fr\/?p=12144","title":{"rendered":"Analyse critique : Warnock, un programme fou, parfois flou et un peu filou"},"content":{"rendered":"<p style=\"text-align: justify;\">En guise de hors d\u2019\u0153uvre, un petit mot sur la forme. Vouloir publier son programme sur VPM\u00e9dias, c\u2019est une bonne id\u00e9e. Par contre, cela oblige \u00e0 un minimum d\u2019effort sur la syntaxe, l\u2019orthographe et la typographie\u00a0; effort manifestement absent ici. C\u2019est dommage, surtout que des joueurs semblaient pr\u00eats \u00e0 faire cet effort \u00e0 la place de Warnock. Et c\u2019est d\u2019autant plus dommageable que parfois cela nuit \u00e0 la compr\u00e9hension des id\u00e9es.<\/p>\n<p style=\"text-align: justify;\"><!--more--><\/p>\n<p style=\"text-align: justify;\"><strong>Enfin un joueur qui s\u2019int\u00e9resse aux campagnes.<br \/>\n<\/strong><\/p>\n<p style=\"text-align: justify;\">Au programme, pas mal de d\u00e9fis de campagne ou d\u2019animations organis\u00e9es autour du<strong> jeu<\/strong>. Dans le d\u00e9tail : un tour de France VPM semblant assez bien pens\u00e9, avec plusieurs lots diff\u00e9rents et plusieurs classements. Sans doute difficile \u00e0 organiser, mais \u00e7a promet quelques belles bagarres. L\u2019id\u00e9e devra toutefois \u00eatre revue avec les modifications propos\u00e9es par Bananus. Warnock nous propose \u00e9galement d\u2019essayer de d\u00e9loger un maire \u00ab\u00a0install\u00e9\u00a0\u00bb, id\u00e9e plus qu\u2019int\u00e9ressante vu le challenge n\u00e9cessaire. Ceci dit, y a-t-il des maires pr\u00eats \u00e0 participer\u00a0? Il serait dommage de mener cette animation contre eux, cela pourrait ressembler \u00e0 une agression, en quelque sorte. Dernier d\u00e9fi, mener une campagne la plus \u00e9conomique possible tout en obtenant le meilleur score. L\u2019id\u00e9e est int\u00e9ressante et originale, mais comment v\u00e9rifier le cumul des d\u00e9penses de chacun\u00a0? Derni\u00e8re id\u00e9e, la nouvelle ville, ou plut\u00f4t les nouvelles villes : int\u00e9ressant, mais pour ainsi dire d\u00e9j\u00e0 enterr\u00e9 car le Pr\u00e9sident ne peut cr\u00e9er qu\u2019une ville, pas deux.<\/p>\n<p style=\"text-align: justify;\">Bref, une partie animation de campagne int\u00e9ressante, originale, et bien \u00e9toff\u00e9e. Il reste certes quelques impr\u00e9cisions, quelques petites choses \u00e0 modifier, mais la campagne et le mandat sont faits pour \u00e7a.<\/p>\n<p style=\"text-align: justify;\"><strong>La pr\u00e9sidence, l\u2019assembl\u00e9e, le conseil des sages: un vrai mille-feuille.<\/strong><\/p>\n<p style=\"text-align: justify;\">Warnock nous propose ici la cr\u00e9ation, d\u2019une constitution ainsi que d\u2019une assembl\u00e9e qui pourrait virer des ministres, virer le pr\u00e9sident, bloquer un versement ou en accorder un. Bon, ici c\u2019est clair\u00a0: on dit aux \u00e9lecteurs ce qu\u2019ils veulent entendre, c\u2019est d\u2019ailleurs pr\u00e9cis\u00e9 <em>cash<\/em> en introduction. Au-del\u00e0 de l\u2019int\u00e9r\u00eat plus que discutable d\u2019une telle assembl\u00e9e, on peut se poser des questions sur les pouvoirs qui lui sont conf\u00e9r\u00e9s\u00a0: comment concr\u00e8tement \u00ab\u00a0bloquer\u00a0\u00bb un versement\u00a0? Si un des ministres d\u00e9cide de faire un versement, lui envoyer 24 MPs de membres de l\u2019assembl\u00e9e disant \u00ab<em>\u00a0Non je ne suis pas d\u2019accord\/oui je suis d\u2019accord<\/em>\u00a0\u00bb ne changera rien\u00a0: il pourra toujours le faire. Par ailleurs, Bananus ayant l\u2019air de vouloir une pr\u00e9sidence \u00ab\u00a0acc\u00e9l\u00e9r\u00e9e\u00a0\u00bb \u00e0 coup de versements tous les 4 jours, il ne va pas falloir palabrer trop longtemps pour faire ces versements, sous peine de les perdre.<\/p>\n<p style=\"text-align: justify;\">Par ailleurs, le pr\u00e9sident pourrait \u00eatre destitu\u00e9. Grande id\u00e9e\u00a0: imaginons que le pr\u00e9sident soit destitu\u00e9 au bout de deux semaines, il se passe quoi durant trois mois et demi ? On attend\u00a0?<\/p>\n<p style=\"text-align: justify;\">Enfin, dernier ingr\u00e9dient de tout ceci, le conseil des sages\u2026 auquel je n\u2019ai rien compris. A quand un parlement europ\u00e9en, un conseil d\u2019\u00e9tat et une haute cour de la r\u00e9publique sur VPM\u00a0?<\/p>\n<p style=\"text-align: justify;\"><strong>Un peu de folklore, \u00e7a ne fait pas de mal.<\/strong><\/p>\n<p style=\"text-align: justify;\">Nous avons \u00e9galement droit \u00e0 quelques animations un peu folkloriques et fofolles. L\u2019histoire de la<em> gogo danseuse du Pr\u00e9sident<\/em> semble \u00eatre une sorte d\u2019enqu\u00eate\u2026 mais, encore une fois, \u00e7a n\u2019est pas tr\u00e8s clair, faute d\u2019expression \u00e9crite claire. Le proc\u00e8s du Pr\u00e9sident, h\u00e9ritier direct des joutes verbales de Kerlin (tiens donc\u2026), permettra \u00e0 nos t\u00e9nors VPMiens de s\u2019affronter par \u00e9crit. La premi\u00e8re \u00e9dition des joutes verbales connait un beau succ\u00e8s malgr\u00e9 un rythme un peu saccad\u00e9, les renouveler sous cette forme est une bonne id\u00e9e. La cour de justice de la f\u00e9l\u00e9e promet quelques moments savoureux, sutout quand on connait les relations entre Warnock et F\u00e9n\u00e9lon, qui n\u2019ont pas toujours \u00e9t\u00e9 cordiales. Derni\u00e8re animation dont je parlerai (car mine de rien, il y en a beaucoup, et c\u2019est d\u00e9taill\u00e9, c\u2019est pas un mal\u2026), c\u2019est le concours d\u2019orthographe, destin\u00e9 \u00e0 am\u00e9liorer l\u2019orthographe sur les forums. Un mot\u00a0: <em>Lol<\/em>\u2026 (cf mes propos introductifs sur la forme du programme).<\/p>\n<p style=\"text-align: justify;\"><strong>Les partis\u00a0: on pense \u00e0 eux\u2026 mais est-ce dans le bon sens\u00a0?<\/strong><\/p>\n<p style=\"text-align: justify;\">Une partie du programme est sp\u00e9cifiquement d\u00e9di\u00e9e aux partis, \u00e0 travers 3 id\u00e9es phares. La premi\u00e8re d\u2019entre elle\u00a0: la banque VPMienne, qui accorderait des notes sur la sant\u00e9 financi\u00e8re de chaque parti. Quel int\u00e9r\u00eat\u00a0? Et surtout, quel tr\u00e9sorier laissera filtrer des infos sur la caisse, les salaires, les FO per\u00e7us par son parti\u00a0? Cette id\u00e9e, comme celle de l\u2019assembl\u00e9e, semble \u00eatre l\u00e0 pour dire aux gens ce qu\u2019ils veulent entendre\u00a0: Chlochlo parle du mot <em>banque<\/em>, on la suit et on place <em>banque<\/em> dans les programmes (note pour Chlochlo\u00a0: peux-tu placer le mot<em> Girafe<\/em> dans ton programme, pour voir comment d\u2019autres candidats vont le recaser\u00a0?). Autre id\u00e9e, celle des transferts. La mise en place d\u2019un mercato, selon des r\u00e8gles bien d\u00e9finies, en concertation avec Bananus pourrait \u00eatre int\u00e9ressante\u2026 mais \u00e7a n\u2019est pas l\u2019objet de la pr\u00e9sidentielle. Au lieu de \u00e7a, on se retrouve avec une id\u00e9e aux contours flous, sans r\u00e9elle \u00ab\u00a0port\u00e9e pr\u00e9sidentielle\u00a0\u00bb\u00a0: \u00e0 part dire \u00ab\u00a0<em>c\u2019est le d\u00e9but\/c\u2019est la fin du mercato<\/em>\u00a0\u00bb, quel sera le r\u00f4le du pr\u00e9sident\u00a0? En plus, pourquoi vouloir m\u00ealer le pr\u00e9sident aux recrutements alors que \u00e7a se passe tr\u00e8s bien sans que le gouvernement vienne y mettre son nez\u00a0? Cela me fait un peu penser \u00e0 Chlochlo qui veut interdire la corruption.<\/p>\n<p style=\"text-align: justify;\">Au final\u00a0: un programme tr\u00e8s fourni et tr\u00e8s int\u00e9ressant pour la partie campagne et animation, mais dans lequel s\u2019engouffre un peu de d\u00e9magogie (banque, assembl\u00e9e). Beaucoup d\u2019imagination de \u00ab\u00a0filouterie\u00a0\u00bb, qui peuvent promettre des animations chiad\u00e9es et inattendues. Du coup, peut-\u00eatre que je voterai pour toi\u2026<\/p>\n<p style=\"text-align: justify;\">[auteur]<\/p>\n","protected":false},"excerpt":{"rendered":"<p>Au tour de Warnock de passer entre mes griffes. Mais l\u00e0, ce que j\u2019ai lu m\u2019a plu un peu plus que les fois pr\u00e9c\u00e9dentes.<\/p>\n","protected":false},"author":52,"featured_media":0,"comment_status":"open","ping_status":"open","sticky":false,"template":"","format":"standard","meta":{"site-container-style":"default","site-container-layout":"default","site-sidebar-layout":"default","disable-article-header":"default","disable-site-header":"default","disable-site-footer":"default","disable-content-area-spacing":"default","footnotes":""},"categories":[4],"tags":[418,413],"class_list":["post-12144","post","type-post","status-publish","format-standard","hentry","category-2-vpmc","tag-presidentielle","tag-programme"],"_links":{"self":[{"href":"https:\/\/vpmedias.fr\/index.php?rest_route=\/wp\/v2\/posts\/12144","targetHints":{"allow":["GET"]}}],"collection":[{"href":"https:\/\/vpmedias.fr\/index.php?rest_route=\/wp\/v2\/posts"}],"about":[{"href":"https:\/\/vpmedias.fr\/index.php?rest_route=\/wp\/v2\/types\/post"}],"author":[{"embeddable":true,"href":"https:\/\/vpmedias.fr\/index.php?rest_route=\/wp\/v2\/users\/52"}],"replies":[{"embeddable":true,"href":"https:\/\/vpmedias.fr\/index.php?rest_route=%2Fwp%2Fv2%2Fcomments&post=12144"}],"version-history":[{"count":0,"href":"https:\/\/vpmedias.fr\/index.php?rest_route=\/wp\/v2\/posts\/12144\/revisions"}],"wp:attachment":[{"href":"https:\/\/vpmedias.fr\/index.php?rest_route=%2Fwp%2Fv2%2Fmedia&parent=12144"}],"wp:term":[{"taxonomy":"category","embeddable":true,"href":"https:\/\/vpmedias.fr\/index.php?rest_route=%2Fwp%2Fv2%2Fcategories&post=12144"},{"taxonomy":"post_tag","embeddable":true,"href":"https:\/\/vpmedias.fr\/index.php?rest_route=%2Fwp%2Fv2%2Ftags&post=12144"}],"curies":[{"name":"wp","href":"https:\/\/api.w.org\/{rel}","templated":true}]}}