{"id":122,"date":"2008-09-29T12:30:00","date_gmt":"2008-09-29T11:30:00","guid":{"rendered":"http:\/\/vpmedias.e3b.org\/?p=122"},"modified":"2008-09-29T12:30:00","modified_gmt":"2008-09-29T11:30:00","slug":"paul-mick-episode-3-2","status":"publish","type":"post","link":"https:\/\/vpmedias.fr\/?p=122","title":{"rendered":"Paul &#038; Mick &#8211; Episode 3"},"content":{"rendered":"<p><span style=\"font-weight: bold;\">Auteur :<\/span> Ouicmoi<br \/>\n<span style=\"font-weight: bold;\">Date :<\/span> 28\/09\/08 | 11h 45<\/p>\n<div style=\"text-align: justify;\"><strong>On accuse !<\/strong><\/p>\n<p>O\u00f9 est-il?<br \/>\nO\u00f9 sont pass\u00e9s ses messages?<br \/>\nIl manque quelqu&rsquo;un sur le forum.<br \/>\nQuelqu&rsquo;un qui a \u00e9t\u00e9 accus\u00e9, sans proc\u00e8s!<br \/>\nRitzle, aujourd&rsquo;hui, est toujours blacklist\u00e9.<\/p>\n<p>Pour combien de temps encore? Et pourquoi?<br \/>\nSi certaines personnes peuvent r\u00e9pondre \u00e0\u00a0 la premi\u00e8re question, personne n&rsquo;est capable de r\u00e9pondre \u00e0\u00a0 la deuxi\u00e8me, tout simplement car il n&rsquo;y a pas de r\u00e9ponse, seulement des mensonges et un soup\u00e7on d&rsquo;hypocrisie.<br \/>\n<!--more--><br \/>\nO\u00f9 sont les preuves? O\u00f9 sont les faits?<br \/>\nRien, juste un article, que quiconque, avec un peu de jugeote et de flair, aurait pu \u00e9crire.<br \/>\nMalheureusement pour lui, Ritzle a choisit d&rsquo;\u00e9crire sur M&amp;G.<br \/>\nGrave erreur, il y a des partis auxquels il ne faut pas toucher.<\/p>\n<p>La sanction est imm\u00e9diate, violente et injustifi\u00e9e!<\/p>\n<p><span style=\"font-style:italic;\">\u00ab\u00a0De Administration VPM le 22\/09 \u00e0\u00a0 10:32 Message personnel \u00e0\u00a0 ritzle : la joueuse mariem se plaint que vous ayez d\u00e9voil\u00e9 des informations dans VPM news, que seul quelqu&rsquo;un qui aurait lu sa messagerie priv\u00e9e pourrait savoir. Nous allons proc\u00e9der a une enquete, c&rsquo;est votre bannissement d\u00e9finitif qui est en jeu\u00a0\u00bb <\/span><\/p>\n<p>\u00ab\u00a0Nous allons proc\u00e9der \u00e0\u00a0 une enquete\u00a0\u00bb O\u00f9 est-elle, cette fameuse enqu\u00eate? O\u00f9 sont donc pass\u00e9es les r\u00e9v\u00e9lations chocs, le scoop qui prouve la culpabilit\u00e9 de Ritzle?<\/p>\n<p>Tout au juste avons nous droit \u00e0\u00a0 une parodie de proc\u00e8s. Tous sont l\u00e0\u00a0 au rendez vous : juges v\u00e9reux, t\u00e9moins corrompus, avocat absent, preuves falsifi\u00e9es, et j&rsquo;en passe.<\/p>\n<p>On a banni Garincha, c&rsquo;est au tour de Ritzle, qui sera le prochain?Didine, parce qu&rsquo;elle a \u00e9crit un horoscope qui ne Lui plaisait pas?VPM&rsquo;s Radio\/Kronik, car le portait qu&rsquo;on y a fait de Lui n&rsquo;est pas assez \u00e9logieux?Moi, parce que j&rsquo;\u00e9cris cet article?<\/p>\n<p>Je vais donc finir cet article avec une seule phrase, qui r\u00e9sume ma pens\u00e9e :<br \/>\n\u00ab\u00a0Tout inculp\u00e9 a le droit d&rsquo;\u00eatre pr\u00e9sum\u00e9 innocent tant qu&rsquo;il n&rsquo;est pas d\u00e9clar\u00e9 coupable\u00a0\u00bb<\/p><\/div>\n<div style=\"text-align: right;\"><span style=\"margin-right: 50px;\">Ouicmoi<\/span><\/div>\n","protected":false},"excerpt":{"rendered":"<p>Auteur : Ouicmoi Date : 28\/09\/08 | 11h 45 On accuse ! O\u00f9 est-il? O\u00f9 sont pass\u00e9s ses messages? Il manque quelqu&rsquo;un sur le forum. Quelqu&rsquo;un qui a \u00e9t\u00e9 accus\u00e9, sans proc\u00e8s! Ritzle, aujourd&rsquo;hui, est toujours blacklist\u00e9. Pour combien de temps encore? Et pourquoi? Si certaines personnes peuvent r\u00e9pondre \u00e0\u00a0 la premi\u00e8re question, personne n&rsquo;est [&hellip;]<\/p>\n","protected":false},"author":32,"featured_media":0,"comment_status":"open","ping_status":"open","sticky":false,"template":"","format":"standard","meta":{"site-container-style":"default","site-container-layout":"default","site-sidebar-layout":"default","disable-article-header":"default","disable-site-header":"default","disable-site-footer":"default","disable-content-area-spacing":"default","footnotes":""},"categories":[302],"tags":[],"class_list":["post-122","post","type-post","status-publish","format-standard","hentry","category-5-la-tribune-libre"],"_links":{"self":[{"href":"https:\/\/vpmedias.fr\/index.php?rest_route=\/wp\/v2\/posts\/122","targetHints":{"allow":["GET"]}}],"collection":[{"href":"https:\/\/vpmedias.fr\/index.php?rest_route=\/wp\/v2\/posts"}],"about":[{"href":"https:\/\/vpmedias.fr\/index.php?rest_route=\/wp\/v2\/types\/post"}],"author":[{"embeddable":true,"href":"https:\/\/vpmedias.fr\/index.php?rest_route=\/wp\/v2\/users\/32"}],"replies":[{"embeddable":true,"href":"https:\/\/vpmedias.fr\/index.php?rest_route=%2Fwp%2Fv2%2Fcomments&post=122"}],"version-history":[{"count":0,"href":"https:\/\/vpmedias.fr\/index.php?rest_route=\/wp\/v2\/posts\/122\/revisions"}],"wp:attachment":[{"href":"https:\/\/vpmedias.fr\/index.php?rest_route=%2Fwp%2Fv2%2Fmedia&parent=122"}],"wp:term":[{"taxonomy":"category","embeddable":true,"href":"https:\/\/vpmedias.fr\/index.php?rest_route=%2Fwp%2Fv2%2Fcategories&post=122"},{"taxonomy":"post_tag","embeddable":true,"href":"https:\/\/vpmedias.fr\/index.php?rest_route=%2Fwp%2Fv2%2Ftags&post=122"}],"curies":[{"name":"wp","href":"https:\/\/api.w.org\/{rel}","templated":true}]}}