{"id":12248,"date":"2012-05-02T16:30:07","date_gmt":"2012-05-02T14:30:07","guid":{"rendered":"http:\/\/vpmedias.fr\/?p=12248"},"modified":"2012-05-02T18:27:07","modified_gmt":"2012-05-02T16:27:07","slug":"les-candidats-du-premier-tour","status":"publish","type":"post","link":"https:\/\/vpmedias.fr\/?p=12248","title":{"rendered":"15e pr\u00e9sidentielle: candidats au premier tour et intentions de vote"},"content":{"rendered":"<p><em>Voici la liste des 11 candidats qualifi\u00e9s pour le premier tour de l&rsquo;\u00e9lection pr\u00e9sidentielle de mai 2012 (class\u00e9s par ordre alphab\u00e9tique):<\/em><\/p>\n<p><!--more--><\/p>\n<ul style=\"list-style-type: circle;\">\n<li>Arc<\/li>\n<\/ul>\n<ul style=\"list-style-type: circle;\">\n<li>Atila<\/li>\n<\/ul>\n<ul style=\"list-style-type: circle;\">\n<li>Chlochlos<\/li>\n<\/ul>\n<ul style=\"list-style-type: circle;\">\n<li>Cscpn<\/li>\n<\/ul>\n<ul style=\"list-style-type: circle;\">\n<li>Geostar<\/li>\n<\/ul>\n<ul style=\"list-style-type: circle;\">\n<li>Janvier<\/li>\n<\/ul>\n<ul style=\"list-style-type: circle;\">\n<li>Langio<\/li>\n<\/ul>\n<ul style=\"list-style-type: circle;\">\n<li>Lyonsuper<\/li>\n<\/ul>\n<ul style=\"list-style-type: circle;\">\n<li>Prodyge<\/li>\n<\/ul>\n<ul style=\"list-style-type: circle;\">\n<li>Saulidaire<\/li>\n<\/ul>\n<ul style=\"list-style-type: circle;\">\n<li>Warnock, qui s&rsquo;est d&rsquo;ores et d\u00e9j\u00e0 d\u00e9sist\u00e9 et a appel\u00e9 \u00e0 voter pour Geostar<\/li>\n<\/ul>\n<hr \/>\n<p>&nbsp;<\/p>\n<p><strong>Estimations \u00e0 partir des intentions de vote officielles, mercredi 2 mai \u00e0 18h30. Le premier tour aura lieu vendredi.<\/strong><\/p>\n<p><em><img loading=\"lazy\" decoding=\"async\" class=\"aligncenter\" title=\"diagramme01\" src=\"http:\/\/www.votezpourmoi.com\/camembert_sondage.php\" alt=\"\" width=\"380\" height=\"350\" \/><\/em><\/p>\n<table>\n<tbody>\n<tr>\n<td><a href=\"http:\/\/votezpourmoi.com\/presi2.php?joueur=chlochlos\" target=\"prof\"><strong>chlochlos<\/strong><\/a><\/td>\n<td align=\"right\" bgcolor=\"#77FFBB\">20 %<\/td>\n<\/tr>\n<tr>\n<td><a href=\"http:\/\/votezpourmoi.com\/presi2.php?joueur=arc\" target=\"prof\"><strong>arc<\/strong><\/a><\/td>\n<td align=\"right\" bgcolor=\"#77FFBB\">14.1 %<\/td>\n<\/tr>\n<tr>\n<td><a href=\"http:\/\/votezpourmoi.com\/presi2.php?joueur=geostar\" target=\"prof\"><strong>geostar<\/strong><\/a><\/td>\n<td align=\"right\">13.6 %<\/td>\n<\/tr>\n<tr>\n<td><a href=\"http:\/\/votezpourmoi.com\/presi2.php?joueur=lyonsuper\" target=\"prof\"><strong>lyonsuper<\/strong><\/a><\/td>\n<td align=\"right\">10.5 %<\/td>\n<\/tr>\n<tr>\n<td><a href=\"http:\/\/votezpourmoi.com\/presi2.php?joueur=cscpn\" target=\"prof\"><strong>cscpn<\/strong><\/a><\/td>\n<td align=\"right\">7.7 %<\/td>\n<\/tr>\n<tr>\n<td><a href=\"http:\/\/votezpourmoi.com\/presi2.php?joueur=saulidaire\" target=\"prof\"><strong>saulidaire<\/strong><\/a><\/td>\n<td align=\"right\">7.3 %<\/td>\n<\/tr>\n<tr>\n<td><a href=\"http:\/\/votezpourmoi.com\/presi2.php?joueur=prodyge\" target=\"prof\"><strong>prodyge<\/strong><\/a><\/td>\n<td align=\"right\">6.4 %<\/td>\n<\/tr>\n<tr>\n<td><a href=\"http:\/\/votezpourmoi.com\/presi2.php?joueur=langio\" target=\"prof\"><strong>langio<\/strong><\/a><\/td>\n<td align=\"right\">6.4 %<\/td>\n<\/tr>\n<tr>\n<td><a href=\"http:\/\/votezpourmoi.com\/presi2.php?joueur=atila\" target=\"prof\"><strong>atila<\/strong><\/a><\/td>\n<td align=\"right\">5.9 %<\/td>\n<\/tr>\n<tr>\n<td><a href=\"http:\/\/votezpourmoi.com\/presi2.php?joueur=janvier\" target=\"prof\"><strong>janvier<\/strong><\/a><\/td>\n<td align=\"right\">4.5 %<\/td>\n<\/tr>\n<tr>\n<td><a href=\"http:\/\/votezpourmoi.com\/presi2.php?joueur=warnock\" target=\"prof\"><strong>warnock<\/strong><\/a><\/td>\n<td align=\"right\">3.6 %<\/td>\n<\/tr>\n<\/tbody>\n<\/table>\n","protected":false},"excerpt":{"rendered":"<p>Voici la liste des 11 candidats qualifi\u00e9s pour le premier tour de l&rsquo;\u00e9lection pr\u00e9sidentielle de mai 2012 (class\u00e9s par ordre alphab\u00e9tique):<\/p>\n","protected":false},"author":66,"featured_media":0,"comment_status":"open","ping_status":"open","sticky":false,"template":"","format":"standard","meta":{"site-container-style":"default","site-container-layout":"default","site-sidebar-layout":"default","disable-article-header":"default","disable-site-header":"default","disable-site-footer":"default","disable-content-area-spacing":"default","footnotes":""},"categories":[268],"tags":[418],"class_list":["post-12248","post","type-post","status-publish","format-standard","hentry","category-4-breves","tag-presidentielle"],"_links":{"self":[{"href":"https:\/\/vpmedias.fr\/index.php?rest_route=\/wp\/v2\/posts\/12248","targetHints":{"allow":["GET"]}}],"collection":[{"href":"https:\/\/vpmedias.fr\/index.php?rest_route=\/wp\/v2\/posts"}],"about":[{"href":"https:\/\/vpmedias.fr\/index.php?rest_route=\/wp\/v2\/types\/post"}],"author":[{"embeddable":true,"href":"https:\/\/vpmedias.fr\/index.php?rest_route=\/wp\/v2\/users\/66"}],"replies":[{"embeddable":true,"href":"https:\/\/vpmedias.fr\/index.php?rest_route=%2Fwp%2Fv2%2Fcomments&post=12248"}],"version-history":[{"count":0,"href":"https:\/\/vpmedias.fr\/index.php?rest_route=\/wp\/v2\/posts\/12248\/revisions"}],"wp:attachment":[{"href":"https:\/\/vpmedias.fr\/index.php?rest_route=%2Fwp%2Fv2%2Fmedia&parent=12248"}],"wp:term":[{"taxonomy":"category","embeddable":true,"href":"https:\/\/vpmedias.fr\/index.php?rest_route=%2Fwp%2Fv2%2Fcategories&post=12248"},{"taxonomy":"post_tag","embeddable":true,"href":"https:\/\/vpmedias.fr\/index.php?rest_route=%2Fwp%2Fv2%2Ftags&post=12248"}],"curies":[{"name":"wp","href":"https:\/\/api.w.org\/{rel}","templated":true}]}}