{"id":12336,"date":"2012-05-05T14:44:19","date_gmt":"2012-05-05T12:44:19","guid":{"rendered":"http:\/\/vpmedias.fr\/?p=12336"},"modified":"2012-05-06T19:06:13","modified_gmt":"2012-05-06T17:06:13","slug":"vpm-infos-debat-warnock-jordanallory","status":"publish","type":"post","link":"https:\/\/vpmedias.fr\/?p=12336","title":{"rendered":"VPM Infos : D\u00e9bat Warnock &#8211; Jordanallory"},"content":{"rendered":"<p><img loading=\"lazy\" decoding=\"async\" class=\"aligncenter\" title=\"Logo VPM info\" src=\"http:\/\/www.vpmedias.fr\/archives\/vpmradio\/vpminfos\/vpminfo.jpg\" alt=\"Logo VPM info\" width=\"150\" height=\"150\" \/><\/p>\n<p>D\u00e9bat anim\u00e9 par Mastom dans le cadre du premier tour de la pr\u00e9sidentielle de mai 2012. Il confronte Jordanallory, repr\u00e9sentant de la candidate Chlochlo, et Warnock, repr\u00e9sentant Geostar. Enregistr\u00e9 avant le premier tour, le 4 mai.<\/p>\n<p><!--more--><br \/>\n<iframe loading=\"lazy\" src=\"http:\/\/www.youtube.com\/embed\/og7-5mNZP_U\" frameborder=\"0\" width=\"560\" height=\"315\"><\/iframe><\/p>\n<p><a href=\"http:\/\/www.wix.com\/moviegamesteam\/vpminfo\" target=\"_blank\">Pour \u00e9couter VPM infos <\/a>(Emissions, bulletins d&rsquo;information en live ou en rediffusion).<\/p>\n","protected":false},"excerpt":{"rendered":"<p>D\u00e9bat anim\u00e9 par Mastom dans le cadre du premier tour de la pr\u00e9sidentielle de mai 2012. Il confronte Jordanallory, repr\u00e9sentant de la candidate Chlochlo, et Warnock, repr\u00e9sentant Geostar. Enregistr\u00e9 avant le premier tour, le 4 mai.<\/p>\n","protected":false},"author":17,"featured_media":0,"comment_status":"open","ping_status":"open","sticky":false,"template":"","format":"standard","meta":{"site-container-style":"default","site-container-layout":"default","site-sidebar-layout":"default","disable-article-header":"default","disable-site-header":"default","disable-site-footer":"default","disable-content-area-spacing":"default","footnotes":""},"categories":[248],"tags":[15,14],"class_list":["post-12336","post","type-post","status-publish","format-standard","hentry","category-3-vpmradio","tag-debat","tag-presidentielles"],"_links":{"self":[{"href":"https:\/\/vpmedias.fr\/index.php?rest_route=\/wp\/v2\/posts\/12336","targetHints":{"allow":["GET"]}}],"collection":[{"href":"https:\/\/vpmedias.fr\/index.php?rest_route=\/wp\/v2\/posts"}],"about":[{"href":"https:\/\/vpmedias.fr\/index.php?rest_route=\/wp\/v2\/types\/post"}],"author":[{"embeddable":true,"href":"https:\/\/vpmedias.fr\/index.php?rest_route=\/wp\/v2\/users\/17"}],"replies":[{"embeddable":true,"href":"https:\/\/vpmedias.fr\/index.php?rest_route=%2Fwp%2Fv2%2Fcomments&post=12336"}],"version-history":[{"count":0,"href":"https:\/\/vpmedias.fr\/index.php?rest_route=\/wp\/v2\/posts\/12336\/revisions"}],"wp:attachment":[{"href":"https:\/\/vpmedias.fr\/index.php?rest_route=%2Fwp%2Fv2%2Fmedia&parent=12336"}],"wp:term":[{"taxonomy":"category","embeddable":true,"href":"https:\/\/vpmedias.fr\/index.php?rest_route=%2Fwp%2Fv2%2Fcategories&post=12336"},{"taxonomy":"post_tag","embeddable":true,"href":"https:\/\/vpmedias.fr\/index.php?rest_route=%2Fwp%2Fv2%2Ftags&post=12336"}],"curies":[{"name":"wp","href":"https:\/\/api.w.org\/{rel}","templated":true}]}}