{"id":12375,"date":"2012-05-07T00:19:57","date_gmt":"2012-05-06T22:19:57","guid":{"rendered":"http:\/\/vpmedias.fr\/?p=12375"},"modified":"2012-05-07T00:19:57","modified_gmt":"2012-05-06T22:19:57","slug":"alerte-info-geostar-15e-president-de-vpm","status":"publish","type":"post","link":"https:\/\/vpmedias.fr\/?p=12375","title":{"rendered":"Alerte info : Geostar 15e pr\u00e9sident de VPM"},"content":{"rendered":"<p style=\"text-align: justify;\">Suite \u00e0 une campagne disput\u00e9e voire violente des deux c\u00f4t\u00e9s, Geostar est \u00e9lu pr\u00e9sident de VPM pour 4 mois, apr\u00e8s avoir battu Arc.<\/p>\n<p style=\"text-align: center;\"><strong>Geostar : 54.9%<\/strong><\/p>\n<p style=\"text-align: center;\"><strong>Arc : 45.1%<\/strong><\/p>\n<p style=\"text-align: justify;\">A noter, une participation tr\u00e8s faible de 58.95%, peut-\u00eatre li\u00e9e \u00e0 une confusion de calendrier (le second tour ayant \u00e9t\u00e9 avant d&rsquo;un jour par rapport aux pr\u00e9c\u00e9dentes \u00e9lections).<\/p>\n<p style=\"text-align: justify;\">Les partisans d&rsquo;Arc \u00e9taient r\u00e9unis sur les march\u00e9s, Geostar avait confi\u00e9 qu&rsquo;il ne consulterait les r\u00e9sultats que lundi matin.<\/p>\n<p style=\"text-align: justify;\">Plus d&rsquo;informations et de r\u00e9actions tr\u00e8s vite.<\/p>\n","protected":false},"excerpt":{"rendered":"<p>Suite \u00e0 une campagne disput\u00e9e voire violente des deux c\u00f4t\u00e9s, Geostar est \u00e9lu pr\u00e9sident de VPM pour 4 mois, apr\u00e8s avoir battu Arc. Geostar : 54.9% Arc : 45.1% A noter, une participation tr\u00e8s faible de 58.95%, peut-\u00eatre li\u00e9e \u00e0 une confusion de calendrier (le second tour ayant \u00e9t\u00e9 avant d&rsquo;un jour par rapport aux [&hellip;]<\/p>\n","protected":false},"author":2,"featured_media":0,"comment_status":"open","ping_status":"open","sticky":false,"template":"","format":"standard","meta":{"site-container-style":"default","site-container-layout":"default","site-sidebar-layout":"default","disable-article-header":"default","disable-site-header":"default","disable-site-footer":"default","disable-content-area-spacing":"default","footnotes":""},"categories":[268],"tags":[524,418,438],"class_list":["post-12375","post","type-post","status-publish","format-standard","hentry","category-4-breves","tag-alerte-info","tag-presidentielle","tag-resultats"],"_links":{"self":[{"href":"https:\/\/vpmedias.fr\/index.php?rest_route=\/wp\/v2\/posts\/12375","targetHints":{"allow":["GET"]}}],"collection":[{"href":"https:\/\/vpmedias.fr\/index.php?rest_route=\/wp\/v2\/posts"}],"about":[{"href":"https:\/\/vpmedias.fr\/index.php?rest_route=\/wp\/v2\/types\/post"}],"author":[{"embeddable":true,"href":"https:\/\/vpmedias.fr\/index.php?rest_route=\/wp\/v2\/users\/2"}],"replies":[{"embeddable":true,"href":"https:\/\/vpmedias.fr\/index.php?rest_route=%2Fwp%2Fv2%2Fcomments&post=12375"}],"version-history":[{"count":0,"href":"https:\/\/vpmedias.fr\/index.php?rest_route=\/wp\/v2\/posts\/12375\/revisions"}],"wp:attachment":[{"href":"https:\/\/vpmedias.fr\/index.php?rest_route=%2Fwp%2Fv2%2Fmedia&parent=12375"}],"wp:term":[{"taxonomy":"category","embeddable":true,"href":"https:\/\/vpmedias.fr\/index.php?rest_route=%2Fwp%2Fv2%2Fcategories&post=12375"},{"taxonomy":"post_tag","embeddable":true,"href":"https:\/\/vpmedias.fr\/index.php?rest_route=%2Fwp%2Fv2%2Ftags&post=12375"}],"curies":[{"name":"wp","href":"https:\/\/api.w.org\/{rel}","templated":true}]}}