{"id":12386,"date":"2012-05-08T00:01:24","date_gmt":"2012-05-07T22:01:24","guid":{"rendered":"http:\/\/vpmedias.fr\/?p=12386"},"modified":"2012-05-08T09:38:39","modified_gmt":"2012-05-08T07:38:39","slug":"reactions-a-la-victoire-de-geostar","status":"publish","type":"post","link":"https:\/\/vpmedias.fr\/?p=12386","title":{"rendered":"Compte \u00e0 rebours : qui a vu juste ?"},"content":{"rendered":"<p style=\"text-align: justify;\" align=\"LEFT\">Comme annonc\u00e9 dans le sujet, un indice s&rsquo;est gliss\u00e9 dans une page du site, le <a href=\"http:\/\/vpmedias.fr\/?page_id=127\">Carnet d&rsquo;Adresses<\/a>. Il s&rsquo;agissait d&rsquo;une image d&rsquo;un \u00ab\u00a0<a href=\"http:\/\/1.bp.blogspot.com\/-QfMlun6YhSo\/TqR5v_pi03I\/AAAAAAAABdo\/YKp0sSRmB40\/s1600\/number3bnw.jpg\">trois<\/a>\u00a0\u00bb sous toutes les coutures. Avant de d\u00e9signer le ou les gagnant(s), petit passage en revue des diff\u00e9rentes th\u00e9ories avanc\u00e9es&#8230;<\/p>\n<h2 style=\"text-align: justify;\" align=\"LEFT\">A PROPOS DE LA PR\u00c9SIDENTIELLE<\/h2>\n<p style=\"padding-left: 30px; text-align: justify;\" align=\"LEFT\">De <strong>bl<\/strong><br \/>\nLe 29\/04\/12 \u00e0 10:37:15<\/p>\n<p style=\"padding-left: 30px; text-align: justify;\" align=\"LEFT\">d\u00e9but officiel du prochain mandat pr\u00e9sidentiel (vpm) ?<\/p>\n<p style=\"padding-left: 30px; text-align: justify;\" align=\"LEFT\">De <strong>yadelavenir<\/strong><br \/>\nLe 29\/04\/12 \u00e0 13:35:34<\/p>\n<p style=\"padding-left: 30px; text-align: justify;\" align=\"LEFT\">D\u00e9but du mandat pr\u00e9sidentiel :)<\/p>\n<p style=\"padding-left: 30px; text-align: justify;\" align=\"LEFT\">De <strong>waarisdafeestje<\/strong><br \/>\nLe 29\/04\/12 \u00e0 13:37:07<\/p>\n<p style=\"padding-left: 30px; text-align: justify;\" align=\"LEFT\">Fin de la campagne pr\u00e9sidentielle ?<\/p>\n<p style=\"padding-left: 30px; text-align: justify;\" align=\"LEFT\">De <strong>ocostoat<\/strong><br \/>\nLe 29\/04\/12 \u00e0 13:52:59<\/p>\n<p style=\"padding-left: 30px; text-align: justify;\" align=\"LEFT\">Investiture du nouveau pr\u00e9sident ?&#8230;<\/p>\n<p style=\"padding-left: 30px; text-align: justify;\" align=\"LEFT\">De <strong>attentatsuicide<\/strong><br \/>\nLe 29\/04\/12 \u00e0 15:31:14<\/p>\n<p style=\"padding-left: 30px; text-align: justify;\" align=\"LEFT\">l&rsquo;annonce de ma victoire comme nouveau pr\u00e9sident ? lolllll<\/p>\n<p style=\"padding-left: 30px; text-align: justify;\" align=\"LEFT\">De <strong>louistiti<\/strong><br \/>\nLe 29\/04\/12 \u00e0 12:28:45<\/p>\n<p style=\"padding-left: 30px; text-align: justify;\" align=\"LEFT\">Premi\u00e8re enveloppe du mandat ?<\/p>\n<p style=\"padding-left: 30px; text-align: justify;\" align=\"LEFT\">De <strong>jaquesdefranc<\/strong><br \/>\nLe 30\/04\/12 \u00e0 20:54:25<\/p>\n<p style=\"padding-left: 30px; text-align: justify;\" align=\"LEFT\">La fin de la pr\u00e9sidentielle et l&rsquo;investiture du nouveau pr\u00e9sident(e):).<\/p>\n<p style=\"padding-left: 30px; text-align: justify;\" align=\"LEFT\">De <strong>chlochlos<\/strong><br \/>\nLe 30\/04\/12 \u00e0 22:23:03<\/p>\n<p style=\"padding-left: 30px; text-align: justify;\" align=\"LEFT\">Mon arriv\u00e9 au pouvoir avec pingouin, mot de bondissement, r\u00e9volutionnaire, une unit\u00e9 du jeu :P<\/p>\n<p style=\"text-align: justify;\" align=\"LEFT\">Peu de variations ici. La date du second tour pouvait pr\u00eater \u00e0 confusion. Mais pourquoi aurions-nous fait un myst\u00e8re sur une date connue de tous ? ;-)<\/p>\n<h2 style=\"text-align: justify;\" align=\"LEFT\">UNE NOUVEAUT\u00c9 POUR VPM<\/h2>\n<p style=\"padding-left: 30px; text-align: justify;\" align=\"LEFT\">De <strong>mims<\/strong><br \/>\nLe 29\/04\/12 \u00e0 11:12:22<\/p>\n<p style=\"padding-left: 30px; text-align: justify;\" align=\"LEFT\">Une nouveaut\u00e9 sur vpm?<\/p>\n<p style=\"padding-left: 30px; text-align: justify;\" align=\"LEFT\">De <strong>divinewarrior<\/strong><br \/>\nLe 29\/04\/12 \u00e0 12:15:03<\/p>\n<p style=\"padding-left: 30px; text-align: justify;\" align=\"LEFT\">reforme du r\u00f4le du pr\u00e9sident et de ces possibilit\u00e9s<\/p>\n<p style=\"padding-left: 30px; text-align: justify;\" align=\"LEFT\">De <strong>kromagnon<\/strong><br \/>\nLe 29\/04\/12 \u00e0 12:30:24<\/p>\n<p style=\"padding-left: 30px; text-align: justify;\" align=\"LEFT\">R\u00e9forme du syst\u00e8me de corruption.<\/p>\n<p style=\"padding-left: 30px; text-align: justify;\" align=\"LEFT\">De <strong>fionella<\/strong><br \/>\nLe 29\/04\/12 \u00e0 16:30:35<\/p>\n<p style=\"padding-left: 30px; text-align: justify;\" align=\"LEFT\">L&rsquo;ouverture d&rsquo;une nouvelle ville aux conditions de campagne particuli\u00e8res ?<\/p>\n<p style=\"padding-left: 30px; text-align: justify;\" align=\"LEFT\">De <strong>felenon<\/strong><br \/>\nLe 29\/04\/12 \u00e0 22:04:33<\/p>\n<p style=\"padding-left: 30px; text-align: justify;\" align=\"LEFT\">On instaure les elections l\u00e9gislatives sur Vpm. Combien j ai gagn\u00e9 ?<\/p>\n<p style=\"padding-left: 30px; text-align: justify;\" align=\"LEFT\">De <strong>stoat<\/strong><br \/>\nLe 29\/04\/12 \u00e0 22:59:57<\/p>\n<p style=\"padding-left: 30px; text-align: justify;\" align=\"LEFT\">Malheureusement pour moi je crois que Felenon a raison et que la r\u00e9ponse est probablement la cr\u00e9ation de l\u00e9gislatives sur VPM&#8230;<\/p>\n<p style=\"padding-left: 30px; text-align: justify;\" align=\"LEFT\">De <strong>kevinjojoo<\/strong><br \/>\nLe 29\/04\/12 \u00e0 22:19:21<\/p>\n<p style=\"padding-left: 30px; text-align: justify;\" align=\"LEFT\">une publicite de VPM va etre faite sur une chaine mediatise :)<br \/>\nou bananus va passer a la tele pour expliquer le jeu XD qui sais<\/p>\n<p style=\"padding-left: 30px; text-align: justify;\" align=\"LEFT\">De <strong>nausica<\/strong><br \/>\nLe 02\/05\/12 \u00e0 00:33:08<\/p>\n<p style=\"padding-left: 30px; text-align: justify;\" align=\"LEFT\">l&rsquo;augmentation du budget pr\u00e9sidentielle ?<\/p>\n<p style=\"padding-left: 30px; text-align: justify;\" align=\"LEFT\">De <strong>etcolo<\/strong><br \/>\nLe 05\/05\/12 \u00e0 22:05:50<\/p>\n<p style=\"padding-left: 30px; text-align: justify;\" align=\"LEFT\">reforme de la corruption?<br \/>\nreforme des march\u00e9s ?<\/p>\n<p style=\"text-align: justify;\" align=\"LEFT\">Instauration des L\u00e9gislatives, r\u00e9forme de la corruption, modifications des r\u00e8gles de la pr\u00e9sidentielle, reviennent r\u00e9guli\u00e8rement.<\/p>\n<h2 style=\"text-align: justify;\" align=\"LEFT\">QUE SE PASSE-T-IL DANS LE MONDE R\u00c9EL ?<\/h2>\n<p style=\"padding-left: 30px; text-align: justify;\" align=\"LEFT\">De <strong>samsoule<\/strong><br \/>\nLe 29\/04\/12 \u00e0 23:01:19<\/p>\n<p style=\"padding-left: 30px; text-align: justify;\" align=\"LEFT\">Ouaip, \u00e7a a un rapport avec l&rsquo;IRL comme le soulignait drag&rsquo;, et \u00e7a revient souvent..<\/p>\n<p style=\"padding-left: 30px; text-align: justify;\" align=\"LEFT\">De <strong>kerlinn<\/strong><br \/>\nLe 01\/05\/12 \u00e0 01:59:05<\/p>\n<p style=\"padding-left: 30px; text-align: justify;\" align=\"LEFT\">IRL c&rsquo;est f\u00e9ri\u00e9 : fin de la seconde guerre mondiale<\/p>\n<p style=\"padding-left: 30px; text-align: justify;\" align=\"LEFT\">De <strong>stoat<\/strong><br \/>\nLe 02\/05\/12 \u00e0 19:58:27<\/p>\n<p style=\"padding-left: 30px; text-align: justify;\" align=\"LEFT\">J&rsquo;ai trouv\u00e9 l&rsquo;indice =D<\/p>\n<p style=\"padding-left: 30px;\">Sinon le 8 mai c&rsquo;est aussi :<\/p>\n<p style=\"padding-left: 30px;\">* La r\u00e9\u00e9lection de Mitterrand (1988)<br \/>\n* Les \u00e9meutes de Setif et la r\u00e9pression sanglante qui a suivi (1945, le m\u00eame jour que la capitulation allemande)<br \/>\n* Mort de Gauguin (1903)<br \/>\n* L&rsquo;\u00e9ruption de la Montagne Pel\u00e9e \u00e0 la Martinique, qui fera 28 000 morts (1902)<br \/>\n* Mort de Flaubert (1880)<br \/>\n* Le pl\u00e9biscite en faveur de l&rsquo;Empire lib\u00e9ral sous Napol\u00e9on III (1870)<br \/>\n* Le premier accident de chemins de fer sous Louis-Philippe (1842)<br \/>\n* Mort de Dumont d&rsquo;Urville dans ce m\u00eame accident<br \/>\n* Naissance d&rsquo;Henri Dunant (1828)<br \/>\n* Mort de Lavoisier (1794)<br \/>\n* La r\u00e9forme de la justice par le Garde des Sceaux Lamoignon sous Louis XVI (1788)<br \/>\n* La d\u00e9livrance d&rsquo;Orl\u00e9ans par Jeanne d&rsquo;Arc (1429)<br \/>\n* Prol\u00e9gom\u00e8nes d&rsquo;un trait\u00e9 de paix entre la France et l&rsquo;Angleterre \u00e0 Br\u00e9tigny (1360)<\/p>\n<p style=\"padding-left: 30px; text-align: justify;\" align=\"LEFT\">De <strong>mau<\/strong><br \/>\nLe 06\/05\/12 \u00e0 11:42:44<\/p>\n<p style=\"padding-left: 30px; text-align: justify;\" align=\"LEFT\">Il s&rsquo;agit de la signature de la seconde capitulation de l&rsquo;Allemagne, pour mettre fin aux combats qui continuaient sur le front de l&rsquo;Est.<\/p>\n<p style=\"padding-left: 30px;\">Cette signature a eu lieu \u00e0 Berlin le 8 mai 1945 \u00e0 23h01 cet (heure d&rsquo;Europe centrale)<\/p>\n<p style=\"text-align: justify;\" align=\"LEFT\">Non, d\u00e9sol\u00e9, rien \u00e0 voir avec la Seconde Guerre Mondiale, m\u00eame si la pr\u00e9sidentielle VPMienne pouvait rappeler les heuuures les plus sooombres de notre histoiiiire. Ou pas, certes.<\/p>\n<h2 style=\"text-align: justify;\" align=\"LEFT\">IL Y A CEUX QUI CHAUFFENT &#8230;<\/h2>\n<p style=\"padding-left: 30px; text-align: justify;\" align=\"LEFT\">De <strong>mmeniels<\/strong><br \/>\nLe 29\/04\/12 \u00e0 19:11:24<\/p>\n<p style=\"padding-left: 30px; text-align: justify;\" align=\"LEFT\">rien c&rsquo;est juste pour nous perturber?!<\/p>\n<p style=\"padding-left: 30px; text-align: justify;\" align=\"LEFT\">De <strong>janvier<\/strong><br \/>\nLe 29\/04\/12 \u00e0 17:19:41<\/p>\n<p style=\"padding-left: 30px; text-align: justify;\" align=\"LEFT\">Ce ne serait pas l&rsquo;anniversaire des 5 ans de \u00ab\u00a0Votez pour moi \u00a0\u00bb ?<\/p>\n<p style=\"padding-left: 30px; text-align: justify;\" align=\"LEFT\">De <strong>samsoule<\/strong><br \/>\nLe 29\/04\/12 \u00e0 11:32:05<\/p>\n<p style=\"padding-left: 30px; text-align: justify;\" align=\"LEFT\">Une refonte graphique ?<\/p>\n<p style=\"padding-left: 30px; text-align: justify;\" align=\"LEFT\">De <strong>sexkev<\/strong><br \/>\nLe 29\/04\/12 \u00e0 10:45:32<\/p>\n<p style=\"padding-left: 30px; text-align: justify;\" align=\"LEFT\">Non &#8230;On remodelle VPMedia<\/p>\n<p style=\"padding-left: 30px; text-align: justify;\" align=\"LEFT\">De <strong>nicolash<\/strong><br \/>\nLe 29\/04\/12 \u00e0 15:33:00<\/p>\n<p style=\"padding-left: 30px; text-align: justify;\" align=\"LEFT\">L&rsquo;anniversaire de VPM\u00e9dias ?<\/p>\n<p style=\"padding-left: 30px; text-align: justify;\" align=\"LEFT\">De <strong>samsoule<\/strong><br \/>\nLe 05\/05\/12 \u00e0 23:46:19<\/p>\n<p style=\"padding-left: 30px; text-align: justify;\" align=\"LEFT\">Dommage que la page wiki nous apprenne rien la dessus.. ^^<\/p>\n<p style=\"padding-left: 30px;\">1) R\u00e9forme de la corruption<br \/>\n2) Cr\u00e9ation d&rsquo;une assembl\u00e9e l\u00e9gislative<br \/>\n3) Les 3 ans de vpm\u00e9dias (2009-2012)<\/p>\n<p style=\"padding-left: 30px; text-align: justify;\" align=\"LEFT\">De <strong>stoat<\/strong><br \/>\nLe 07\/05\/12 \u00e0 18:40:04<\/p>\n<p style=\"padding-left: 30px; text-align: justify;\" align=\"JUSTIFY\">Vu l&rsquo;indice les trois ans de VPM\u00e9dias me semblent l&rsquo;hypoth\u00e8se la plus logique&#8230;je ne vois pas comment \u00eatre plus proche&#8230;<\/p>\n<p style=\"text-align: justify;\" align=\"LEFT\">Non, ce n&rsquo;est pas rien, Mmeniels, mais c&rsquo;est quand m\u00eame pour enquiquiner tout le monde. Ce concours en est la preuve. Janvier \u00e9voque un anniversaire, \u00e7a se pr\u00e9cise. Malheureusement, ce n&rsquo;est pas le bon. Samsoule et Sexkev parlent d&rsquo;une refonte graphique. Certes, comme vous le voyez, c&rsquo;est une corolaire, mais pas le principal. L&rsquo;anniversaire de VPM\u00e9dias ? Bien vu, Nicolash, et d\u00e8s le 29 avril, qui plus est ! La r\u00e9ponse la plus pr\u00e9cise est donn\u00e9e par Samsoule, dans sa 3e proposition, et Stoat, lorsqu&rsquo;ils parlent des 3 ans de VPM\u00e9dias ! Maintenant, Samsoule a du retard sur Nicolash, et n&rsquo;a pas pris le risque de trancher entre ses diff\u00e9rentes th\u00e9ories, et Stoat a tard\u00e9 aussi \u00e0 trouver la lumi\u00e8re. Si votre cerveau est en bas d\u00e9bit, je pr\u00e9cise que l&rsquo;indice, le \u00ab\u00a0trois\u00a0\u00bb, faisait r\u00e9f\u00e9rence \u00e0 l&rsquo;\u00e2ge de VPM\u00e9dias.<\/p>\n<h2 style=\"text-align: justify;\" align=\"LEFT\">&#8230; ET PUIS IL Y A LES AUTRES<\/h2>\n<p style=\"padding-left: 30px; text-align: justify;\" align=\"LEFT\">De <strong>msr<\/strong><br \/>\nLe 29\/04\/12 \u00e0 13:40:10<\/p>\n<p style=\"padding-left: 30px; text-align: justify;\" align=\"LEFT\">le 8 mai \u00e0 23H?? le retour de Banana?? :P<\/p>\n<p style=\"padding-left: 30px; text-align: justify;\" align=\"LEFT\">De <strong>nati<\/strong><br \/>\nLe 29\/04\/12 \u00e0 21:14:43<\/p>\n<p style=\"padding-left: 30px; text-align: justify;\" align=\"LEFT\">Je verrai bien un retour de Banana ! (Ou c&rsquo;est mon subconscient qui me pousse \u00e0 voir Max Havelaar partout, je ne sais pas :p)<\/p>\n<p style=\"padding-left: 30px; text-align: justify;\" align=\"LEFT\">De <strong>mau<\/strong><br \/>\nLe 29\/04\/12 \u00e0 16:33:51<\/p>\n<p style=\"padding-left: 30px; text-align: justify;\" align=\"LEFT\">L&rsquo;anniversaire de bananus ?<\/p>\n<p style=\"padding-left: 30px; text-align: justify;\" align=\"LEFT\">De <strong>izma<\/strong><br \/>\nLe 29\/04\/12 \u00e0 16:40:01<\/p>\n<p style=\"padding-left: 30px; text-align: justify;\" align=\"LEFT\">Une distribution de briques gratuites ?<\/p>\n<p style=\"padding-left: 30px; text-align: justify;\" align=\"LEFT\">De <strong>korigan<\/strong><br \/>\nLe 29\/04\/12 \u00e0 18:40:15<\/p>\n<p style=\"padding-left: 30px; text-align: justify;\" align=\"LEFT\">la prise de pouvoir par le mouvemetn banzai..<br \/>\npipa devenant l \u00e9gerie du ch\u00e9 dictateur et votre mascote \u00e0 tous..<br \/>\net pour les opposants travail obligatoire \u00e0 ramasser les algues vertes sur nos cotes ..vous en aurez de la chance vous serez en pleine air comme dit la pub un peu d exercice vous fera pas de mal\/\/-;)<\/p>\n<p style=\"padding-left: 30px; text-align: justify;\" align=\"LEFT\">De <strong>tinano<\/strong><br \/>\nLe 02\/05\/12 \u00e0 12:11:08<\/p>\n<p style=\"padding-left: 30px; text-align: justify;\" align=\"LEFT\">Le putsch du parti Humaniste R\u00e9volutionnaire pour virer tous les vieux briscards de VPM!<br \/>\nIl y aura:<br \/>\n&#8211; des r\u00e8glements encore plus flou pour acc\u00e9der \u00e0 la pr\u00e9sidentielle.(comme \u00e7a le PHR y restera \u00e0 vie)<br \/>\n&#8211; suppression des cr\u00e9dits.<br \/>\n&#8211; suppression des multis.<br \/>\n&#8211; les classements entiers disponibles pour tous.<br \/>\n&#8211; tout parti de plus d&rsquo;un an payera un imp\u00f4t de 1 million de plakass par mois.<br \/>\n&#8211; qui sera revers\u00e9 en un SMIC de 10 ooo plakass par mois pour tous les petites partis.<\/p>\n<p style=\"padding-left: 30px;\">Vivement le 8 mai!<\/p>\n<p style=\"padding-left: 30px; text-align: justify;\" align=\"LEFT\">De <strong>wizstreg<\/strong><br \/>\nLe 29\/04\/12 \u00e0 19:10:42<\/p>\n<p style=\"padding-left: 30px; text-align: justify;\" align=\"LEFT\">La d\u00e9sinscription de talisman?:)<\/p>\n<p style=\"text-align: justify;\" align=\"LEFT\">Non, le fruit jaune n&rsquo;est pas encore assez m\u00e9galomane pour lancer un compte-\u00e0-rebours avant son retour. Non, ce n&rsquo;est pas Bananus qui souffle ses bougies. Non, pas de distribution de briques : nous n&rsquo;allons pas reconstruire le mur de Berlin. Non, Tinano et Korigan, votre prise de pouvoir n&rsquo;est pas encore pr\u00e9vue. Non, Wizstreg, non, non.<\/p>\n<h2 style=\"text-align: justify;\" align=\"LEFT\"><\/h2>\n<h2 style=\"text-align: justify;\" align=\"LEFT\">SINON, IL Y A AUSSI GEMINI&#8230;<\/h2>\n<p style=\"padding-left: 30px; text-align: justify;\" align=\"LEFT\">De <strong>gemini<\/strong><br \/>\nLe 05\/05\/12 \u00e0 22:32:57<\/p>\n<p style=\"padding-left: 30px; text-align: justify;\" align=\"LEFT\">Je suis un peu d\u00e9savantag\u00e9 du fait que je ne suis arriv\u00e9 que la semaine derni\u00e8re, donc je ne sais pas encore ce qui est r\u00e9ellement en projet ou pas sur VPM, et encore moins ce que les joueurs pourraient r\u00e9clamer \u00e0 cor et \u00e0 cri, mais on peut toujours essayer. ^^<\/p>\n<p style=\"padding-left: 30px;\">Je ne pense pas qu&rsquo;il s&rsquo;agisse d&rsquo;une r\u00e9forme du syst\u00e8me de jeu en lui-m\u00eame.<br \/>\nD&rsquo;abord parce que je ne pense pas qu&rsquo;un changement des r\u00e8gles du jeu ferait l&rsquo;objet d&rsquo;une application surprise ; cela n\u00e9cessite \u00e0 mon sens de pr\u00e9venir les joueurs par avance, afin que tout un chacun puisse se pr\u00e9parer \u00e0 modifier sa strat\u00e9gie de jeu instantan\u00e9ment.<br \/>\nDe plus un tel changement serait, je pense, effectu\u00e9 \u00e0 minuit plut\u00f4t qu&rsquo;\u00e0 23 heures. Mais c&rsquo;est un avis purement subjectif parce qu&rsquo;en pratique et dans certains cas, l&rsquo;heure d&rsquo;application ne change pas grand chose&#8230;<\/p>\n<p style=\"padding-left: 30px;\">Donc bon, j&rsquo;\u00e9carte toute r\u00e9forme du jeu. Maintenant que reste-t-il ? Les syst\u00e8mes du site non li\u00e9s au jeu (les march\u00e9s ou le forum, par exemple) et les sites annexes (j&rsquo;exclus le Wiki donc ce serait alors VPM\u00e9dias)).<\/p>\n<p style=\"padding-left: 30px;\">A partir de l\u00e0, c&rsquo;est du pur hasard.<br \/>\nAlors au pif, je me lance :<br \/>\nLe nombre de places dans les march\u00e9s va \u00eatre augment\u00e9 de mani\u00e8re \u00e0 accueillir plus de joueurs \u00e0 la fois ? Ou bien on ouvre un tout nouveau march\u00e9 dans lequel tout le monde pourra dialoguer sans contrainte de nombre ?<\/p>\n<p style=\"padding-left: 30px;\">Ce n&rsquo;est s\u00fbrement pas \u00e7a, mais bon. ^^<br \/>\nEt puis m\u00eame si ce n&rsquo;est pas \u00e7a, je suis quand m\u00eame pour. :p<\/p>\n<hr \/>\n<p style=\"text-align: justify;\" align=\"LEFT\">Le gagnant de ce jeu est <strong>Nicolash<\/strong>, qui a devin\u00e9 tr\u00e8s vite, et gagne 500 000 Plakass du budget pr\u00e9sidentiel. J&rsquo;offre \u00e9galement 20 cr\u00e9dits \u00e0 <strong>Samsoule<\/strong>, et 10 \u00e0 <strong>Stoat<\/strong>.<\/p>\n","protected":false},"excerpt":{"rendered":"<p>Qui a devin\u00e9 le sens du compte \u00e0 rebours que nous vous propositions ? Qui a devin\u00e9 que nous f\u00eations les 3 ans de VPM\u00e9dias ?<\/p>\n","protected":false},"author":2,"featured_media":0,"comment_status":"open","ping_status":"open","sticky":false,"template":"","format":"standard","meta":{"site-container-style":"default","site-container-layout":"default","site-sidebar-layout":"default","disable-article-header":"default","disable-site-header":"default","disable-site-footer":"default","disable-content-area-spacing":"default","footnotes":""},"categories":[312,4],"tags":[200,438,26],"class_list":["post-12386","post","type-post","status-publish","format-standard","hentry","category-g-a-la-une","category-2-vpmc","tag-concours","tag-resultats","tag-vpmedias"],"_links":{"self":[{"href":"https:\/\/vpmedias.fr\/index.php?rest_route=\/wp\/v2\/posts\/12386","targetHints":{"allow":["GET"]}}],"collection":[{"href":"https:\/\/vpmedias.fr\/index.php?rest_route=\/wp\/v2\/posts"}],"about":[{"href":"https:\/\/vpmedias.fr\/index.php?rest_route=\/wp\/v2\/types\/post"}],"author":[{"embeddable":true,"href":"https:\/\/vpmedias.fr\/index.php?rest_route=\/wp\/v2\/users\/2"}],"replies":[{"embeddable":true,"href":"https:\/\/vpmedias.fr\/index.php?rest_route=%2Fwp%2Fv2%2Fcomments&post=12386"}],"version-history":[{"count":0,"href":"https:\/\/vpmedias.fr\/index.php?rest_route=\/wp\/v2\/posts\/12386\/revisions"}],"wp:attachment":[{"href":"https:\/\/vpmedias.fr\/index.php?rest_route=%2Fwp%2Fv2%2Fmedia&parent=12386"}],"wp:term":[{"taxonomy":"category","embeddable":true,"href":"https:\/\/vpmedias.fr\/index.php?rest_route=%2Fwp%2Fv2%2Fcategories&post=12386"},{"taxonomy":"post_tag","embeddable":true,"href":"https:\/\/vpmedias.fr\/index.php?rest_route=%2Fwp%2Fv2%2Ftags&post=12386"}],"curies":[{"name":"wp","href":"https:\/\/api.w.org\/{rel}","templated":true}]}}