{"id":124,"date":"2008-10-03T21:05:00","date_gmt":"2008-10-03T20:05:00","guid":{"rendered":"http:\/\/vpmedias.e3b.org\/?p=124"},"modified":"2008-10-03T21:05:00","modified_gmt":"2008-10-03T20:05:00","slug":"alors-que-bison-fute-voit-rouge-dans-le-sens-des-departs-vpmiens-2","status":"publish","type":"post","link":"https:\/\/vpmedias.fr\/?p=124","title":{"rendered":"Alors que Bison Fut\u00e9 voit rouge dans le sens des d\u00e9parts VPMiens&#8230;"},"content":{"rendered":"<p><span style=\"font-weight: bold;\">Auteur :<\/span> LibertyJack<br \/>\n<span style=\"font-weight: bold;\">Date :<\/span> 26\/09\/08 | 18h 13<\/p>\n<div style=\"text-align: justify;\"><strong>Petit retour sur VPM<\/strong><\/p>\n<p>Peu de gens me connaissent encore. Enfin, seulement quelques tr\u00e8s anciens certainement. Je suis arriv\u00e9 sur VPM en ao\u00e0 \u00bbt 2007.<\/p>\n<p>Ayant gagn\u00e9 haut-la-main ma premi\u00e8re campagne, j&rsquo;ai rejoint l&rsquo;Union D\u00e9mocrate Populaire, un parti fond\u00e9 par Hakuoro et Ludaz, qui, apr\u00e8s \u00eatre pass\u00e9 dans le top trente au mois de juillet pr\u00e9c\u00e9dent, est retomb\u00e9 \u00e0\u00a0 la cinquanti\u00e8me place. Mais il avait quelque chose qui n&rsquo;\u00e9tait pas pr\u00e9sent chez les autres partis cherchant des membres \u00e0\u00a0 l&rsquo;\u00e9poque. Celui-l\u00e0\u00a0 \u00e9tait un parti qui \u00e9tait ORGANISE. Ceci peut para\u00eetre \u00e9trange au vu de ce qui se passe actuellement sur VPM, mais \u00e0\u00a0 l&rsquo;\u00e9poque, presque aucun parti n&rsquo;avait de forum.<\/p>\n<p>Et le jeu \u00e9tait beaucoup plus primitif qu&rsquo;aujourd&rsquo;hui. Mais peut-\u00eatre aussi plus pr\u00e9cis, plus fin \u00e0\u00a0 jouer. Tout cela d\u00e9pend des avis et je me souviens encore des d\u00e9bats monumentaux qu&rsquo;il y a eu, dont ceux lanc\u00e9s par Mathusalem o\u00f9 des membres comme Pooky, Consti, Occhigeas, ou m\u00eame Ritzle (non, ce n&rsquo;est pas une blague :P) participaient avec une honn\u00eatet\u00e9 m\u00eal\u00e9e de certitude assez magnifique.<\/p>\n<p>Toujours est-il qu&rsquo;ayant rejoint l&rsquo;UDP (parti d\u00e9sormais assez mort, et j&rsquo;en suis triste), je me suis v\u00e9ritablement investi dedans, j&rsquo;ai recrut\u00e9, j&rsquo;ai gagn\u00e9 des campagnes, j&rsquo;ai sp\u00e9cul\u00e9 pourrais-je m\u00eame dire et nous sommes remont\u00e9s rapidement vers la 20\u00e8me place.<!--more--><\/p>\n<p>C&rsquo;est alors qu&rsquo;est n\u00e9e la premi\u00e8re id\u00e9e d&rsquo;alliance. Nous avions d\u00e9cid\u00e9 de nous allier avec le Parti D\u00e9mocrate R\u00e9publicain (\u00e0\u00a0 l&rsquo;\u00e9poque dans le top 15). Mais l&rsquo;alliance ne fut pas r\u00e9ellement productive. Mais, continuant notre mont\u00e9e avec des membres comme Hakuoro, Claquette, Robindher m\u00eame, nous continuions de monter dans le classement.<\/p>\n<p>Mais notre soif de pouvoir ne s&rsquo;arr\u00eata pas l\u00e0\u00a0. Nous nous inqui\u00e9tions des pr\u00e9sidentielles. Je fus d\u00e9sign\u00e9 candidat pour celles de mars 2008 et mes tentatives de tractation avec le d\u00e9nomm\u00e9 Banana n&rsquo;ont malheureusement pas r\u00e9ussi. Mais cela avait au moins permis une chose : j&rsquo;avais d\u00e9couvert quelqu&rsquo;un de passionnant et de r\u00e9ellement sympathique. Je perdis le second tour \u00e0\u00a0 une voix pr\u00e8s face \u00e0\u00a0 Euskadi. Et je me retirai la larme \u00e0\u00a0 l&rsquo;oeil. Laissant derri\u00e8re moi des souvenirs improbables avec des gens extras!<\/p>\n<p>Aujourd&rsquo;hui, je rejoue ma premi\u00e8re partie depuis pr\u00e8s de six mois sans savoir si je resterai ou non. \u00c7a me fait tr\u00e8s bizarre mais c&rsquo;est aussi tr\u00e8s agr\u00e9able de savoir que j&rsquo;ai pu contribuer au jeu, que j&rsquo;y ai apport\u00e9 des id\u00e9es, et avant tout que j&rsquo;ai pu faire des rencontres enivrantes et int\u00e9ressantes.<\/p><\/div>\n<div style=\"text-align: right;\"><strong><span style=\"margin-right: 50px;\">LibertyJack<\/span><\/strong><\/div>\n","protected":false},"excerpt":{"rendered":"<p>Auteur : LibertyJack Date : 26\/09\/08 | 18h 13 Petit retour sur VPM Peu de gens me connaissent encore. Enfin, seulement quelques tr\u00e8s anciens certainement. Je suis arriv\u00e9 sur VPM en ao\u00e0 \u00bbt 2007. Ayant gagn\u00e9 haut-la-main ma premi\u00e8re campagne, j&rsquo;ai rejoint l&rsquo;Union D\u00e9mocrate Populaire, un parti fond\u00e9 par Hakuoro et Ludaz, qui, apr\u00e8s \u00eatre [&hellip;]<\/p>\n","protected":false},"author":32,"featured_media":0,"comment_status":"open","ping_status":"open","sticky":false,"template":"","format":"standard","meta":{"site-container-style":"default","site-container-layout":"default","site-sidebar-layout":"default","disable-article-header":"default","disable-site-header":"default","disable-site-footer":"default","disable-content-area-spacing":"default","footnotes":""},"categories":[302],"tags":[],"class_list":["post-124","post","type-post","status-publish","format-standard","hentry","category-5-la-tribune-libre"],"_links":{"self":[{"href":"https:\/\/vpmedias.fr\/index.php?rest_route=\/wp\/v2\/posts\/124","targetHints":{"allow":["GET"]}}],"collection":[{"href":"https:\/\/vpmedias.fr\/index.php?rest_route=\/wp\/v2\/posts"}],"about":[{"href":"https:\/\/vpmedias.fr\/index.php?rest_route=\/wp\/v2\/types\/post"}],"author":[{"embeddable":true,"href":"https:\/\/vpmedias.fr\/index.php?rest_route=\/wp\/v2\/users\/32"}],"replies":[{"embeddable":true,"href":"https:\/\/vpmedias.fr\/index.php?rest_route=%2Fwp%2Fv2%2Fcomments&post=124"}],"version-history":[{"count":0,"href":"https:\/\/vpmedias.fr\/index.php?rest_route=\/wp\/v2\/posts\/124\/revisions"}],"wp:attachment":[{"href":"https:\/\/vpmedias.fr\/index.php?rest_route=%2Fwp%2Fv2%2Fmedia&parent=124"}],"wp:term":[{"taxonomy":"category","embeddable":true,"href":"https:\/\/vpmedias.fr\/index.php?rest_route=%2Fwp%2Fv2%2Fcategories&post=124"},{"taxonomy":"post_tag","embeddable":true,"href":"https:\/\/vpmedias.fr\/index.php?rest_route=%2Fwp%2Fv2%2Ftags&post=124"}],"curies":[{"name":"wp","href":"https:\/\/api.w.org\/{rel}","templated":true}]}}