{"id":12679,"date":"2012-06-09T14:00:54","date_gmt":"2012-06-09T12:00:54","guid":{"rendered":"http:\/\/vpmedias.fr\/?p=12679"},"modified":"2012-06-08T18:25:53","modified_gmt":"2012-06-08T16:25:53","slug":"lillu-du-samedi-090612","status":"publish","type":"post","link":"https:\/\/vpmedias.fr\/?p=12679","title":{"rendered":"L\u2019illu du samedi 09\/06\/12"},"content":{"rendered":"<p style=\"text-align: center;\">Tous les samedis, un dessin, un croquis, une photo vient illuster l&rsquo;actu VPMienne ou de <a href=\"\/?tag=la-vraie-vie\">la vraie vie<\/a>.<\/p>\n<p><!--more--><\/p>\n<hr \/>\n<p style=\"text-align: center;\"><a href=\"http:\/\/img15.hostingpics.net\/pics\/721305legislatives.jpg\"><img decoding=\"async\" src=\"http:\/\/img15.hostingpics.net\/pics\/721305legislatives.jpg\" alt=\"Legislatives\" width=\"100%\" \/><\/a><\/p>\n<p style=\"text-align: center;\"><em>C&rsquo;est s\u00fbr que compar\u00e9 \u00e0 la pr\u00e9sidentielle \u00e7a a l&rsquo;air un peu naze les l\u00e9gislatives, genre le truc qui sert \u00e0 rien et qui est juste l\u00e0 pour vous pourrir votre dimanche, mais c&rsquo;est au moins aussi important. Alors demain, n&rsquo;oubliez pas d&rsquo;aller voter, ne serait-ce que pour briser une certaine vague bleue marine.<\/em><\/p>\n<p>[finillu]<\/p>\n","protected":false},"excerpt":{"rendered":"<p>Tous les samedis, un dessin, un croquis, une photo vient illuster l&rsquo;actu VPMienne ou de la vraie vie.<\/p>\n","protected":false},"author":13,"featured_media":0,"comment_status":"open","ping_status":"open","sticky":false,"template":"","format":"standard","meta":{"site-container-style":"default","site-container-layout":"default","site-sidebar-layout":"default","disable-article-header":"default","disable-site-header":"default","disable-site-footer":"default","disable-content-area-spacing":"default","footnotes":""},"categories":[312,4],"tags":[426,188,534],"class_list":["post-12679","post","type-post","status-publish","format-standard","hentry","category-g-a-la-une","category-2-vpmc","tag-0uicmoi","tag-lillu-du-samedi","tag-legislatives"],"_links":{"self":[{"href":"https:\/\/vpmedias.fr\/index.php?rest_route=\/wp\/v2\/posts\/12679","targetHints":{"allow":["GET"]}}],"collection":[{"href":"https:\/\/vpmedias.fr\/index.php?rest_route=\/wp\/v2\/posts"}],"about":[{"href":"https:\/\/vpmedias.fr\/index.php?rest_route=\/wp\/v2\/types\/post"}],"author":[{"embeddable":true,"href":"https:\/\/vpmedias.fr\/index.php?rest_route=\/wp\/v2\/users\/13"}],"replies":[{"embeddable":true,"href":"https:\/\/vpmedias.fr\/index.php?rest_route=%2Fwp%2Fv2%2Fcomments&post=12679"}],"version-history":[{"count":2,"href":"https:\/\/vpmedias.fr\/index.php?rest_route=\/wp\/v2\/posts\/12679\/revisions"}],"predecessor-version":[{"id":12682,"href":"https:\/\/vpmedias.fr\/index.php?rest_route=\/wp\/v2\/posts\/12679\/revisions\/12682"}],"wp:attachment":[{"href":"https:\/\/vpmedias.fr\/index.php?rest_route=%2Fwp%2Fv2%2Fmedia&parent=12679"}],"wp:term":[{"taxonomy":"category","embeddable":true,"href":"https:\/\/vpmedias.fr\/index.php?rest_route=%2Fwp%2Fv2%2Fcategories&post=12679"},{"taxonomy":"post_tag","embeddable":true,"href":"https:\/\/vpmedias.fr\/index.php?rest_route=%2Fwp%2Fv2%2Ftags&post=12679"}],"curies":[{"name":"wp","href":"https:\/\/api.w.org\/{rel}","templated":true}]}}