{"id":12981,"date":"2012-06-26T10:53:21","date_gmt":"2012-06-26T08:53:21","guid":{"rendered":"http:\/\/vpmedias.fr\/?p=12981"},"modified":"2012-06-26T10:53:21","modified_gmt":"2012-06-26T08:53:21","slug":"faites-nous-marches-2","status":"publish","type":"post","link":"https:\/\/vpmedias.fr\/?p=12981","title":{"rendered":"Faites-nous march\u00e9s ! #2"},"content":{"rendered":"<p style=\"text-align: justify;\">Les march\u00e9s sont parfois dr\u00f4les, parfois tendus, parfois peupl\u00e9s, parfois d\u00e9sert\u00e9s, parfois insolites, parfois pr\u00e9visibles. En tous cas, ils ne me laissent jamais indiff\u00e9rent. Et vous ? Je m&rsquo;y suis promen\u00e9 avec d\u00e9lectation, et voici ce que je ram\u00e8ne dans mon panier&#8230;<\/p>\n<h2 style=\"text-align: center;\">Bastia<\/h2>\n<p style=\"text-align: justify;\">[box style=\u00a0\u00bbrounded\u00a0\u00bb]<\/p>\n<p>De <strong>lerois<\/strong> le 25\/06 \u00e0 09:48<br \/>\nMerci lutter contre coruption<\/p>\n<p style=\"text-align: justify;\">[\/box]<\/p>\n<p style=\"text-align: justify;\">On commence tout doucement. Pas de gros choc intellectuel d&rsquo;entr\u00e9e, ce serait de la cruaut\u00e9.<\/p>\n<hr \/>\n<h2 style=\"text-align: center;\">Bruxelles<\/h2>\n<p style=\"text-align: justify;\">[box style=\u00a0\u00bbrounded\u00a0\u00bb]<\/p>\n<p>De <strong>atila<\/strong> le 21\/06 \u00e0 16:39<br \/>\nHello tout le monde,<\/p>\n<p>7 jours \u00e0 passer encore ensemble \u00e0 Bruxelles et (enfin) un peu d&rsquo;agitation ! ^^<\/p>\n<p>Si Bata n&rsquo;est pas \u00e0 l&rsquo;origine des \u00ab\u00a0coups de savates\u00a0\u00bb sur Warnock c&rsquo;est peut-\u00eatre \u00ab\u00a0Andr\u00e9\u00a0\u00bb ou \u00ab\u00a0Eram\u00a0\u00bb &#8230;<br \/>\nBon, cette blague est nulle, je le conc\u00e8de. Et en plus, dans Batha, il y a un \u00ab\u00a0H\u00a0\u00bb.<br \/>\nLe \u00ab\u00a0H\u00a0\u00bb c&rsquo;est ce que je conseillerai de consommer \u00e0 certains. Cela a des effets calmants et m\u00eame parait-il th\u00e9rapeutique.<br \/>\nAux USA, la \u00ab\u00a0marie-jeannne\u00a0\u00bb est m\u00eame prescrits pour soigner certains troubles psychologiques : insomnies, somnambulisme &#8230; Etc.<\/p>\n<p>Une solution plus simple consiste en effet sa messagerie perso de certains contacts ! ^^<\/p>\n<p>Bref, bref aujourd&rsquo;hui c&rsquo;est la F\u00eate de la Musique et comme on dit : la musique adoucit les moeurs, alors bonne f\u00eate ! ^^<\/p>\n<p>&nbsp;<\/p>\n<p>De <strong>atila<\/strong> le 23\/06 \u00e0 10:04<br \/>\nHello tout le monde,<\/p>\n<p>Un message au preneur d&rsquo;otage de mon bon Almaric Alta : il a peur du noir et est allergique au Gluten &#8230; Merci d&rsquo;en tenir compte lors de sa d\u00e9tention ^^<\/p>\n<p>Sinon, des ptites blagounettes de sale gosse (c&rsquo;est mon mioche qui m&rsquo;a racont\u00e9 \u00e7a ce matin et \u00e7a m&rsquo;a fait fait marrer) &#8230;<br \/>\n&#8211; C&rsquo;est une pomme de terre qui croise un brugnon &#8230; Le second dit \u00e0 la premi\u00e8re : pur\u00e9e t&rsquo;a la frite toi ! La pomme de terre r\u00e9pond : et toi, t&rsquo;a l&rsquo;air d&rsquo;avoir la p\u00eache !<\/p>\n<p>&#8211; C&rsquo;est deux jolis \u00ab\u00a0\u00e9trons\/cacas\u00a0\u00bb qui jouent \u00e0 la guerre. Une petite diahr\u00e9e passe par l\u00e0 et demande : je peux jouer avec vous les gars ? Les deux autres r\u00e9pondent : laisse tomber. La guerre c&rsquo;est pour les durs et toi, t&rsquo;es trop mou &#8230;.<\/p>\n<p>Sinon, encore dans l&rsquo;actu du jour : allez les bleus (\u00e9vitez au moins d&rsquo;\u00eatre ridicules ^^) !<\/p>\n<p style=\"text-align: justify;\">[\/box]<\/p>\n<p style=\"text-align: justify;\">Une s\u00e9quence qui se passe de commentaire : Atila dans ses \u0153uvres !<\/p>\n<hr \/>\n<h2 style=\"text-align: center;\">M\u00e2con<\/h2>\n<p style=\"text-align: justify;\">[box style=\u00a0\u00bbrounded\u00a0\u00bb]<\/p>\n<p>De <strong>daniiel<\/strong> le 16\/06 \u00e0 11:24<br \/>\nLa corruption c&rsquo;est pas tr\u00e8s bien<br \/>\n\u00e7a peut venir du jour au lendemain<br \/>\nc&rsquo;est quelque chose qu&rsquo;on ne peut pas pr\u00e9voir<br \/>\n\u00e7a cr\u00e9e toujours de mauvaises histoires<br \/>\nLa corruption elle peut faire mal<br \/>\nsurtout quand ton leader parle de toi en mal<br \/>\nAlors tu perds plein de voix<br \/>\net toi tu reste sans voix<br \/>\nTous tes efforts sont r\u00e9duits \u00e0 n\u00e9ants<br \/>\nque tu sois de Paris de Dijon ou d&rsquo;Orl\u00e9ans<br \/>\nCe fl\u00e9au ne cessera de grandir<br \/>\ntant que pour l&rsquo;argent nous serons des martyrs<br \/>\nAlors toi derri\u00e8re ton \u00e9cran fais bien attention<br \/>\ncar toi aussi \u00e0 tout moment tu peux \u00eatre victime de:<br \/>\nLA CORRUPTION<\/p>\n<p>extrait du nouveau single Grand corps malade feat m\u00e9lenchon!!<\/p>\n<p>&nbsp;<\/p>\n<p>De <strong>lelapin<\/strong> le 18\/06 \u00e0 00:46<br \/>\nEt oui, comme tous les lapins, tout le monde m&rsquo;aime.<\/p>\n<p>C&rsquo;est sans doute mes grandes oreilles. Ou alors ma petite queue fr\u00e9tillante.<\/p>\n<p>Na na n\u00e8re, je suis le chouchou ;-)<\/p>\n<p>&nbsp;<\/p>\n<p>De <strong>daniiel<\/strong> le 18\/06 \u00e0 11:03<br \/>\nFaire alliance avec au autre<br \/>\nc&rsquo;est faire confiance comme \u00e0 un pote<br \/>\nil peut y avoir des d\u00e9ceptions<br \/>\nmais aussi de tr\u00e8s belles conclusions<\/p>\n<p>Tu ne fais plus le ch&rsquo;min tout seul<br \/>\nT&rsquo;as moins peur d&rsquo;te faire casser la gueule<br \/>\nparce qu&rsquo;a tes c\u00f4t\u00e9s y a ton alli\u00e9<br \/>\nSur qui tu sais qu&rsquo;tu peux compter<\/p>\n<p>l&rsquo;\u00e9quipe alors devient plus forte<br \/>\ntu n&rsquo;enfonces plus des f&rsquo;n\u00eatres mais bien des portes<br \/>\nA deux on peut tout p\u00e9ter<br \/>\nfaut juste pas s&rsquo;la raconter<\/p>\n<p>Sp\u00e9ciale caced\u00e9die \u00e0 tous les alli\u00e9s<br \/>\nensemble on peut tout gagner<br \/>\nIl parait que l&rsquo;union fait la force<br \/>\nAlors allons-y allions-nous jusqu&rsquo;au divorce!!<\/p>\n<p>Extrait du nouveau single \u00ab\u00a0les alli\u00e9s\u00a0\u00bb de MLP feat SGR<\/p>\n<p style=\"text-align: justify;\">[\/box]<\/p>\n<p style=\"text-align: justify;\">A M\u00e2con, les candidats ont oubli\u00e9 d&rsquo;\u00eatre cons. On y trouve un compositeur inspir\u00e9, et un lapin \u00e0 la queue fr\u00e9tillante. Reste \u00e0 savoir laquelle.<\/p>\n<hr \/>\n<h2 style=\"text-align: center;\">Toulouse<\/h2>\n<p style=\"text-align: justify;\">[box style=\u00a0\u00bbrounded\u00a0\u00bb]<\/p>\n<p>De <strong>paquito<\/strong> le 18\/06 \u00e0 11:49<br \/>\nHola amigos,<\/p>\n<p>Comment \u00e7a va chez vous ? Bien j&rsquo;esp\u00e8re ! ^^<\/p>\n<p>Tiens au vu d&rsquo;une info toute r\u00e9cente en relation avec cette campagne toulousaine, on m&rsquo;a piqu\u00e9 mon joli stade du jour, un p&rsquo;tit truc rigolo &#8230;<br \/>\nJe vous propose de parler un peu espagnol ^^<\/p>\n<p>L&rsquo;anagramme du jour pourrait \u00eatre \u00ab\u00a0Conejos\u00a0\u00bb (traduction : lapins) et \u00ab\u00a0Cojones\u00a0\u00bb (traduction : les couilles en langage vulgaire &#8230;).<\/p>\n<p>Mon bon amigo \u00ab\u00a0newsnews\u00a0\u00bb dont l&rsquo;avatar est un lapin &#8211; un conejo donc &#8211; a r\u00e9cup\u00e9r\u00e9 un stade &#8230;<\/p>\n<p>Ce stade qui m&rsquo;appartenait avait \u00e9t\u00e9 lib\u00e9r\u00e9 auparavant par un joueur qui n&rsquo;ai pas eu les \u00ab\u00a0Cojones\u00a0\u00bb de le garder pour lui !<\/p>\n<p>Moralit\u00e9 : si je fais toujours confiance \u00e0 mon amigo le \u00ab\u00a0Conejo\u00a0\u00bb, je conchie le joueur qui n&rsquo;a pas eu les \u00ab\u00a0Cojones\u00a0\u00bb d&rsquo;aller jusqu&rsquo;au bout de sa d\u00e9marche ^^<br \/>\nSi tu corromps &#8211; et tu en as parfaitement le droit ! &#8211; va jusqu&rsquo;au bout de ta d\u00e9marche et prends la salle que tu as chopp\u00e9 !!!<\/p>\n<p>&nbsp;<\/p>\n<p>De <strong>boblecave<\/strong> le 19\/06 \u00e0 00:41<br \/>\nKurva bude soubor&#8230;Ty sr\u00e1\u010di, chud\u00ed, mrcho! Na z\u00e1chod\u011b bastard, pedoque. Ta projekty treska, inici\u00e1tor, dostanete zp\u011bt,Ubo\u017e\u00e1ku, zkurvysynu, Wc \u0161p\u00edna. Va\u0161e rasa, co sr\u00e1\u010di, va\u0161\u00ed matky, kurva! Velk\u00e1 kr\u00e1va;) sakra! J\u00e1 v\u00e1s nen\u00e1vid\u00edm Tared chud\u00ed!Kret\u00e9ne! Je pl\u00edse\u0148, velk\u00fd hloup\u00fd&#8230;Takov\u00e1 mal\u00e1. P\u0159\u00edtelkyn\u011b,Jste rozmno\u017e\u00ed, solen\u00e9 vep\u0159ov\u00e9! M\u011bkk\u00fd, \u0161a\u0161ek koulemi!Otoky, bednu, u\u017e druh\u016f, zcela nev\u011bstinec!Tv\u00e1\u0159 krysy, druh facho, budete hotovi s prdel? Hn\u016fj.Tarlouze, j\u00edst hovna&#8230;Hajzle!<\/p>\n<p>&nbsp;<\/p>\n<p>De <strong>March\u00e9 local<\/strong> le 25\/06 \u00e0 11:17<\/p>\n<p>Le citoyen Zita momoulah a \u00e9t\u00e9 influenc\u00e9(e) favorablement par <strong>newsnews<\/strong> pour son animation du march\u00e9<\/p>\n<p>Message du citoyen : <em>Wowowow ! Quelle ambiance, les z&rsquo;enfants ! Et si on parlait de saucisses ? Les saucisses adoucissent les moeurs !<\/em><\/p>\n<p>&nbsp;<\/p>\n<p>De <strong>paquito<\/strong> le 25\/06 \u00e0 15:49<br \/>\nHola amigos,<\/p>\n<p>Ben oui Gerra, \u00e7a envoie du bois sur cette campagne toulousaine !^^<br \/>\nEn m\u00eame temps, tu sais pourquoi amigo &#8230; Donc no problemo, hein ?<\/p>\n<p>La saucisse ?<br \/>\nCelle de Toulouse est r\u00e9put\u00e9e &#8230; Mais, perso, je pr\u00e9f\u00e8re la \u00ab\u00a0Morteau\u00a0\u00bb voire, la \u00ab\u00a0Montb\u00e9liard\u00a0\u00bb. Enfin cela dit, ces deux derni\u00e8res saucisses sont utilis\u00e9e dans la choucroute.<br \/>\nVu qu&rsquo;on est \u00e0 Toulouse, l&rsquo;autre capitale du cassoulet, la saucisse dite de Toulouse est plus conseill\u00e9e.<br \/>\nM\u00eame dans le \u00ab\u00a0Cassoulet de Castelnaudary\u00a0\u00bb, il est conseill\u00e9 de mettre de la saucisse de Toulouse !<\/p>\n<p>Plus que deux jours \u00e0 passer ensemble en campagne ici : va ecore y avoir de la \u00ab\u00a0bouillabaisse\u00a0\u00bb au menu pour certain ^^<\/p>\n<p style=\"text-align: justify;\">[\/box]<\/p>\n<p style=\"text-align: justify;\">Paquito contrep\u00e8te et se charge de notre culture. Boblecave dispense les cours de langue \u00e9trang\u00e8re, tr\u00e8s \u00e9trange, m\u00eame. Vous n&rsquo;avez qu&rsquo;\u00e0 essayer la d\u00e9tection automatique de Google Translate !<\/p>\n<hr \/>\n<h2 style=\"text-align: center;\">Issy-Les-Moulineaux<\/h2>\n<p style=\"text-align: justify;\">[box style=\u00a0\u00bbrounded\u00a0\u00bb]<\/p>\n<p>De <strong>garou<\/strong> le 11\/06 \u00e0 18:54<br \/>\nBonjour \u00e0 tous, \u00e7a va bien?<br \/>\nBonne campagne \u00e0 vous, que le moins valis\u00e9 gagne (vu comme c&rsquo;est partis)<\/p>\n<p>&nbsp;<\/p>\n<p>De <strong>garou<\/strong> le 16\/06 \u00e0 16:14<br \/>\nBonjour, quels sont les candidats ici pr\u00e9sent qui ont d\u00e9j\u00e0 particip\u00e9 \u00e0 l\u2019\u00e9lection de cette ville?<br \/>\nJ&rsquo;aime bien savoir ou je pose mes pieds avant d&rsquo;entamer les hosti.. jouir de l&rsquo;hospitalit\u00e9 locale. :D<\/p>\n<p>&nbsp;<\/p>\n<p>De <strong>liguefrancaise<\/strong> le 26\/06 \u00e0 00:53<br \/>\nles citoyens ont vot\u00e9, les urnes ont parl\u00e9 et me revoila en tete, tout les sondages n&rsquo;\u00e9taient que trucages parce que des concurrents, et je sais qui c&rsquo;est, ont corrompu le journaliste ! Un seul candidat envers qui reporter les voix : liguefrancaise<\/p>\n<p>&nbsp;<\/p>\n<p>De <strong>March\u00e9 local<\/strong> le 26\/06 \u00e0 10:09<\/p>\n<p>Le citoyen Natacha frato a \u00e9t\u00e9 influenc\u00e9(e) favorablement par <strong>liguefrancaise<\/strong> pour son animation du march\u00e9<\/p>\n<p>Message du citoyen : <em>Si tu entends les urnes parler, il faut consulter de toute urgence.<\/em><\/p>\n<p style=\"text-align: justify;\">[\/box]<\/p>\n<p style=\"text-align: justify;\">\u00ab\u00a0Que le moins valis\u00e9 gagne\u00a0\u00bb . Voil\u00e0 une devise VPMienne qui se tient. Pourquoi ne pas l&rsquo;avoir propos\u00e9e au moment du concours Identit\u00e9 VPM ? ^^ Garou entame l&rsquo;hospitalit\u00e9 locale. Liguefrancaise entend des voix, et il para\u00eet qu&rsquo;elles sont sorties des urnes.<\/p>\n<hr \/>\n<h2 style=\"text-align: center;\">La Rochelle<\/h2>\n<p style=\"text-align: justify;\">[box style=\u00a0\u00bbrounded\u00a0\u00bb]<\/p>\n<p>De <strong>prodyge<\/strong> le 24\/06 \u00e0 18:56<br \/>\nA coup de pelle, les b\u00e2tisseurs s&rsquo;imposeront \u00e0 La Rochelle !<\/p>\n<p>&nbsp;<\/p>\n<p>De <strong>swaggeuse<\/strong> le 24\/06 \u00e0 19:04<br \/>\nJe vais te mettre un coup d&rsquo;pelle et bam, tu pourras plus faire campagne x)<\/p>\n<p>&nbsp;<\/p>\n<p>De <strong>March\u00e9 local<\/strong> le 25\/06 \u00e0 11:24<\/p>\n<p>Le citoyen Marcel brabumeglou a \u00e9t\u00e9 influenc\u00e9(e) favorablement par <strong>swaggeuse<\/strong> pour son animation du march\u00e9<\/p>\n<p>Message du citoyen : <em>Qui veut me rouler une pelle ?<\/em><\/p>\n<p style=\"text-align: justify;\">[\/box]<\/p>\n<p style=\"text-align: justify;\">Qui veut me rouler une pelle, alors ? La proposition tient toujours. Pour l&rsquo;instant, ce sont les r\u00e2teaux que je ramasse \u00e0 la pelle !<\/p>\n<hr \/>\n<h2 style=\"text-align: center;\">Rennes<\/h2>\n<p style=\"text-align: justify;\">[box style=\u00a0\u00bbrounded\u00a0\u00bb]<\/p>\n<p>De <strong>greywind<\/strong> le 23\/06 \u00e0 16:48<br \/>\nOuaiiiiiiiiiiiis aller les bleus lol<\/p>\n<p>&nbsp;<\/p>\n<p>De <strong>greywind<\/strong> le 24\/06 \u00e0 15:00<br \/>\nViva la roja (ou comment retourner sa veste)<\/p>\n<p style=\"text-align: justify;\">[\/box]<\/p>\n<p style=\"text-align: justify;\">Schizophr\u00e9nie lvl retournement de veste qui crache dans les coutures. Greywind a tout du politicien id\u00e9al.<\/p>\n<hr \/>\n<h2 style=\"text-align: center;\">Marseille<\/h2>\n<p style=\"text-align: justify;\">[box style=\u00a0\u00bbrounded\u00a0\u00bb]<\/p>\n<p>De <strong>bonobo<\/strong> le 23\/06 \u00e0 16:14<br \/>\nSalut tous !<\/p>\n<p>Il parait que Sarkasme a fait un hold-up, ici, y a quelques jours ?<\/p>\n<p>Du coup, mon chef, il m&rsquo;a dit :<br \/>\n\u00ab\u00a0Va \u00e0 Marseille, et prend la ville, zou !\u00a0\u00bb<\/p>\n<p>Alors&#8230;.moi j&rsquo;arrive, et quand je vois le plateau (pas de fruits de mer, ou alors des crabes ?), ben je me dis qu&rsquo;y a de grandes chances pour qu&rsquo;au final, je rentre bredouille, pique nique douille, c&rsquo;est moi l&rsquo;andouille, et mon chef, Papito, ben il sera pas content !<\/p>\n<p>Enfin&#8230;. Bonne campagne ;-)<\/p>\n<p style=\"text-align: justify;\">[\/box]<\/p>\n<p style=\"text-align: justify;\">Esp\u00e8ce de fripouille ! Au fait, qu&rsquo;est-ce qu&rsquo;un Papito ? Un p\u00e9pito qui est devenu grand-p\u00e8re ?<\/p>\n<hr \/>\n<h2 style=\"text-align: center;\">Nice<\/h2>\n<p style=\"text-align: justify;\">[box style=\u00a0\u00bbrounded\u00a0\u00bb]<\/p>\n<p>De <strong>March\u00e9 local<\/strong> le 23\/06 \u00e0 18:48<\/p>\n<p>Le citoyen Helen lege a \u00e9t\u00e9 influenc\u00e9(e) favorablement par <strong>kolik<\/strong> pour son animation du march\u00e9<\/p>\n<p>Message du citoyen : <em>Merci colique, gr\u00e0ce \u00e0 toi j&rsquo;ai perdu 2 kilos :-)<\/em><\/p>\n<p style=\"text-align: justify;\">[\/box]<\/p>\n<p style=\"text-align: justify;\">Ne me regardez pas comme \u00e7a : c&rsquo;est pas moi qui ai \u00e9crit \u00e7a !! Vous voulez la preuve ? Je n&rsquo;ai jamais, jamais, jamais perdu de kilos de toute ma vie. Je ne vais pas commencer maintenant. Et pi \u00e9crire \u00ab\u00a0gr\u00e0ce\u00a0\u00bb avec une faute&#8230; Autant parler de grasse.<\/p>\n<hr \/>\n<h2 style=\"text-align: center;\">Cherbourg<\/h2>\n<p style=\"text-align: justify;\">[box style=\u00a0\u00bbrounded\u00a0\u00bb]<\/p>\n<p>De <strong>bibinio<\/strong> le 14\/06 \u00e0 19:00<br \/>\nALLEZ TOUS SUR LA POINTE DES PIEDS ET ON DANSE :)<\/p>\n<p style=\"text-align: justify;\">[\/box]<\/p>\n<p style=\"text-align: justify;\">Merde, c&rsquo;est quoi cette nouvelle danse ? Merde, on a une pointe sur les pieds ? Merde, j&rsquo;ai des pieds ?<\/p>\n<hr \/>\n<h2 style=\"text-align: center;\">\u00a0Perpignan<\/h2>\n<p style=\"text-align: justify;\">[box style=\u00a0\u00bbrounded\u00a0\u00bb]<\/p>\n<p>De <strong>saphir<\/strong> le 16\/06 \u00e0 20:19<br \/>\nTIENS bienvenue au blaireau! je vais te mettre la mis\u00e8re ! :-)<\/p>\n<p>Fini de rigoler !<\/p>\n<p>Bonne campagne aux autres dans la joie et la bonne humeur! je suis quelqu&rsquo;un de tr\u00e8s sympa!<\/p>\n<p>Puis je suis quelqu&rsquo;un de tr\u00e8s important et influent! donc m\u00e9fiez vous je peux faire de votre vie un enfer ah ah ah ah ah<br \/>\nDe <strong>arfenus<\/strong> le 17\/06 \u00e0 11:04<br \/>\nBonjour \u00e0 tous,<\/p>\n<p>Saphir pour ton information stoat n&rsquo;est pas un blaireau mais une hermine royale xD<\/p>\n<p>Sinon bonne campagne \u00e0 vous<\/p>\n<p>&nbsp;<\/p>\n<p>De <strong>saphir<\/strong> le 17\/06 \u00e0 13:15<br \/>\nJe ne parlais pas de stoat arfenus!<\/p>\n<p>franchement c&rsquo;est d\u00e9gueulasse ton comportement! stoat tu sais maintenant qui est le pr\u00e9sident le plus sympa entre arfenus et moi ! :-)<\/p>\n<p>&nbsp;<\/p>\n<p>De <strong>saphir<\/strong> le 25\/06 \u00e0 08:03<br \/>\nMoi j&rsquo;en appelle \u00e0 la mod\u00e9ration!<\/p>\n<p>Je commence \u00e0 en avoir marre des attaques perp\u00e9tuelles de Monsieur arfenus.<\/p>\n<p>Je suis en d\u00e9pression! j&rsquo;ai m\u00eame pens\u00e9 au pire&#8230;<\/p>\n<p>Oui je suis mauvais! (surtout \u00e0 celle-ci) je ne comprends plus rien ^^<\/p>\n<p>mais un jour je me rattraperais sachez le!<\/p>\n<p>au fait c&rsquo;est qui qui corromps ?<\/p>\n<p>&nbsp;<\/p>\n<p>De <strong>stoat<\/strong> le 25\/06 \u00e0 11:11<br \/>\nC&rsquo;est Dens !<\/p>\n<p>&nbsp;<\/p>\n<p>De <strong>March\u00e9 local<\/strong> le 25\/06 \u00e0 11:34<\/p>\n<p>Le citoyen John neblitheng a \u00e9t\u00e9 influenc\u00e9(e) favorablement par <strong>saphir<\/strong> pour son animation du march\u00e9<\/p>\n<p>Message du citoyen : <em>Ici Saphir. Comme je suis modo je me prime moi-m\u00eame. C&rsquo;est un scandale. Il faut corrompre Saphir !!<\/em><\/p>\n<p>&nbsp;<\/p>\n<p>De <strong>saphir<\/strong> le 25\/06 \u00e0 11:39<br \/>\nSi je trouve le modo qui se prend pour moi, je lui met la fess\u00e9e ! mdr<\/p>\n<p>&nbsp;<\/p>\n<p>De <strong>arfenus<\/strong> le 25\/06 \u00e0 17:04<br \/>\nsaphir tu es pri\u00e9 de dire \u00e0 tes leaders qu&rsquo;ils changent de costard, le rouge m&rsquo;est r\u00e9serv\u00e9<\/p>\n<p>&nbsp;<\/p>\n<p>De <strong>stoat<\/strong> le 25\/06 \u00e0 17:06<br \/>\nLe rouge du sang des innocents ? :'(<\/p>\n<p>&nbsp;<\/p>\n<p>De <strong>arfenus<\/strong> le 25\/06 \u00e0 17:06<br \/>\nle rouge du coeur stoat, j&rsquo;en ai le monopole<br \/>\nDe <strong>stoat<\/strong> le 25\/06 \u00e0 17:09<br \/>\nTu n&rsquo;auras pas le mien !<br \/>\nMon fier coeur de Suricate<br \/>\nBattra sans rel\u00e2che pour rester mien<br \/>\nPour \u00e9chapper \u00e0 tes viles pattes<br \/>\nEt ton sillage, de cruor teint.<\/p>\n<p>&nbsp;<\/p>\n<p>De <strong>arfenus<\/strong> le 25\/06 \u00e0 17:17<br \/>\nFinalement tu as raison<br \/>\nTon coeur vaut pas ton corps<br \/>\nMet toi donc en position<br \/>\nPour recevoir l&rsquo;extreme onction<br \/>\nMon goupillon est fin pret<br \/>\nPour te plonger dans le pecher<\/p>\n<p>&nbsp;<\/p>\n<p>De <strong>stoat<\/strong> le 25\/06 \u00e0 22:19<br \/>\nBient\u00f4t ta t\u00eate se balancera<br \/>\nLa bouche ouverte au bout de mon bras<br \/>\nTremble mon pauvre Sarkasme<br \/>\nCar j&rsquo;\u00e9rigerai mon tr\u00f4ne sur ta carcasse.<\/p>\n<p>&nbsp;<\/p>\n<p>De <strong>March\u00e9 local<\/strong> le 26\/06 \u00e0 10:08<\/p>\n<p>Le citoyen Nordine fanfazelah a \u00e9t\u00e9 influenc\u00e9(e) favorablement par <strong>stoat<\/strong> pour son animation du march\u00e9<\/p>\n<p>Message du citoyen : <em>Ici Stoat. Je ne suis pas modo, mais j&rsquo;ai pirat\u00e9 le compte de Dragalex. Vous pouvez me corrompre aussi.<\/em><\/p>\n<p style=\"text-align: justify;\">[\/box]<\/p>\n<p style=\"text-align: justify;\">Une messagerie qui se passe totalement de tout commentaire. Alors je me demande pourquoi je continue \u00e0 \u00e9crire. Perpignan d\u00e9lire furieusement.<\/p>\n<hr \/>\n<h2 style=\"text-align: center;\">Amiens<\/h2>\n<p style=\"text-align: justify;\">[box style=\u00a0\u00bbrounded\u00a0\u00bb]<\/p>\n<p>De <strong>levieuxtemps<\/strong> le 20\/06 \u00e0 19:34<br \/>\nGens et gente j&rsquo;en appel deja au Front r\u00e9publicain face a oppresseur ! R\u00e9voltons nous ne laissons pas les \u00e2mes d\u00e9nud\u00e9 de sens,de sagesse et de sapience emporter les affres du votes de citoyens. L&rsquo;alternance c&rsquo;est maintenant ! Le choix du Changement c&rsquo;est maintenant, Peuple d&rsquo; Amiens Lutter ! Lutter tant qu&rsquo;il est encore Temps, lutter car vous n\u2019\u00eates pas n\u00e9e pour subir. Peuple D&rsquo;Amiens et candidat d&rsquo;Amiens Luttons contre le despotisme, l&rsquo;autorit\u00e9 sans nom et la tyrannie sans fin. Amiens le silence n&rsquo;est plus de mise Voter, votons! Voter c&rsquo;est traduire !<\/p>\n<p style=\"text-align: justify;\">[\/box]<\/p>\n<p style=\"text-align: justify;\">\u00ab\u00a0Voter c&rsquo;est traduire !\u00a0\u00bb , et \u00eatre \u00e9lu, c&rsquo;est trahir ?<\/p>\n<hr \/>\n<h2 style=\"text-align: center;\">Orl\u00e9ans<\/h2>\n<p style=\"text-align: justify;\">[box style=\u00a0\u00bbrounded\u00a0\u00bb]<\/p>\n<p>De <strong>cocopol<\/strong> le 24\/06 \u00e0 20:43<br \/>\nGranit si tu as la mairie, et bien je t&rsquo;offre du &#8230; heu &#8230; granit :p<\/p>\n<p>&nbsp;<\/p>\n<p>De <strong>rataxes<\/strong> le 25\/06 \u00e0 14:24<br \/>\nEncore cinq jours de campagne.<\/p>\n<p>Est-ce que qu&rsquo;il y aura de nouvelles surprises ?<br \/>\nDes enfants cach\u00e9s ? Des adult\u00e8res ? Des places de parkings ou de concerts ?<\/p>\n<p>&nbsp;<\/p>\n<p>De <strong>cocopol<\/strong> le 25\/06 \u00e0 19:22<br \/>\nDes probl\u00e8mes sexuels ou des probl\u00e8mes de lampadaires ?<\/p>\n<p>&nbsp;<\/p>\n<p>De <strong>rataxes<\/strong> le 25\/06 \u00e0 23:57<br \/>\nAllez dans cinq minutes, un miracle, je passe en t\u00eate du classement&#8230;<\/p>\n<p>Alleulia<\/p>\n<p>&nbsp;<\/p>\n<p>De <strong>rataxes<\/strong> le 26\/06 \u00e0 00:10<br \/>\nC&rsquo;est quoi ce sondage de merde ???<br \/>\n5% ?!?<\/p>\n<p>Mais c&rsquo;est degueulasse, bordel !<\/p>\n<p>[mode=mlauvais joueur}<\/p>\n<p style=\"text-align: justify;\">[\/box]<\/p>\n<p style=\"text-align: justify;\">Pour des pr\u00e9dictions fiables sur votre avenir, contactez le grand voyant-clignotant-manitou-sorcier Rataxes. Pour chaque pr\u00e9diction qu&rsquo;il vous d\u00e9livrera, consid\u00e9rez qu&rsquo;il y a de fortes chances qu&rsquo;il vous arrive le contraire. Int\u00e9ressant, si, si. Cocopol, \u00e0 d\u00e9faut de pisser contre le lampadaire pour marquer son territoire se contente d&rsquo;avoir des probl\u00e8mes sexuels avec lui. Rien de plus banal.<\/p>\n<hr \/>\n<h2 style=\"text-align: center;\">Tours<\/h2>\n<p style=\"text-align: justify;\">[box style=\u00a0\u00bbrounded\u00a0\u00bb]<\/p>\n<p>De <strong>boozy<\/strong> le 23\/06 \u00e0 22:07<br \/>\nChers tourangeaux, voici un \u00e9nigme pour vous:<\/p>\n<p>\u00ab\u00a0J&rsquo;ai 4 pieds le matin, 2 pendant la journ\u00e9e et 3 le soir, qui suis-je?\u00a0\u00bb<\/p>\n<p>Alors, un indice, la r\u00e9ponse n&rsquo;est pas l&rsquo;homme, sinon ce serait trop simple.<\/p>\n<p>Un lot surprise pour celui qui trouve la r\u00e9ponse en premier, vous avez le droit de poser autant de questions que vous le souhaitez.<\/p>\n<p>&nbsp;<\/p>\n<p>De <strong>mmelilli<\/strong> le 24\/06 \u00e0 09:46<br \/>\nla femme ^^<\/p>\n<p>&nbsp;<\/p>\n<p>De <strong>boozy<\/strong> le 24\/06 \u00e0 17:24<br \/>\nC&rsquo;est bien tent\u00e9, mais c&rsquo;est pas \u00e7a. :D<br \/>\nJamais je n&rsquo;aurais os\u00e9 un pied-de-nez aussi grossier.<\/p>\n<p>&nbsp;<\/p>\n<p>De <strong>mau<\/strong> le 24\/06 \u00e0 17:27<br \/>\nUne mobylette<\/p>\n<p>&nbsp;<\/p>\n<p>De <strong>boozy<\/strong> le 24\/06 \u00e0 17:37<br \/>\nMau, je ne comprend pas la logique, tu peux d\u00e9velopper, s&rsquo;il te plait?<br \/>\nOu alors t&rsquo;as mis \u00e7a au pif, mais c&rsquo;est pas \u00e7a non plus.<\/p>\n<p>&nbsp;<\/p>\n<p>De <strong>mau<\/strong> le 24\/06 \u00e0 18:57<br \/>\nc&rsquo;\u00e9tait au cas o\u00f9^^ Parfois \u00e7a marche&#8230;<\/p>\n<p>&nbsp;<\/p>\n<p>De <strong>bigleo<\/strong> le 24\/06 \u00e0 19:25<br \/>\nUn habitant de Tchernobyl peut \u00eatre ? (Ouais je sais l&rsquo;humour noir ne fait rire que les gens comme moi)<\/p>\n<p>&nbsp;<\/p>\n<p>De <strong>March\u00e9 local<\/strong> le 25\/06 \u00e0 08:10<\/p>\n<p>Le citoyen Rachida data a \u00e9t\u00e9 influenc\u00e9(e) favorablement par <strong>boozy<\/strong> pour son animation du march\u00e9<\/p>\n<p>Message du citoyen : <em>La r\u00e9ponse est Bananus sans aucun doute !<\/em><\/p>\n<p>&nbsp;<\/p>\n<p>De <strong>boozy<\/strong> le 25\/06 \u00e0 11:56<br \/>\nNon Rachida, c&rsquo;est pas \u00e7a non plus et pis j&rsquo;ose m\u00eame pas te demander \u00e0 quoi correspond sa troisi\u00e9me jambe du soir de Bananus.<\/p>\n<p>Alors, chers candidats, le lot d&rsquo;origine \u00e9tait de vous laisser d\u00e9cider \u00e0 ma place de qui sera le conseiller \u00e0 la mairie, mais d&rsquo;une, je me rappel que miss grinchouille n&rsquo;aime pas que je me prenne pour le roi du monde (coucou trinity :D) et secondement, au rythme o\u00f9 \u00e7a avance, je n&rsquo;aurai pas le temps d&rsquo;\u00eatre sur de pouvoir tenir mon engagement.<br \/>\nAlors le prix pour celui qui trouvera la r\u00e9ponse sera de 10 cr\u00e9dits.<br \/>\nEt vous avez toujours le droit de poser des questions pour vous aider.<\/p>\n<p>L&rsquo;indice suppl\u00e9mentaire du jour:<br \/>\n&#8211; J&rsquo;ai 4 pieds le matin, 2 pendant la journ\u00e9e et 3 le soir.<br \/>\n&#8211; Je ne suis pas vivant.<br \/>\nQui suis-je?<\/p>\n<p style=\"text-align: justify;\">[\/box]<\/p>\n<p style=\"text-align: justify;\">Le myst\u00e8re reste entier ! Vous avez une id\u00e9e ? Le gagnant repart avec la mobylette de mau !<\/p>\n<hr \/>\n<p style=\"text-align: justify;\"><strong>A bient\u00f4t pour un nouveau petit tour sur nos march\u00e9s, n&rsquo;h\u00e9sitez pas \u00e0 y participer, et en attendant, n&rsquo;oubliez pas :<\/strong><\/p>\n<h3 style=\"text-align: justify;\"><span style=\"color: #800080;\"><em><strong>comme dirait Jean-Luc au nez tach\u00e9 et au nom compliqu\u00e9, <\/strong><\/em><\/span><\/h3>\n<h3 style=\"text-align: right;\"><span style=\"color: #800080;\"><em><strong>attention \u00e0 la march\u00e9 local !<\/strong><\/em><\/span><\/h3>\n<p style=\"text-align: justify;\">[auteur]<\/p>\n","protected":false},"excerpt":{"rendered":"<p>Deuxi\u00e8me \u00e9dition de cette nouvelle rubrique, qui se veut un petit tour d&rsquo;horizon des march\u00e9s locaux !<\/p>\n","protected":false},"author":2,"featured_media":0,"comment_status":"open","ping_status":"open","sticky":false,"template":"","format":"standard","meta":{"site-container-style":"default","site-container-layout":"default","site-sidebar-layout":"default","disable-article-header":"default","disable-site-header":"default","disable-site-footer":"default","disable-content-area-spacing":"default","footnotes":""},"categories":[4],"tags":[33,39,450,519],"class_list":["post-12981","post","type-post","status-publish","format-standard","hentry","category-2-vpmc","tag-betisier","tag-humour","tag-marches","tag-ville"],"_links":{"self":[{"href":"https:\/\/vpmedias.fr\/index.php?rest_route=\/wp\/v2\/posts\/12981","targetHints":{"allow":["GET"]}}],"collection":[{"href":"https:\/\/vpmedias.fr\/index.php?rest_route=\/wp\/v2\/posts"}],"about":[{"href":"https:\/\/vpmedias.fr\/index.php?rest_route=\/wp\/v2\/types\/post"}],"author":[{"embeddable":true,"href":"https:\/\/vpmedias.fr\/index.php?rest_route=\/wp\/v2\/users\/2"}],"replies":[{"embeddable":true,"href":"https:\/\/vpmedias.fr\/index.php?rest_route=%2Fwp%2Fv2%2Fcomments&post=12981"}],"version-history":[{"count":5,"href":"https:\/\/vpmedias.fr\/index.php?rest_route=\/wp\/v2\/posts\/12981\/revisions"}],"predecessor-version":[{"id":13163,"href":"https:\/\/vpmedias.fr\/index.php?rest_route=\/wp\/v2\/posts\/12981\/revisions\/13163"}],"wp:attachment":[{"href":"https:\/\/vpmedias.fr\/index.php?rest_route=%2Fwp%2Fv2%2Fmedia&parent=12981"}],"wp:term":[{"taxonomy":"category","embeddable":true,"href":"https:\/\/vpmedias.fr\/index.php?rest_route=%2Fwp%2Fv2%2Fcategories&post=12981"},{"taxonomy":"post_tag","embeddable":true,"href":"https:\/\/vpmedias.fr\/index.php?rest_route=%2Fwp%2Fv2%2Ftags&post=12981"}],"curies":[{"name":"wp","href":"https:\/\/api.w.org\/{rel}","templated":true}]}}