{"id":13162,"date":"2012-07-10T11:34:07","date_gmt":"2012-07-10T09:34:07","guid":{"rendered":"http:\/\/vpmedias.fr\/?p=13162"},"modified":"2012-07-10T11:34:07","modified_gmt":"2012-07-10T09:34:07","slug":"faites-nous-marches-3","status":"publish","type":"post","link":"https:\/\/vpmedias.fr\/?p=13162","title":{"rendered":"Faites-nous march\u00e9s ! #3"},"content":{"rendered":"<p style=\"text-align: justify;\">Les march\u00e9s sont parfois dr\u00f4les, parfois tendus, parfois peupl\u00e9s, parfois d\u00e9sert\u00e9s, parfois insolites, parfois pr\u00e9visibles. En tous cas, ils ne me laissent jamais indiff\u00e9rent. Et vous ? Je m&rsquo;y suis promen\u00e9 avec d\u00e9lectation, et voici ce que je ram\u00e8ne dans mon panier&#8230;<\/p>\n<h2 style=\"text-align: center;\">Limoges<\/h2>\n<p style=\"text-align: justify;\">[box style=\u00a0\u00bbrounded\u00a0\u00bb]<\/p>\n<p style=\"margin-bottom: 0cm;\"><span style=\"font-style: normal;\">De <\/span><span style=\"font-style: normal;\"><strong>jaquesdefranc<\/strong><\/span><span style=\"font-style: normal;\"> le 09\/07 \u00e0 02:51<br \/>\nALLEZ ON VA TOUS DEGUAGER LE MAIRE EN PLACE OUAIIIIIIIISSSSSS! <\/span><\/p>\n<p>&nbsp;<\/p>\n<p style=\"margin-bottom: 0cm;\"><span style=\"font-style: normal;\">De <\/span><span style=\"font-style: normal;\"><strong>flutococo<\/strong><\/span><span style=\"font-style: normal;\"> le 09\/07 \u00e0 11:07<br \/>\nOui jacouille la fripouille va vite d\u00e9gager :p<br \/>\n<\/span><\/p>\n<p style=\"margin-bottom: 0cm;\">\n<p style=\"margin-bottom: 0cm;\"><span style=\"font-style: normal;\">De <\/span><span style=\"font-style: normal;\"><strong>jaquesdefranc<\/strong><\/span><span style=\"font-style: normal;\"> le 09\/07 \u00e0 15:12<br \/>\nJe me pr\u00e9sente comme le meilleur candidat pour virer le maire actuel je vous demander de me fournir votre confiance pour le second tour et nous allons enfin connaitre une nouvelle t\u00eate a dijon!<\/span><\/p>\n<p>Au passage cocopol tu es d\u00e9masqu\u00e9 ^^.<\/p>\n<p>&nbsp;<\/p>\n<p style=\"margin-bottom: 0cm;\"><span style=\"font-style: normal;\">De <\/span><span style=\"font-style: normal;\"><strong>savatengloire<\/strong><\/span><span style=\"font-style: normal;\"> le 09\/07 \u00e0 16:12<br \/>\nJacques c&rsquo;est toi le maire actuel ! <\/span><\/p>\n<p>&nbsp;<\/p>\n<p style=\"margin-bottom: 0cm;\"><span style=\"font-style: normal;\">De <\/span><span style=\"font-style: normal;\"><strong>jaquesdefranc<\/strong><\/span><span style=\"font-style: normal;\"> le 09\/07 \u00e0 17:48<br \/>\nAh bon? Je savais pas.<\/span><\/p>\n<p>Eh bien je me pr\u00e9sente comme le meilleur candidat pour virer jaques! TOUS AVEC MOi! JAQUES C EST L ARNAQUE LE PEUPLE VEUT QUE TU CLAQUE!<\/p>\n<p>JAQUE C EST L ARNAQUE LE PEUPLE VEUT QUE TU CLAQUE!<\/p>\n<p>Je vous invite tous a faire un front uni pour que je puisse rempla\u00e7er jaquesdefranc ce maire odieu qui refuse de partir de son si\u00e9ge,TOUS AVEC MOI!<\/p>\n<p style=\"text-align: justify;\">JAQUES DEHORS T ES PAS UN JAQUES DELORS!<br \/>\nJAQUES DEHORS T ES PAS UN JAQUES DELORS![\/box]<\/p>\n<p style=\"text-align: justify;\">Jacques en pleine attaque de schizophr\u00e9nie opportuniste. Il est fou, celui-l\u00e0.<\/p>\n<hr \/>\n<h2 style=\"text-align: center;\">Toulon<\/h2>\n<p style=\"text-align: justify;\">[box style=\u00a0\u00bbrounded\u00a0\u00bb]<\/p>\n<p style=\"margin-bottom: 0cm;\"><span style=\"font-style: normal;\">De <\/span><span style=\"font-style: normal;\"><strong>March\u00e9 local<\/strong><\/span><span style=\"font-style: normal;\"> le 07\/07 \u00e0 20:57<br \/>\nLe citoyen John wafacoogh a \u00e9t\u00e9 influenc\u00e9(e) favorablement par <\/span><span style=\"font-style: normal;\"><strong>robatitude<\/strong><\/span><span style=\"font-style: normal;\"> pour son animation du march\u00e9<\/span><\/p>\n<p>Message du citoyen : <em>Robatitude est de retour pour vous jouer un mauvais tour !!!<\/em><\/p>\n<p>&nbsp;<\/p>\n<p style=\"margin-bottom: 0cm;\"><span style=\"font-style: normal;\">De <\/span><span style=\"font-style: normal;\"><strong>gemini<\/strong><\/span><span style=\"font-style: normal;\"> le 08\/07 \u00e0 10:25<br \/>\nTeam Rocket, plus rapide que la lumi\u00e8re !<br \/>\nRendez vous tous, ou ce sera la guerre !<\/span><\/p>\n<p>Miaoussss, oui la gue-guerre ! :p<\/p>\n<p>&nbsp;<\/p>\n<p style=\"text-align: justify;\"><span style=\"font-style: normal;\">De <\/span><span style=\"font-style: normal;\"><strong>langio<\/strong><\/span><span style=\"font-style: normal;\"> le 08\/07 \u00e0 11:31<br \/>\nKubutok\u00e9 =)<\/span>[\/box]<\/p>\n<p style=\"text-align: justify;\">Ouais, Team Roquette&#8230; Et pourquoi pas Team Laitue ? Bon, apr\u00e8s, seuls les plus cultiv\u00e9s ou sudistes d&rsquo;entre vous comprendront cette blague&#8230; En tous cas, chouette retour en enfance pour nos Toulonnais.<\/p>\n<hr \/>\n<h2 style=\"text-align: center;\">Tours<\/h2>\n<p style=\"text-align: justify;\">[box style=\u00a0\u00bbrounded\u00a0\u00bb]<\/p>\n<p style=\"margin-bottom: 0cm;\"><span style=\"font-style: normal;\">De <\/span><span style=\"font-style: normal;\"><strong>boozy<\/strong><\/span><span style=\"font-style: normal;\"> le 05\/07 \u00e0 22:24<br \/>\nAlors, bienvenue aux nouveaux, je cherche mon\/ma futur(e) adjoint(e) \u00e0 la mairie, l&rsquo;un de vous sera peut-\u00eatre l&rsquo;heureux(se) gagnant(e) de ce poste.<br \/>\nJe ne demande pas grand chose, savoir faire le caf\u00e9 et connaitre une bonne boulangerie pas loin de la mairie pour aller m&rsquo;y acheter des p\u00e2tisseries quand j&rsquo;ai faim.<\/span><\/p>\n<p>Qui est volontaire?<\/p>\n<p>&nbsp;<\/p>\n<p style=\"margin-bottom: 0cm;\"><span style=\"font-style: normal;\">De <\/span><span style=\"font-style: normal;\"><strong>shadowcat<\/strong><\/span><span style=\"font-style: normal;\"> le 06\/07 \u00e0 07:33<br \/>\nMiaow je ne suis pas tr\u00e8s bonne pour ces t\u00e2ches m\u00e9nag\u00e8res mais pour autre chose , c&rsquo;est une autre question (a) <\/span><\/p>\n<p>&nbsp;<\/p>\n<p style=\"margin-bottom: 0cm;\"><span style=\"font-style: normal;\">De <\/span><span style=\"font-style: normal;\"><strong>boozy<\/strong><\/span><span style=\"font-style: normal;\"> le 06\/07 \u00e0 18:51<br \/>\nPourtant les chats font d\u2019excellents plumeaux, une foi bien dress\u00e9s, quel dommage.<\/span><\/p>\n<p>Alors, quels sont tes autres comp\u00e9tences, dis-moi? (oh, mais que voila justement cette autre question dont tu parlais, quelle chance!)<br \/>\nPeut-\u00eatre es-tu f\u00e9rue de scrabble? Ou non, mieux, laisse-moi deviner, hum&#8230; tu as un r\u00e9pertoire de blagues \u00e0 en faire p\u00e2lir de jalousie un abonn\u00e9 \u00e0 l&rsquo;almanach Vermot!<br \/>\nLa derni\u00e8re chose qui me vient \u00e0 l&rsquo;esprit &#8230; tu t&rsquo;y connait en plomberie et pourra entretenir mes deux belles fontaines pendant la dur\u00e9e du mandat, c&rsquo;est \u00e7a?<\/p>\n<p style=\"text-align: justify;\">Il faut que tu m&rsquo;aides, si tu veux la place.[\/box]<\/p>\n<p style=\"text-align: justify;\">Boozy, ultra-dominateur \u00e0 Tours, du haut de sa tour d&rsquo;ivoire, ne cesse d&rsquo;y voir arriver des pr\u00e9tendants au poste d&rsquo;adjoint. Tour \u00e0 tour, ils sont re\u00e7us, font le tour du propri\u00e9taire, au sens premier du terme, et ressortent en disant que \u00e7a vaut le d\u00e9tour. Et qui payera la tourn\u00e9e ?<\/p>\n<hr \/>\n<h2 style=\"text-align: center;\">Pau<\/h2>\n<p style=\"text-align: justify;\">[box style=\u00a0\u00bbrounded\u00a0\u00bb]<\/p>\n<p style=\"margin-bottom: 0cm;\"><span style=\"font-style: normal;\">De <\/span><span style=\"font-style: normal;\"><strong>lelapin<\/strong><\/span><span style=\"font-style: normal;\"> le 01\/07 \u00e0 09:50<br \/>\nBonjour et bonne campagne \u00e0 tous &amp; \u00e0 chacun !<br \/>\n<\/span><\/p>\n<p>&nbsp;<\/p>\n<p style=\"margin-bottom: 0cm;\"><span style=\"font-style: normal;\">De <\/span><span style=\"font-style: normal;\"><strong>gaetanos<\/strong><\/span><span style=\"font-style: normal;\"> le 01\/07 \u00e0 10:11<br \/>\nmerchi min grand a ty s&rsquo;autre aussi <\/span><\/p>\n<p>&nbsp;<\/p>\n<p style=\"margin-bottom: 0cm;\"><span style=\"font-style: normal;\">De <\/span><span style=\"font-style: normal;\"><strong>lelapin<\/strong><\/span><span style=\"font-style: normal;\"> le 01\/07 \u00e0 11:58<br \/>\nTu parles quelle langue ?<br \/>\nC&rsquo;est le patois b\u00e9arnais ? <\/span><\/p>\n<p>&nbsp;<\/p>\n<p style=\"margin-bottom: 0cm;\"><span style=\"font-style: normal;\">De <\/span><span style=\"font-style: normal;\"><strong>gaetanos<\/strong><\/span><span style=\"font-style: normal;\"> le 02\/07 \u00e0 00:16<br \/>\nchez du tchis qui vient du chnord d&rsquo;eule france <\/span><\/p>\n<p>&nbsp;<\/p>\n<p style=\"margin-bottom: 0cm;\"><span style=\"font-style: normal;\">De <\/span><span style=\"font-style: normal;\"><strong>March\u00e9 local<\/strong><\/span><span style=\"font-style: normal;\"> le 04\/07 \u00e0 21:14<br \/>\nLe citoyen Brian ckenti a \u00e9t\u00e9 influenc\u00e9(e) favorablement par <\/span><span style=\"font-style: normal;\"><strong>gaetanos<\/strong><\/span><span style=\"font-style: normal;\"> pour son animation du march\u00e9<\/span><\/p>\n<p style=\"text-align: justify;\">Message du citoyen : <em>Ravisse les candidats, y t&rsquo;a pas hein qui ch&rsquo; ouvrir euh&rsquo;gamelle !<\/em>[\/box]<\/p>\n<p style=\"text-align: justify;\">Pau subit une invasion inopin\u00e9e et absurde de Ch&#8217;tis d\u00e9cha\u00een\u00e9s, et surtout incompr\u00e9hensible. J&rsquo;avoue que je comprends encore mieux le morse parl\u00e9 \u00e0 haute voix. Mais je connais un mod\u00e9rateur qui se trouve particuli\u00e8rement \u00e0 l&rsquo;aise dans ce concerto pour violon sale (ahem).<\/p>\n<hr \/>\n<h2 style=\"text-align: center;\">Clermont-Ferrand<\/h2>\n<p style=\"text-align: justify;\">[box style=\u00a0\u00bbrounded\u00a0\u00bb]<\/p>\n<p style=\"text-align: justify;\"><span style=\"font-style: normal;\">De <\/span><span style=\"font-style: normal;\"><strong>garou<\/strong><\/span><span style=\"font-style: normal;\"> le 27\/06 \u00e0 18:33<br \/>\nbonjour \u00e0 tous, est-ce qu&rsquo;il y a de la vie \u00e0 Clermont? Le soleil est de sortie, o\u00f9 sont les plages au seins nu.. heum.. au sable chaud, les courbes envoutantes de la mer et tout le tralala, clermont, sort du limon!<\/span>[\/box]<\/p>\n<p style=\"text-align: justify;\">Pour voir la plage \u00e0 Clermont, il va falloir attendre Delano\u00eb. Clermont-plage, c&rsquo;est pour bient\u00f4t ! A vous les seins nus, et les bains dans l&rsquo;eau et dans l&rsquo;urine du p&rsquo;tit mioche qui s&rsquo;est l\u00e2ch\u00e9, \u00e0 c\u00f4t\u00e9, derri\u00e8re ses flotteurs. A vous le sable fin, \u00e0 vous la populace. F\u00e9licitations !<\/p>\n<hr \/>\n<h2 style=\"text-align: center;\">Strasbourg<\/h2>\n<p style=\"text-align: justify;\">[box style=\u00a0\u00bbrounded\u00a0\u00bb]<\/p>\n<p style=\"margin-bottom: 0cm;\"><span style=\"font-style: normal;\">De <\/span><span style=\"font-style: normal;\"><strong>valerie<\/strong><\/span><span style=\"font-style: normal;\"> le 04\/07 \u00e0 05:51<br \/>\nOn devient presqu&rsquo;une petite famille ^^<\/span><\/p>\n<p>On en devient triste quand un adversaire ne revient pas ^^<\/p>\n<p>&nbsp;<\/p>\n<p style=\"margin-bottom: 0cm;\"><span style=\"font-style: normal;\">De <\/span><span style=\"font-style: normal;\"><strong>alexix<\/strong><\/span><span style=\"font-style: normal;\"> le 04\/07 \u00e0 21:09<br \/>\nJ&rsquo;en suis \u00e0 la troisi\u00e8me et elles n&rsquo;ont toujours pas voulu me laisser la place alors faut la queue comme tout le monde^^ <\/span><\/p>\n<p>&nbsp;<\/p>\n<p style=\"margin-bottom: 0cm;\"><span style=\"font-style: normal;\">De <\/span><span style=\"font-style: normal;\"><strong>valerie<\/strong><\/span><span style=\"font-style: normal;\"> le 04\/07 \u00e0 21:24<br \/>\nh\u00e9h\u00e9 domination des femmes (a)<br \/>\n<\/span><\/p>\n<p>&nbsp;<\/p>\n<p style=\"margin-bottom: 0cm;\"><span style=\"font-style: normal;\">De <\/span><span style=\"font-style: normal;\"><strong>March\u00e9 local<\/strong><\/span><span style=\"font-style: normal;\"> le 04\/07 \u00e0 21:25<br \/>\nLe citoyen Kader nahi a \u00e9t\u00e9 influenc\u00e9(e) favorablement par <\/span><span style=\"font-style: normal;\"><strong>alexix<\/strong><\/span><span style=\"font-style: normal;\"> pour son animation du march\u00e9<\/span><\/p>\n<p>Message du citoyen : <em>L&rsquo;utilisation de la corruption est elle un vilain d\u00e9faut ?<\/em><\/p>\n<p>&nbsp;<\/p>\n<p style=\"margin-bottom: 0cm;\"><span style=\"font-style: normal;\">De <\/span><span style=\"font-style: normal;\"><strong>valerie<\/strong><\/span><span style=\"font-style: normal;\"> le 04\/07 \u00e0 21:29<br \/>\npff, forc\u00e9ment les modos sont des hommes :P <\/span><\/p>\n<p>&nbsp;<\/p>\n<p style=\"margin-bottom: 0cm;\"><span style=\"font-style: normal;\">De <\/span><span style=\"font-style: normal;\"><strong>March\u00e9 local<\/strong><\/span><span style=\"font-style: normal;\"> le 05\/07 \u00e0 17:45<br \/>\nLe citoyen D\u00e9sir\u00e9 afenda a \u00e9t\u00e9 influenc\u00e9(e) favorablement par <\/span><span style=\"font-style: normal;\"><strong>valerie<\/strong><\/span><span style=\"font-style: normal;\"> pour son animation du march\u00e9<\/span><\/p>\n<p>Message du citoyen : <em>Etes vous pour la parit\u00e9 au sein de la mairie de Strasbourg ?<\/em><span style=\"font-style: normal;\"><br \/>\n<\/span><\/p>\n<p>&nbsp;<\/p>\n<p style=\"margin-bottom: 0cm;\"><span style=\"font-style: normal;\">De <\/span><span style=\"font-style: normal;\"><strong>valerie<\/strong><\/span><span style=\"font-style: normal;\"> le 05\/07 \u00e0 17:58<br \/>\noh lol la question ! Non, pas de parit\u00e9 que des femmes ^^ <\/span><\/p>\n<p>&nbsp;<\/p>\n<p style=\"margin-bottom: 0cm;\"><span style=\"font-style: normal;\">De <\/span><span style=\"font-style: normal;\"><strong>mewine<\/strong><\/span><span style=\"font-style: normal;\"> le 05\/07 \u00e0 20:31<br \/>\nYeaaaaaaaaaaaah Valerie !!!!!!! Girl powaaaaaaaaa !!!!!!!!!<br \/>\n<\/span><\/p>\n<p>&nbsp;<\/p>\n<p style=\"margin-bottom: 0cm;\"><span style=\"font-style: normal;\">De <\/span><span style=\"font-style: normal;\"><strong>alexix<\/strong><\/span><span style=\"font-style: normal;\"> le 05\/07 \u00e0 21:40<br \/>\nSi je me maintiens au second tour, cela me fera une bonne id\u00e9e de d\u00e9bat tiens^^ <\/span><\/p>\n<p>&nbsp;<\/p>\n<p style=\"margin-bottom: 0cm;\"><span style=\"font-style: normal;\">De <\/span><span style=\"font-style: normal;\"><strong>mewine<\/strong><\/span><span style=\"font-style: normal;\"> le 05\/07 \u00e0 22:04<br \/>\nTout \u00e7a car tu r\u00eaves d&rsquo;\u00eatre une fille ^^ <\/span><\/p>\n<p>&nbsp;<\/p>\n<p style=\"margin-bottom: 0cm;\"><span style=\"font-style: normal;\">De <\/span><span style=\"font-style: normal;\"><strong>alexix<\/strong><\/span><span style=\"font-style: normal;\"> le 06\/07 \u00e0 12:09<br \/>\nJ&rsquo;espere bient\u00f4t te donner l&rsquo;envie d&rsquo;\u00eatre un gar\u00e7on !^^<br \/>\n<\/span><\/p>\n<p>&nbsp;<\/p>\n<p style=\"margin-bottom: 0cm;\"><span style=\"font-style: normal;\">De <\/span><span style=\"font-style: normal;\"><strong>sitto<\/strong><\/span><span style=\"font-style: normal;\"> le 06\/07 \u00e0 16:02<br \/>\nFaire pipi debout, ne pas avoir \u00e0 supporter les r\u00e8gles&#8230; C&rsquo;est cool tout \u00e7a :D <\/span><\/p>\n<p>&nbsp;<\/p>\n<p style=\"margin-bottom: 0cm;\"><span style=\"font-style: normal;\">De <\/span><span style=\"font-style: normal;\"><strong>mewine<\/strong><\/span><span style=\"font-style: normal;\"> le 06\/07 \u00e0 20:13<br \/>\nDis maman&#8230;. Pourquoi je suis pas un gar\u00e7on ? <\/span><\/p>\n<p>&nbsp;<\/p>\n<p style=\"margin-bottom: 0cm;\"><span style=\"font-style: normal;\">De <\/span><span style=\"font-style: normal;\"><strong>March\u00e9 local<\/strong><\/span><span style=\"font-style: normal;\"> le 07\/07 \u00e0 20:53<br \/>\nLe citoyen Pedro del miti a \u00e9t\u00e9 influenc\u00e9(e) favorablement par <\/span><span style=\"font-style: normal;\"><strong>mewine<\/strong><\/span><span style=\"font-style: normal;\"> pour son animation du march\u00e9<\/span><\/p>\n<p>Message du citoyen : <em>Etant une fille, tu pars avec un \u00e9norme d\u00e9savantage! Je te soutiens donc! Girl power !<\/em><\/p>\n<p>&nbsp;<\/p>\n<p style=\"text-align: justify;\"><span style=\"font-style: normal;\">De <\/span><span style=\"font-style: normal;\"><strong>sitto<\/strong><\/span><span style=\"font-style: normal;\"> le 08\/07 \u00e0 01:49<br \/>\nIl est sexiste monsieur violet&#8230; Bouuuuuuuuuh !!<\/span>[\/box]<\/p>\n<p style=\"text-align: justify;\">Girl Power \u00e0 Strasbourg, la ville de la saucisse. Comme quoi tout arrive. Et ce n&rsquo;est pas du tout une image obsc\u00e8ne, m\u00eame si je reste dubitatif devant ce commentaire. Vaut-il mieux \u00eatre une fille ou un gar\u00e7on ? Le d\u00e9bat est ouvert !<\/p>\n<hr \/>\n<h2 style=\"text-align: center;\">Bordeaux<\/h2>\n<p style=\"text-align: justify;\">[box style=\u00a0\u00bbrounded\u00a0\u00bb]<\/p>\n<p style=\"margin-bottom: 0cm;\"><span style=\"font-style: normal;\">De <\/span><span style=\"font-style: normal;\"><strong>bibinio<\/strong><\/span><span style=\"font-style: normal;\"> le 05\/07 \u00e0 19:16<br \/>\nMesdames, messieurs, bonsoir.<\/span><\/p>\n<p>Sachez que je vous aime tous :)<\/p>\n<p>Voil\u00e0 ma d\u00e9claration d&rsquo;amour est faite ;)<\/p>\n<p>&nbsp;<\/p>\n<p style=\"margin-bottom: 0cm;\"><span style=\"font-style: normal;\">De <\/span><span style=\"font-style: normal;\"><strong>jonsnow<\/strong><\/span><span style=\"font-style: normal;\"> le 05\/07 \u00e0 22:27<br \/>\nMoi J&rsquo;aime les Sushis :p <\/span><\/p>\n<p>&nbsp;<\/p>\n<p style=\"margin-bottom: 0cm;\"><span style=\"font-style: normal;\">De <\/span><span style=\"font-style: normal;\"><strong>jonsnow<\/strong><\/span><span style=\"font-style: normal;\"> le 06\/07 \u00e0 00:00<br \/>\n:D C&rsquo;est g\u00e9nial la f\u00eate du vin ..les Gens sont \u00e0 moiti\u00e9s finis \u00e0 la fin de la soir\u00e9e et ils peuvent profiter du Feu d&rsquo;artifice sous l&rsquo;eau haha <\/span><\/p>\n<p>&nbsp;<\/p>\n<p style=\"margin-bottom: 0cm;\"><span style=\"font-style: normal;\">De <\/span><span style=\"font-style: normal;\"><strong>scala<\/strong><\/span><span style=\"font-style: normal;\"> le 06\/07 \u00e0 10:37<br \/>\nLa citation du jour :<\/span><\/p>\n<p>\u00ab Quoi qu\u2019elle fasse, la femme doit le faire deux fois mieux que l\u2019homme pour qu\u2019on en pense autant de bien. Heureusement, ce n\u2019est pas difficile. \u00bb<\/p>\n<p style=\"text-align: justify;\">H\u00e9h\u00e9 ^^[\/box]<\/p>\n<p style=\"text-align: justify;\">A Bordeaux, le Bordeaux coule \u00e0 flots, et les clich\u00e9s ont bon dos. On finit par un petit rappel de notre messagerie Strasbourgeoise. D\u00e9cid\u00e9ment, les filles sont en force, cet \u00e9t\u00e9 !<\/p>\n<hr \/>\n<h2 style=\"text-align: center;\">Paris<\/h2>\n<p style=\"text-align: justify;\">[box style=\u00a0\u00bbrounded\u00a0\u00bb]<\/p>\n<p style=\"margin-bottom: 0cm;\"><span style=\"font-style: normal;\">De <\/span><span style=\"font-style: normal;\"><strong>saphir<\/strong><\/span><span style=\"font-style: normal;\"> le 02\/07 \u00e0 21:41<br \/>\nMais taisez vous tous les deux!<\/span><\/p>\n<p>Vous ne connaissez rien \u00e0 VPM!<\/p>\n<p>Moi j&rsquo;ai pr\u00e9vu de faire des campagnes de pub aussi!<\/p>\n<p>En parlant de cela est ce que quelqu&rsquo;un peut m&rsquo;avancer des cr\u00e9dits ?<\/p>\n<p>En effet, irl je suis pauvre et doit nourrir une tribu de 12 enfants que j&rsquo;ai recueilli et sauv\u00e9 de la mort..<\/p>\n<p style=\"text-align: justify;\">Merci \u00e0 vous[\/box]<\/p>\n<p style=\"text-align: justify;\">Un mod\u00e9rateur qui se prostitue quasiment pour des cr\u00e9dits&#8230; On aura tout vu !<\/p>\n<hr \/>\n<h2 style=\"text-align: center;\">Orl\u00e9ans<\/h2>\n<p style=\"text-align: justify;\">[box style=\u00a0\u00bbrounded\u00a0\u00bb]<\/p>\n<p>De <strong>March\u00e9 local<\/strong> le 07\/07 \u00e0 20:47<br \/>\nLe citoyen Emma senesbe a \u00e9t\u00e9 influenc\u00e9(e) favorablement par <strong>cocopol<\/strong> pour son animation du march\u00e9<\/p>\n<p>Message du citoyen : <em>Joecafard s&rsquo;envole vers la victoire! Qui osera le combattre ???<\/em><\/p>\n<p>De <strong>rataxes<\/strong> le 07\/07 \u00e0 20:53<br \/>\nPour r\u00e9pondre \u00e0 Emma Senesbe, je dirais :<\/p>\n<p>moiiii<br \/>\nmoiiii<br \/>\nmoiiii<\/p>\n<p>Vous \u00eates libre, ce soir, Emma Senesbe ?<\/p>\n<p>&nbsp;<\/p>\n<p>De <strong>cocopol<\/strong> le 07\/07 \u00e0 20:57<br \/>\nOn fait un combat de boxe ?<\/p>\n<p>De <strong>rataxes<\/strong> le 07\/07 \u00e0 21:16<br \/>\nYesss ! On se donne rendez-vous sur le ring ?<\/p>\n<p>Fais attention \u00e0 mes lunettes.<br \/>\nEt \u00e0 mon nez aussi, il a d\u00e9j\u00e0 pris cher;<\/p>\n<p>^^<\/p>\n<p>De <strong>cocopol<\/strong> le 07\/07 \u00e0 21:19<br \/>\nReve pas :p<\/p>\n<p>Moi je mets mes lentilles ;)<\/p>\n<p>De <strong>rataxes<\/strong> le 07\/07 \u00e0 21:20<br \/>\nOui, c&rsquo;ets tr\u00e8s pratique pou draguer les filles, d&rsquo;ailleurs<\/p>\n<p>&nbsp;<\/p>\n<p>De <strong>rataxes<\/strong> le 09\/07 \u00e0 21:49<br \/>\nAfin de redonner de la vie \u00e0 la communaut\u00e9 d&rsquo;Orl\u00e9ans, je fais une nouvelle proposition. redonnons toute sa place aux ragots.<\/p>\n<p>Oui, car le scandale et le parfum de la honte ne seraient rien si il n&rsquo;y avait pas tous ces bistrots pour diffuser les informations.<\/p>\n<p>Il importe peu que les ragots soient vrais ou faux. Ce qui est le plus important, c&rsquo;est que tout le monde soit inform\u00e9.<\/p>\n<p>Aussi, apr\u00e8s une p\u00e9rilleuse recherche dans les coins les plus recul\u00e9s de la Toile, voici les informations que j&rsquo;ai pu collecter en utilisant un generateur de rumeurs. en voici les exclusives :<\/p>\n<p>C&rsquo;est d\u00e9sormais un secret de polichinelle, joecafard aurait bien \u00e9t\u00e9 surpris(e) \u00e0 plusieurs reprises au bras de l&rsquo;\u00e9crivain Fr\u00e9d\u00e9ric Beigbeder.<\/p>\n<p>Son d\u00e9menti suspect l&rsquo;indique clairement, Cocopol serait de plus en plus proche du chanteur rive gauche Vincent Biolabar.<\/p>\n<p>Plusieurs photographies vol\u00e9es qui circulent actuellement dans les r\u00e9dactions parisiennes indiquent clairement que gruni entretiendrait depuis plusieurs semaines une relation avec le chanteur Aliz\u00e9e.<\/p>\n<p>Selon les informations du site Twitter.com, Rataxes se livrerait fr\u00e9quemment \u00e0 des orgies nazies en compagnie de la chanteuse Lady Gaga.<br \/>\nSelon les informations du blog de mon cousin, reprises par le JDD, Magicien mange des enfants.<\/p>\n<p>Selon les informations du journaliste Perez Hilton, gemignon aurait \u00e9crit plusieurs SMS de type \u00ab sexto \u00bb \u00e0 destination de son ex-compagnon.<\/p>\n<p>Voil\u00e0 de quoi alimenter toutes vos prochaines sorties au bistrot.<\/p>\n<p>De <strong>gruni<\/strong> le 09\/07 \u00e0 22:00<br \/>\nah oui, je vois rataxes, tu es de m\u00e8che avec ce journaliste corrompu!!!<br \/>\non devrait pouvoir attaquer le journaliste en diffamation sur VPM et rataxes pour injures publiques.<br \/>\non sait que tu diffuses des ragots pour banaliser les vrais tweets qui mentionnent tes vraies orgies&#8230;<\/p>\n<p>Monsieur le Maire, pourriez-vous durant cette campagne museler la libert\u00e9 de la presse? et que fait le ministre Gemignon?<\/p>\n<p style=\"text-align: justify;\">(ouf, personne n&rsquo;a vu que ce n&rsquo;\u00e9tait pas Aliz\u00e9e mais Brigitte Fontaine!)[\/box]<\/p>\n<p style=\"text-align: justify;\">&#8230; Sans commentaire. Et puis je manque terriblement d&rsquo;id\u00e9es et d&rsquo;inspiration. L&rsquo;ensemble de cet article en est la preuve irr\u00e9futable !<\/p>\n<hr \/>\n<p style=\"text-align: justify;\"><strong>A bient\u00f4t pour un nouveau petit tour sur nos march\u00e9s, n&rsquo;h\u00e9sitez pas \u00e0 y participer, et en attendant, n&rsquo;oubliez pas :<\/strong><\/p>\n<h3 style=\"text-align: justify;\"><span style=\"color: #800080;\"><em><strong>comme dirait Georges, le communisme \u00e7a a Marchais.<\/strong><\/em><\/span><\/h3>\n<p style=\"text-align: justify;\">[auteur]<\/p>\n","protected":false},"excerpt":{"rendered":"<p>On retourne sur des march\u00e9s locaux un peu moins inspir\u00e9s cette fois-ci&#8230;<\/p>\n","protected":false},"author":2,"featured_media":0,"comment_status":"open","ping_status":"open","sticky":false,"template":"","format":"standard","meta":{"site-container-style":"default","site-container-layout":"default","site-sidebar-layout":"default","disable-article-header":"default","disable-site-header":"default","disable-site-footer":"default","disable-content-area-spacing":"default","footnotes":""},"categories":[4],"tags":[33,39,450,519],"class_list":["post-13162","post","type-post","status-publish","format-standard","hentry","category-2-vpmc","tag-betisier","tag-humour","tag-marches","tag-ville"],"_links":{"self":[{"href":"https:\/\/vpmedias.fr\/index.php?rest_route=\/wp\/v2\/posts\/13162","targetHints":{"allow":["GET"]}}],"collection":[{"href":"https:\/\/vpmedias.fr\/index.php?rest_route=\/wp\/v2\/posts"}],"about":[{"href":"https:\/\/vpmedias.fr\/index.php?rest_route=\/wp\/v2\/types\/post"}],"author":[{"embeddable":true,"href":"https:\/\/vpmedias.fr\/index.php?rest_route=\/wp\/v2\/users\/2"}],"replies":[{"embeddable":true,"href":"https:\/\/vpmedias.fr\/index.php?rest_route=%2Fwp%2Fv2%2Fcomments&post=13162"}],"version-history":[{"count":5,"href":"https:\/\/vpmedias.fr\/index.php?rest_route=\/wp\/v2\/posts\/13162\/revisions"}],"predecessor-version":[{"id":13168,"href":"https:\/\/vpmedias.fr\/index.php?rest_route=\/wp\/v2\/posts\/13162\/revisions\/13168"}],"wp:attachment":[{"href":"https:\/\/vpmedias.fr\/index.php?rest_route=%2Fwp%2Fv2%2Fmedia&parent=13162"}],"wp:term":[{"taxonomy":"category","embeddable":true,"href":"https:\/\/vpmedias.fr\/index.php?rest_route=%2Fwp%2Fv2%2Fcategories&post=13162"},{"taxonomy":"post_tag","embeddable":true,"href":"https:\/\/vpmedias.fr\/index.php?rest_route=%2Fwp%2Fv2%2Ftags&post=13162"}],"curies":[{"name":"wp","href":"https:\/\/api.w.org\/{rel}","templated":true}]}}