{"id":13280,"date":"2009-02-10T22:10:45","date_gmt":"2009-02-10T21:10:45","guid":{"rendered":"http:\/\/vpmedias.e3b.org\/?p=80"},"modified":"2009-02-10T22:10:45","modified_gmt":"2009-02-10T21:10:45","slug":"analyse-de-lambiance-1002","status":"publish","type":"post","link":"https:\/\/vpmedias.fr\/?p=13280","title":{"rendered":"Analyse de l&rsquo;ambiance (10\/02)"},"content":{"rendered":"<p style=\"text-align: center;\">\n<span style=\"font-weight: bold; font-size: large;\"> <\/span><img loading=\"lazy\" decoding=\"async\" title=\"kronik.png\" src=\"\/images\/kronik.png\" border=\"0\" alt=\"kronik.png\" width=\"121\" height=\"123\" align=\"right\" \/><br \/>\n<span style=\"font-size: medium;\"><strong><span><img loading=\"lazy\" decoding=\"async\" class=\"aligncenter\" src=\"http:\/\/img.webme.com\/pic\/r\/radio-vpm\/enquete-gd.png\" alt=\"\" width=\"124\" height=\"123\" \/><\/span><\/strong><\/span>\n<\/p>\n<p class=\"MsoNormal\" style=\"text-align: center;\" align=\"center\"><strong><\/strong><\/p>\n<p class=\"MsoNormal\" style=\"text-align: center;\" align=\"center\"><strong><span style=\"text-decoration: underline;\"><span style=\"font-size: 24pt; color: #666699;\"><!--[if !supportEmptyParas]--> <!--[endif]--><\/span><\/span><\/strong><\/p>\n<p class=\"MsoBodyText\">Aujourd&rsquo;hui, notre analyse salue l&rsquo;arriv\u00e9e dans ses crit\u00e8res du Forum du Parti pour la Victoire<span> <\/span>et de VPM-FM\u00a0! =D<\/p>\n<p class=\"MsoNormal\" style=\"text-align: center;\" align=\"center\"><strong><span style=\"font-size: 18pt; color: #666699;\"><!--more--> <\/span><\/strong><strong><span style=\"text-decoration: underline;\"><span style=\"font-size: 24pt; color: #666699;\"> <\/span><\/span><\/strong><\/p>\n<ul type=\"disc\">\n<li class=\"MsoNormal\" style=\"color: #ff9900;\"><strong><span style=\"text-decoration: underline;\"><span style=\"font-size: 18pt;\">le forum de vpm: 6\/10<\/span><\/span><\/strong><strong><span style=\"text-decoration: underline;\"><span style=\"font-size: 24pt;\"> <\/span><\/span><\/strong><\/li>\n<\/ul>\n<p><strong><span style=\"font-size: 13.5pt; color: black;\">L&rsquo;ambiance est en l\u00e9g\u00e8re baisse. L&rsquo;enthousiasme pro ou anti Sagi ayant suivi l&rsquo;\u00e9lection de ce derniers est retomb\u00e9. Peu de sujets sont actifs\u00a0: on peut citer celui \u00e0\u00a0 propos du tutorat ouvert par notre Pr\u00e9sident, les jeux comme le \u00ab\u00a0Que feriez-vous si s\u00a6\u00a0?\u00a0\u00bb, ou le sujet o\u00f9 Sagi, encore lui, annon\u00e7ait son Gouvernement et qui s&rsquo;est vu transformer en suite d&rsquo;allusions relatives \u00e0\u00a0 la taille de Sagi. [Ah\u00a0? s\u02dcFallait pas le dire\u00a0? ^^] Enfin, ces derniers temps, 2 sujets d&rsquo;actualit\u00e9 ont fait leur apparition\u00a0: un de soutien \u00e0\u00a0 Yvan Colonna et l&rsquo;autre au mouvement<span> <\/span>social en Guadeloupe.<\/span><\/strong><\/p>\n<ul type=\"disc\">\n<li class=\"MsoNormal\" style=\"color: #ff9900;\"><strong><span style=\"text-decoration: underline;\"><span style=\"font-size: 18pt;\">les march\u00e9s: 5\/10<\/span><\/span><\/strong><strong><span style=\"text-decoration: underline;\"><span style=\"font-size: 24pt;\"> <\/span><\/span><\/strong><\/li>\n<\/ul>\n<p><strong><span style=\"font-size: 13.5pt; color: black;\">Les candidats \u00e0\u00a0 la Pr\u00e9sidentielle quasiment disparus des march\u00e9s, ce sont les joueurs que nous avions l&rsquo;habitude d&rsquo;y voir qui en ont repris possession. A noter que les ministres sont assez pr\u00e9sents, ce qui est une bonne nouvelle.<\/span><\/strong><\/p>\n<ul type=\"disc\">\n<li class=\"MsoNormal\" style=\"color: #ff9900;\"><strong><span style=\"text-decoration: underline;\"><span style=\"font-size: 18pt;\">les m\u00e9dias: 6\/10<\/span><\/span><\/strong><strong><span style=\"text-decoration: underline;\"><span style=\"font-size: 24pt;\"> <\/span><\/span><\/strong><\/li>\n<\/ul>\n<p><strong><span style=\"text-decoration: underline;\"><span style=\"font-size: 13.5pt; color: fuchsia;\">Le Pilote au thon mastique<\/span><\/span><\/strong><strong><span style=\"font-size: 13.5pt; color: black;\"> publie r\u00e9guli\u00e8rement. Derni\u00e8rement ont \u00e9t\u00e9 publi\u00e9es une interview de Sagi et des analyses du Classement de MrBanana.<\/span><\/strong><\/p>\n<p><strong><span style=\"text-decoration: underline;\"><span style=\"font-size: 13.5pt; color: fuchsia;\">VPM-FM<\/span><\/span><\/strong><strong><span style=\"font-size: 13.5pt; color: black;\"> cr\u00e9\u00e9 par Ouicmoi, avec l&rsquo;aide de Maitrenain depuis peu, il s&rsquo;agit (mais non, arr\u00eatez de voir votre Pr\u00e9sident partout\u00a0! ^^) d&rsquo;un m\u00e9dia qui publie chaque semaine un ensemble d&rsquo;\u00e9missions sonores aux sujets vari\u00e9s (actualit\u00e9 de VPM, humour, horoscopes\u00a6). Pour l&rsquo;instant, Ouicmoi tient la cadence. Souhaitons-lui de continuer\u00a0! =)<\/span><\/strong><\/p>\n<p><strong><span style=\"text-decoration: underline;\"><span style=\"font-size: 13.5pt; color: fuchsia;\">Le VPM News<\/span><\/span><\/strong><strong><span style=\"font-size: 13.5pt; color: black;\"> tombe malheureusement dans l&rsquo;oubli. Rien de nouveau \u00e0\u00a0 signaler. =\/<\/span><\/strong><\/p>\n<p><strong><span style=\"text-decoration: underline;\"><span style=\"font-size: 13.5pt; color: fuchsia;\">Les Abstentionnistes<\/span><\/span><\/strong><strong><span style=\"font-size: 13.5pt; color: black;\"> n&rsquo;a rien publi\u00e9 depuis d\u00e9but Janvier.<\/span><\/strong><\/p>\n<p><strong><span style=\"text-decoration: underline;\"><span style=\"font-size: 13.5pt; color: fuchsia;\">Kronik<\/span><\/span><\/strong><strong><span style=\"font-size: 13.5pt; color: black;\"> publie quotidiennement un article. Si certains articles sont ludiques, un autre a provoqu\u00e9 un vibrant d\u00e9bat.<\/span><\/strong><\/p>\n<ul type=\"disc\">\n<li class=\"MsoNormal\" style=\"color: #ff9900;\"><strong><span style=\"text-decoration: underline;\"><span style=\"font-size: 18pt;\">la m\u00e9t\u00e9o des forums parall\u00e8les: 5\/10<\/span><\/span><\/strong><strong><span style=\"text-decoration: underline;\"><span style=\"font-size: 24pt;\"> <\/span><\/span><\/strong><\/li>\n<\/ul>\n<p><strong><span style=\"text-decoration: underline;\"><span style=\"font-size: 13.5pt; color: teal;\">Le canard d\u00e9cha\u00een\u00e9 du sud ouest<\/span><\/span><\/strong><strong><span style=\"font-size: 13.5pt; color: black;\"> a une fr\u00e9quentation r\u00e9guli\u00e8re d&rsquo;habitu\u00e9s.<\/span><\/strong><\/p>\n<p><strong><span style=\"text-decoration: underline;\"><span style=\"font-size: 13.5pt; color: teal;\">Le parti pour la Victoire<\/span><\/span><\/strong><strong><span style=\"font-size: 13.5pt; color: black;\"> est fr\u00e9quent\u00e9 par quelques membres du parti. Un peu moins de Flood qu&rsquo;il fut un temps.<\/span><\/strong><\/p>\n<p><strong><span style=\"text-decoration: underline;\"><span style=\"font-size: 13.5pt; color: teal;\">Les Cat&rsquo;s Eyes<\/span><\/span><\/strong><strong><span style=\"font-size: 13.5pt; color: black;\"> a une activit\u00e9 faible.<\/span><\/strong><\/p>\n<p style=\"margin-bottom: 12pt;\"><strong><span style=\"text-decoration: underline;\"><span style=\"font-size: 13.5pt; color: teal;\">Le Forum de Fous<\/span><\/span><\/strong><strong><span style=\"font-size: 13.5pt; color: black;\"> a une activit\u00e9 assez faible \u00e9galement.<\/span><\/strong><\/p>\n<ul type=\"disc\">\n<li class=\"MsoNormal\" style=\"color: #ff9900;\"><strong><span style=\"text-decoration: underline;\"><span style=\"font-size: 18pt;\">Les laur\u00e9ats de l&rsquo;ambiance: les joueurs qui      participent le plus et le mieux \u00e0\u00a0 l&rsquo;ambiance! <\/span><\/span><\/strong><\/li>\n<\/ul>\n<p><strong><span style=\"font-size: 13.5pt; color: black;\">&#8211; <\/span><\/strong><strong><span style=\"text-decoration: underline;\"><span style=\"font-size: 13.5pt; color: red;\">Sagi<\/span><\/span><\/strong><strong><span style=\"font-size: 13.5pt; color: black;\"> se d\u00e9m\u00e8ne et ouvre de nombreuses discussions sur le Forum.<\/span><\/strong><\/p>\n<p>&#8211; <strong><span style=\"text-decoration: underline;\"><span style=\"font-size: 13.5pt; color: red;\">Darkcool<\/span><\/span><\/strong><strong><span style=\"font-size: 13.5pt; color: black;\"> discret sur le jeu lui-m\u00eame, il faut saluer son investissement sur Kronik.<\/span><\/strong><\/p>\n<p><!--[if !supportEmptyParas]--> <!--[endif]--><\/p>\n<p class=\"MsoNormal\" style=\"text-align: center;\" align=\"center\"><strong><span style=\"background: lime none repeat scroll 0% 0%; font-size: 18pt;\">BILAN : 5,5\/10 <\/span><\/strong><\/p>\n<p style=\"text-align: center;\" align=\"center\"><strong><span style=\"font-size: 18pt; color: black;\">L&rsquo;ambiance de VPM est en l\u00e9g\u00e8re baisse derni\u00e8rement. Alors que Kronik et Le Pilote avaient tent\u00e9 d&rsquo;ouvrir \u00e0\u00a0 nouveau un sujet de publicit\u00e9, sans les liens, ceux-ci ont \u00e9t\u00e9 verrouill\u00e9s par l&rsquo;administrateur lui-m\u00eame. Cette rigueur pourrait bien nuire \u00e0\u00a0 tous les m\u00e9dias et Forums ext\u00e9rieurs qui rythment la vie VPMienne. Ciscool lan\u00e7ait il y a peu un mouvement, le \u00ab\u00a0COHU BOHU\u00a0\u00bb, charg\u00e9 de ramener l&rsquo;ambiance sur VPM. Apr\u00e8s d\u00e9j\u00e0\u00a0 quelques d\u00e9fections de la part de ses membres et non-membres (a), il doit encore faire ses preuves.<\/span><\/strong><\/p>\n","protected":false},"excerpt":{"rendered":"<p>Aujourd&rsquo;hui, notre analyse salue l&rsquo;arriv\u00e9e dans ses crit\u00e8res du Forum du Parti pour la Victoire et de VPM-FM\u00a0! =D<\/p>\n","protected":false},"author":2,"featured_media":0,"comment_status":"open","ping_status":"open","sticky":false,"template":"","format":"standard","meta":{"site-container-style":"default","site-container-layout":"default","site-sidebar-layout":"default","disable-article-header":"default","disable-site-header":"default","disable-site-footer":"default","disable-content-area-spacing":"default","footnotes":""},"categories":[302],"tags":[],"class_list":["post-13280","post","type-post","status-publish","format-standard","hentry","category-5-la-tribune-libre"],"_links":{"self":[{"href":"https:\/\/vpmedias.fr\/index.php?rest_route=\/wp\/v2\/posts\/13280","targetHints":{"allow":["GET"]}}],"collection":[{"href":"https:\/\/vpmedias.fr\/index.php?rest_route=\/wp\/v2\/posts"}],"about":[{"href":"https:\/\/vpmedias.fr\/index.php?rest_route=\/wp\/v2\/types\/post"}],"author":[{"embeddable":true,"href":"https:\/\/vpmedias.fr\/index.php?rest_route=\/wp\/v2\/users\/2"}],"replies":[{"embeddable":true,"href":"https:\/\/vpmedias.fr\/index.php?rest_route=%2Fwp%2Fv2%2Fcomments&post=13280"}],"version-history":[{"count":0,"href":"https:\/\/vpmedias.fr\/index.php?rest_route=\/wp\/v2\/posts\/13280\/revisions"}],"wp:attachment":[{"href":"https:\/\/vpmedias.fr\/index.php?rest_route=%2Fwp%2Fv2%2Fmedia&parent=13280"}],"wp:term":[{"taxonomy":"category","embeddable":true,"href":"https:\/\/vpmedias.fr\/index.php?rest_route=%2Fwp%2Fv2%2Fcategories&post=13280"},{"taxonomy":"post_tag","embeddable":true,"href":"https:\/\/vpmedias.fr\/index.php?rest_route=%2Fwp%2Fv2%2Ftags&post=13280"}],"curies":[{"name":"wp","href":"https:\/\/api.w.org\/{rel}","templated":true}]}}