{"id":13303,"date":"2009-07-31T21:59:54","date_gmt":"2009-07-31T19:59:54","guid":{"rendered":"http:\/\/vpmedias.e3b.org\/?p=1741"},"modified":"2009-07-31T21:59:54","modified_gmt":"2009-07-31T19:59:54","slug":"dimanche-evasionle-tour-du-monde-en-80-jours-a-velo","status":"publish","type":"post","link":"https:\/\/vpmedias.fr\/?p=13303","title":{"rendered":"[Dimanche \u00e9vasion]Le Tour du monde en 80 jours&#8230;\u00e0\u00a0 v\u00e9lo."},"content":{"rendered":"<p style=\"text-align: justify;\"><a href=\"..\/?cat=37\"><img loading=\"lazy\" decoding=\"async\" title=\"VPMcommunaut\u00e9\" src=\"..\/images\/logovpmc.png\" border=\"0\" alt=\"logovpmc.png\" width=\"225\" height=\"58\" align=\"right\" \/><\/a>Il s&rsquo;agit d&rsquo;un certain Guillaume Pr\u00e9bois. Il est parti de Paris le 8 juillet, pour r\u00e9aliser, sur les traces de Phileas Fogg, l&rsquo;h\u00e9ros de Jules Verne, un tour du monde en 80 jours \u00e0\u00a0 v\u00e9lo. Vous pouvez ici visiter son site officiel : <a title=\"www.guillaumepr\u00e9bois.com\" href=\"www.guillaumepr\u00e9bois.com\" target=\"_blank\">www.guillaumepr\u00e9bois.com<\/a> , et suivre tous les jours en derni\u00e8re page du Monde, le r\u00e9cit de son aventure.<\/p>\n","protected":false},"excerpt":{"rendered":"<p>Il s&rsquo;agit d&rsquo;un certain Guillaume Pr\u00e9bois. Il est parti de Paris le 8 juillet, pour r\u00e9aliser, sur les traces de Phileas Fogg, l&rsquo;h\u00e9ros de Jules Verne, un tour du monde en 80 jours \u00e0\u00a0 v\u00e9lo. Vous pouvez ici visiter son site officiel : www.guillaumepr\u00e9bois.com , et suivre tous les jours en derni\u00e8re page du Monde, [&hellip;]<\/p>\n","protected":false},"author":3,"featured_media":0,"comment_status":"open","ping_status":"open","sticky":false,"template":"","format":"standard","meta":{"site-container-style":"default","site-container-layout":"default","site-sidebar-layout":"default","disable-article-header":"default","disable-site-header":"default","disable-site-footer":"default","disable-content-area-spacing":"default","footnotes":""},"categories":[302],"tags":[],"class_list":["post-13303","post","type-post","status-publish","format-standard","hentry","category-5-la-tribune-libre"],"_links":{"self":[{"href":"https:\/\/vpmedias.fr\/index.php?rest_route=\/wp\/v2\/posts\/13303","targetHints":{"allow":["GET"]}}],"collection":[{"href":"https:\/\/vpmedias.fr\/index.php?rest_route=\/wp\/v2\/posts"}],"about":[{"href":"https:\/\/vpmedias.fr\/index.php?rest_route=\/wp\/v2\/types\/post"}],"author":[{"embeddable":true,"href":"https:\/\/vpmedias.fr\/index.php?rest_route=\/wp\/v2\/users\/3"}],"replies":[{"embeddable":true,"href":"https:\/\/vpmedias.fr\/index.php?rest_route=%2Fwp%2Fv2%2Fcomments&post=13303"}],"version-history":[{"count":0,"href":"https:\/\/vpmedias.fr\/index.php?rest_route=\/wp\/v2\/posts\/13303\/revisions"}],"wp:attachment":[{"href":"https:\/\/vpmedias.fr\/index.php?rest_route=%2Fwp%2Fv2%2Fmedia&parent=13303"}],"wp:term":[{"taxonomy":"category","embeddable":true,"href":"https:\/\/vpmedias.fr\/index.php?rest_route=%2Fwp%2Fv2%2Fcategories&post=13303"},{"taxonomy":"post_tag","embeddable":true,"href":"https:\/\/vpmedias.fr\/index.php?rest_route=%2Fwp%2Fv2%2Ftags&post=13303"}],"curies":[{"name":"wp","href":"https:\/\/api.w.org\/{rel}","templated":true}]}}