{"id":13361,"date":"2012-07-19T20:52:27","date_gmt":"2012-07-19T18:52:27","guid":{"rendered":"http:\/\/vpmedias.fr\/?p=13361"},"modified":"2012-07-20T19:21:02","modified_gmt":"2012-07-20T17:21:02","slug":"micro-trottoir-2","status":"publish","type":"post","link":"https:\/\/vpmedias.fr\/?p=13361","title":{"rendered":"Micro Trottoir n\u00b07"},"content":{"rendered":"<p style=\"text-align: justify;\">Il y a 4 mois, VPM\u00e9dias organisait un micro trottoir sur la pr\u00e9sidentielle Krustyfrancky. A 49 jours de l&rsquo;\u00e9lection du prochain pr\u00e9sident, le forum est perturb\u00e9 par des agitateurs qui tentent de d\u00e9clencher des contestations ou recherchent \u00e0 l&rsquo;inverse des soutiens. Entre critique et partisanisme, je me suis dit qu&rsquo;il valait mieux faire le bilan de la pr\u00e9sidentielle Geostar en menant une interview aupr\u00e8s de 3 invit\u00e9s, Askari, Chlochlo et Lyonsuper. Ces candidats potentiels ont \u00e9t\u00e9 interrog\u00e9s et voici leur avis sur le bilan du Pr\u00e9sident.<\/p>\n<p style=\"text-align: justify;\">Le code couleur des r\u00e9ponses :<\/p>\n<p style=\"text-align: justify;\"><strong><span style=\"color: #808000;\">Askari<\/span><span style=\"color: #ff0000;\"> Chlochlo <span style=\"color: #0000ff;\">L<\/span><span style=\"color: #0000ff;\">yonsuper<\/span><\/span><\/strong><\/p>\n<p style=\"text-align: justify;\"><strong>1. Que penses-tu du mandat de Geostar ?<\/strong><\/p>\n<p style=\"text-align: justify;\"><span style=\"color: #808000;\">Askari: Mhm&#8230; il n&rsquo;y a pas vraiment de n\u00e9gatif avec ce que je vois puisqu&rsquo;il fait quand m\u00eame du bon boulot, je n&rsquo;ai rien \u00e0 lui reprocher, mais ce que je regrette c&rsquo;est qu&rsquo;il fait souvent des animations o\u00fb peut de gens peuvent y participer, comme le tour de France.<\/span><\/p>\n<p style=\"text-align: justify;\"><span style=\"color: #ff0000;\">Chlochlo: Le mandat de geostar&#8230; Parce qu il est en fonction ? Moi je vois aucun changement&#8230; Il faut pr\u00e9sider autrement.<\/span><\/p>\n<p style=\"text-align: justify;\"><span style=\"color: #0000ff;\">Lyonsuper: Je trouve mandat bien moyen geostar avant de se present\u00e9 n&rsquo;a pas reflechi si il allait \u00eatre l\u00e0 pendant la periode de presidence un beau faux pas malheureusement !<\/span><\/p>\n<p style=\"text-align: justify;\">L&rsquo;avis est donc mitig\u00e9, un bon point sur les animations qui ont \u00e9t\u00e9 le fort du programme de Geostar, mais un l\u00e9ger d\u00e9saccord sur le tour de France.<\/p>\n<p style=\"text-align: justify;\"><strong>2. Que penses-tu des candidats qui se sont d\u00e9j\u00e0 d\u00e9clar\u00e9s ?<\/strong><\/p>\n<p style=\"text-align: justify;\"><span style=\"color: #808000;\">Askari: Si tu parles des petits joueurs qui se d\u00e9clarent \u00e0 peine le campagne termin\u00e9e je trouve \u00e7a vraiment nul, c&rsquo;est insupportable de voir des gens qui n&rsquo;ont aucune exp\u00e9rience vouloir un rang de ce niveau, mais je n&rsquo;y pr\u00eate pas attention puisque je sais que \u00e7a ne dura pas longtemps.<\/span><\/p>\n<p style=\"text-align: justify;\"><span style=\"color: #ff0000;\">Chlochlo: Je pense qu au vu des absences de geostar ce si est naturel bien qu ils n&rsquo;ont aucunes chance je dirais juste \u00ab\u00a0chi va piano, %va sano\u00a0\u00bb<\/span><\/p>\n<p style=\"text-align: justify;\"><span style=\"color: #0000ff;\">Lyonsuper: Je trouve que ces joueurs qui se presente maintenant montre une manque de respect envers le president actuel de vpm<\/span><\/p>\n<p style=\"text-align: justify;\">Donc on remarque que m\u00eame si tout le monde n&rsquo;est pas d&rsquo;accord sur tout avec le pr\u00e9sident actuel, beaucoup au contraire affichent du respect pour ses actions et son mandat.<\/p>\n<p style=\"text-align: justify;\"><strong>3. Penses-tu que tu te pr\u00e9senteras aux primaires de ton parti s&rsquo;il y en a ?<\/strong><\/p>\n<p style=\"text-align: justify;\"><span style=\"color: #808000;\">Askari: Surement, \u00e9videmment quelle question! Tu me connais si bien quand m\u00eame! <\/span><br \/>\n<span style=\"color: #808000;\">( Aska&#8230; on a faillit mourir et tu oses vouloir te pr\u00e9senter encore ? Quel courage&#8230; ._. )<\/span><\/p>\n<p style=\"text-align: justify;\"><span style=\"color: #ff0000;\">Chlochlo: Des primaires ? Lorsque notre candidat est deja choisi et son programme quasi fini pas besoin<\/span><\/p>\n<p style=\"text-align: justify;\"><span style=\"color: #0000ff;\">Lyonsuper: Peut \u00eatre je verrais en fonction de mon temps mais a voir cela peut-\u00eatre interessant<\/span><\/p>\n<p style=\"text-align: justify;\">On arrive donc \u00e0 la 4\u00e9me et derni\u00e8re question de ce micro trottoir.<\/p>\n<p style=\"text-align: justify;\"><strong>4. As-tu un message (positif ou n\u00e9gatif) \u00e0 adresser au gouvernement ou \u00e0 des VPMiens ?<\/strong><\/p>\n<p style=\"text-align: justify;\"><span style=\"color: #808000;\">Askari: Ne vous f\u00e2chez pas entre vous, on a diff\u00e9rents fa\u00e7ons de penser, donc il faut mieux stopper les conflits, pour \u00e9viter tout embarr\u00e2t qui pourrait mettre l&rsquo;ambiance de VPM en p\u00e9ril.<\/span><\/p>\n<p style=\"text-align: justify;\"><span style=\"color: #ff0000;\">Chlochlo: Tous d abord de ne pas se laisser impressionner par des personnes qui promette tous et feront rien, deuxi\u00e8mement rest\u00e9 souder et puis la presi est encore loin.<\/span><br \/>\n<span style=\"color: #ff0000;\">Ah oui de cesser les insultes sur les march\u00e9s<\/span><\/p>\n<p style=\"text-align: justify;\"><span style=\"color: #0000ff;\">Lyonsuper: J&rsquo;aimerais remercier mes soutiens a la derni\u00e8re presidentielle et merci pour cette interview et une chose pour les candidats reflechissez bien \u00eates vous disponible pendant la presidence <\/span><\/p>\n<p style=\"text-align: justify;\"><span style=\"color: #0000ff;\">Voil\u00e0 bye !<\/span><\/p>\n<p style=\"text-align: justify;\">Donc on voit que tous appellent au calme et \u00e0 pr\u00e9server la bonne ambiance de VPM.<\/p>\n<p style=\"text-align: justify;\">Voil\u00e0 le point de vue de 3 candidats potentiels. Il y en aura peut \u00eatre un autre d&rsquo;ici quelques semaines \u00e0 un mois. Cet article est termin\u00e9 et je citerai les confr\u00e8res de VPMradio, <em>\u00ab\u00a0VPM c&rsquo;est comme une bicyclette,quand elle n&rsquo;avance pas, elle tombe\u00a0\u00bb<\/em> .<\/p>\n<p style=\"text-align: justify;\">[auteur]<\/p>\n","protected":false},"excerpt":{"rendered":"<p>Trois candidats potentiels \u00e0 la pr\u00e9sidentielle analysent la situation VPMienne, au micro de Jacquesdefranc.<\/p>\n","protected":false},"author":71,"featured_media":0,"comment_status":"open","ping_status":"open","sticky":false,"template":"","format":"standard","meta":{"site-container-style":"default","site-container-layout":"default","site-sidebar-layout":"default","disable-article-header":"default","disable-site-header":"default","disable-site-footer":"default","disable-content-area-spacing":"default","footnotes":""},"categories":[4],"tags":[527,421,34,463,418],"class_list":["post-13361","post","type-post","status-publish","format-standard","hentry","category-2-vpmc","tag-bilan","tag-candidats","tag-interview","tag-micro-trottoir","tag-presidentielle"],"_links":{"self":[{"href":"https:\/\/vpmedias.fr\/index.php?rest_route=\/wp\/v2\/posts\/13361","targetHints":{"allow":["GET"]}}],"collection":[{"href":"https:\/\/vpmedias.fr\/index.php?rest_route=\/wp\/v2\/posts"}],"about":[{"href":"https:\/\/vpmedias.fr\/index.php?rest_route=\/wp\/v2\/types\/post"}],"author":[{"embeddable":true,"href":"https:\/\/vpmedias.fr\/index.php?rest_route=\/wp\/v2\/users\/71"}],"replies":[{"embeddable":true,"href":"https:\/\/vpmedias.fr\/index.php?rest_route=%2Fwp%2Fv2%2Fcomments&post=13361"}],"version-history":[{"count":6,"href":"https:\/\/vpmedias.fr\/index.php?rest_route=\/wp\/v2\/posts\/13361\/revisions"}],"predecessor-version":[{"id":13364,"href":"https:\/\/vpmedias.fr\/index.php?rest_route=\/wp\/v2\/posts\/13361\/revisions\/13364"}],"wp:attachment":[{"href":"https:\/\/vpmedias.fr\/index.php?rest_route=%2Fwp%2Fv2%2Fmedia&parent=13361"}],"wp:term":[{"taxonomy":"category","embeddable":true,"href":"https:\/\/vpmedias.fr\/index.php?rest_route=%2Fwp%2Fv2%2Fcategories&post=13361"},{"taxonomy":"post_tag","embeddable":true,"href":"https:\/\/vpmedias.fr\/index.php?rest_route=%2Fwp%2Fv2%2Ftags&post=13361"}],"curies":[{"name":"wp","href":"https:\/\/api.w.org\/{rel}","templated":true}]}}