{"id":13712,"date":"2012-08-26T22:10:16","date_gmt":"2012-08-26T20:10:16","guid":{"rendered":"http:\/\/vpmedias.fr\/?p=13712"},"modified":"2012-08-26T22:10:16","modified_gmt":"2012-08-26T20:10:16","slug":"la-crise-de-vpm","status":"publish","type":"post","link":"https:\/\/vpmedias.fr\/?p=13712","title":{"rendered":"Nouvelle administration de la Ligue"},"content":{"rendered":"<p style=\"text-align: justify;\">Notre communaut\u00e9 passe une p\u00e9riode de crise ou les disputes sur le forum et sur les march\u00e9s font rage! Comme l&rsquo;a dit Jacquesdefranc, VPM passe une des pires crise de son histoire. En effet VPM est divis\u00e9 en 4 que je j&rsquo;expliquerais dans quelques instants. Depuis la cr\u00e9ation de la Ligue des Partis issue d&rsquo;une autre alliance existante, VPM et sa communaut\u00e9 ne cessent de se diviser pour ce sujet mais d&rsquo;abord avant d&rsquo;entamer je vais vous expliquer un peu ce qui s&rsquo;est passe ces derni\u00e8res 168 heures (1semaine) , Felenon \u00e0 d\u00e9clar\u00e9 qu&rsquo;elle d\u00e9cide de cr\u00e9er une nouvelle ligue mais pr\u00e9tend prendre le contr\u00f4le de la Ligue des Partis d\u00e9j\u00e0 existante or j&rsquo;ai r\u00e9pliqu\u00e9 et j&rsquo;ai dit qu&rsquo;elle ne peux pas prendre la direction de la Ligue des Partis vu que seul moi en ai la direction et elle a imm\u00e9diatement d\u00e9clar\u00e9 quelle et son parti quitte la Ligue et elle a cr\u00e9\u00e9e une autre ligue qui n&rsquo;a ni nom ni \u00e9quipe et encore moins de partis.<\/p>\n<p style=\"text-align: justify;\">J&rsquo;ai d\u00e9clar\u00e9 qu&rsquo;une nouvelle administration aller \u00eatre mis en place et Laurence l&rsquo;a dit dans son sujet\u00ab message important\u00bb et dans ce message il y avait les nouveaux membres de l&rsquo;\u00e9quipe. Je comprend la communaut\u00e9 qui ne comprenant rien \u00e0 dit des choses pas vrai dont je j&rsquo;invite les curieux \u00e0 aller voir sur le forum. Ainsi Felenon n&rsquo;est pas vir\u00e9e de la Ligue mais de toute responsabilit\u00e9 et si comme je l&rsquo;ai dis elle d\u00e9truit officiellement son alliance au profit de la Ligue alors tous conflits diplomatiques seront clos.<\/p>\n<p style=\"text-align: justify;\">Comme je l&rsquo;ai dis je pense que VPM en a marre de nos conflits et je qualifie les faits de Felenon de pu\u00e9rils et stupides ainsi pour le bien de la communaut\u00e9 je ferme pendant un petit temps le bureau de la Ligue mais pas dans les villes !<\/p>\n<p style=\"text-align: justify;\">J&rsquo;en appelle \u00e0 Felenon de faire de m\u00eame pour la communaut\u00e9 de VPM<\/p>\n<p style=\"text-align: justify;\">Vive la Ligue des Partis<\/p>\n","protected":false},"excerpt":{"rendered":"<p>Notre communaut\u00e9 passe une p\u00e9riode de crise ou les disputes sur le forum et sur les march\u00e9s font rage! Comme l&rsquo;a dit Jacquesdefranc, VPM passe une des pires crise de son histoire. En effet VPM est divis\u00e9 en 4 que je j&rsquo;expliquerais dans quelques instants. Depuis la cr\u00e9ation de la Ligue des Partis issue d&rsquo;une [&hellip;]<\/p>\n","protected":false},"author":35,"featured_media":0,"comment_status":"open","ping_status":"open","sticky":false,"template":"","format":"standard","meta":{"site-container-style":"default","site-container-layout":"default","site-sidebar-layout":"default","disable-article-header":"default","disable-site-header":"default","disable-site-footer":"default","disable-content-area-spacing":"default","footnotes":""},"categories":[302],"tags":[],"class_list":["post-13712","post","type-post","status-publish","format-standard","hentry","category-5-la-tribune-libre"],"_links":{"self":[{"href":"https:\/\/vpmedias.fr\/index.php?rest_route=\/wp\/v2\/posts\/13712","targetHints":{"allow":["GET"]}}],"collection":[{"href":"https:\/\/vpmedias.fr\/index.php?rest_route=\/wp\/v2\/posts"}],"about":[{"href":"https:\/\/vpmedias.fr\/index.php?rest_route=\/wp\/v2\/types\/post"}],"author":[{"embeddable":true,"href":"https:\/\/vpmedias.fr\/index.php?rest_route=\/wp\/v2\/users\/35"}],"replies":[{"embeddable":true,"href":"https:\/\/vpmedias.fr\/index.php?rest_route=%2Fwp%2Fv2%2Fcomments&post=13712"}],"version-history":[{"count":2,"href":"https:\/\/vpmedias.fr\/index.php?rest_route=\/wp\/v2\/posts\/13712\/revisions"}],"predecessor-version":[{"id":13724,"href":"https:\/\/vpmedias.fr\/index.php?rest_route=\/wp\/v2\/posts\/13712\/revisions\/13724"}],"wp:attachment":[{"href":"https:\/\/vpmedias.fr\/index.php?rest_route=%2Fwp%2Fv2%2Fmedia&parent=13712"}],"wp:term":[{"taxonomy":"category","embeddable":true,"href":"https:\/\/vpmedias.fr\/index.php?rest_route=%2Fwp%2Fv2%2Fcategories&post=13712"},{"taxonomy":"post_tag","embeddable":true,"href":"https:\/\/vpmedias.fr\/index.php?rest_route=%2Fwp%2Fv2%2Ftags&post=13712"}],"curies":[{"name":"wp","href":"https:\/\/api.w.org\/{rel}","templated":true}]}}