{"id":13714,"date":"2012-08-26T21:39:40","date_gmt":"2012-08-26T19:39:40","guid":{"rendered":"http:\/\/vpmedias.fr\/?p=13714"},"modified":"2012-08-26T21:52:14","modified_gmt":"2012-08-26T19:52:14","slug":"une-vision-avant-les-presidentielles","status":"publish","type":"post","link":"https:\/\/vpmedias.fr\/?p=13714","title":{"rendered":"Une vision avant les pr\u00e9sidentielles"},"content":{"rendered":"<p style=\"text-align: justify;\">Bien le bonjour \u00e0 tous, nous voyons d\u00e9sormais les pr\u00e9sidentielles qui arrivent \u00e0 grand pas, beaucoup l&rsquo;attendent avec impatience afin de savoir qui sera le prochain qui r\u00e9gnera enfin en ma\u00eetre sur le fameux jeu \u00abVotezpourmoi\u00bb.<!--more--> Certains disent qu&rsquo;on verra enfin la rubrique Dimanche, d&rsquo;autres disent que \u00e7a arrivera en semaine et les derniers, d\u00e9but Septembre, on peut donc voir que les avis sont diff\u00e9rents mais on a tous cette optique, on attend tous le d\u00e9but des Pr\u00e9sidentielles.<br \/>\nTout a commenc\u00e9 au d\u00e9but du mandat de Geostar en Mai 2012, lorsque diff\u00e9rents joueurs se sont pr\u00e9cipit\u00e9s dans la cat\u00e9gorie Pr\u00e9sidentielle afin de se pr\u00e9senter et de donner de belles id\u00e9es qu&rsquo;ils ne respecteront jamais. D&rsquo;autres sont venus jouer les r\u00e9volutionnaires pour tenter de renverser le pr\u00e9sident, mais cela a eu le d\u00e9faut de cr\u00e9er une forte baisse dans l&rsquo;opposition, jusqu&rsquo;\u00e0 maintenant, o\u00f9 les forces commencent \u00e0 se d\u00e9cha\u00eener sur le forum.<\/p>\n<p style=\"text-align: justify;\">En attendant l\u2019\u00e9v\u00e9nement, tous les candidats partent \u00e0 la recherche de soutiens et de programme afin de pouvoir \u00eatre op\u00e9rationnel lorsque le moment fatidique arrivera, nous pouvons les voir sur les march\u00e9s puisqu&rsquo;il est plus simple de parler dans le tchat avec \u00abl&rsquo;option F5\u00bb, mais en \u00e9tant assez pr\u00e9sent, on peut d\u00e9j\u00e0 remarquer qui pourra y participer., ainsi que sur le forum, m\u00eame s&rsquo;ils sont plus discret \u00e0 cet endroit. On en parle beaucoup, on esp\u00e8re tous que le mois de Septembre sera tout aussi calme que le mois d&rsquo;Avril, puisqu&rsquo;il ne faut surtout pas oublier que nous sommes sur un jeu humoristique, la r\u00e8gle en Or est ne pas perdre le sourire et de se d\u00e9tendre sans s&rsquo;\u00e9nerver.<\/p>\n<p style=\"text-align: justify;\">J&rsquo;ai donc pris la peine d&rsquo;interviewer un journaliste de VPM\u00e9dias, connu pour \u00eatre impartial quand il s&rsquo;agit de lancer une critique, que ce soit n\u00e9gative ou positive, il s&rsquo;agit bien de Jaquesdefranc. Je lui ai donc pos\u00e9 quelques questions afin qu&rsquo;il puisse donner son impressions, \u00e0 quelques jours ou semaines des pr\u00e9sidentielles.<\/p>\n<p style=\"text-align: justify;\">1\/ Qui penses-tu voir aux pr\u00e9sidentielles mis \u00e0 part Laurence ?<\/p>\n<p style=\"text-align: justify;\"><strong>On parle beaucoup de Louloubis, Joecafard, Fujifene mais selon moi tant que rien n&rsquo;est officiel ce ne sont que des rumeurs infond\u00e9es.<\/strong><\/p>\n<p style=\"text-align: justify;\">Apparemment Lyonsuper sera candidat du LCD apr\u00e8s avoir battu Nicomonami, quant \u00e0 Janvier il se pourrait qu&rsquo;il revienne.<\/p>\n<p style=\"text-align: justify;\">Apr\u00e8s vis \u00e0 vis de la ligue, je ne connais pas bien leur histoires mais leur spendzst veut se faire candidat face \u00e0 Chlochlos et Felenon.<\/p>\n<p style=\"text-align: justify;\">On sait aussi que kewi s&rsquo;est d\u00e9clar\u00e9e donc des candidatures VPM ne risque certainement pas d&rsquo;en manquer.<\/p>\n<p style=\"text-align: justify;\">2\/ Quelles sont tes impressions sur ces candidats?<\/p>\n<p style=\"text-align: justify;\"><strong>Spendzst pour faire honn\u00eate, s&rsquo;il se pr\u00e9sente il risque de faire rire plus d&rsquo;un, beaucoup trop jeune \u00e0 VPM sans l&rsquo;\u00e9quipe autour de lui et sans r\u00e9elles id\u00e9es pour VPM.<\/strong><\/p>\n<p style=\"text-align: justify;\">Laurence n&rsquo;est pas assez affich\u00e9e, elle risque de passer \u00e0 tord pour l&rsquo;Eva Joly de cette pr\u00e9sidentielle, Fujifene, je ne sais s&rsquo;il sera candidat mais il a l&rsquo;\u00e9quipe et les id\u00e9es tout comme Louloubis et Joecafard qui sont certainement les meilleurs candidats s&rsquo;ils se pr\u00e9sentent.<\/p>\n<p style=\"text-align: justify;\">Lyonsuper poss\u00e8de un gros potentiel sur le vote des jeunes mais a beaucoup de mal \u00e0 convaincre ceux qui ont vot\u00e9 pour Arc et Geostar \u00e0 la derni\u00e8re pr\u00e9sidentielle, c&rsquo;est donc un vrai d\u00e9fi d&rsquo;image que doit se lancer le candidat PCD.<\/p>\n<p style=\"text-align: justify;\">Janvier lui n&rsquo;a certainement pas les moyens de se faire \u00e9lire que ce soit son \u00e2ge ou ses soutiens il appara\u00eet comme un Cheminade malheureusement.<\/p>\n<p style=\"text-align: justify;\">Felenon poss\u00e8de l&rsquo;image mais pas l&rsquo;\u00e9quipe, Kewi avec le\u00a0soutien\u00a0de son mari peut faire des choses mais il lui faut le ralliement,c&rsquo;est \u00e0 elle de jouer sur ce p\u00f4le.<\/p>\n<p style=\"text-align: justify;\">3\/ Que penses-tu des joueurs qui se sont pr\u00e9sent\u00e9 d\u00e8s le d\u00e9but du mandat de Geostar ?<\/p>\n<p style=\"text-align: justify;\"><strong>Guignolos, des gens qui se pr\u00e9sentent parce qu&rsquo;ils veulent devenir pr\u00e9sident sans respecter le mandat de Geostar \u00e0 peine entam\u00e9 c&rsquo;est insultant envers ceux qui ont \u00e9lus le gouvernement et le pr\u00e9sident lui-m\u00eame. On peut bien sur pr\u00e9parer dans l&rsquo;ombre mais au publique au mieux \u00e7a fait sourire au pire \u00e7a peut offenser certains.<\/strong><\/p>\n<p style=\"text-align: justify;\">4\/ On a entendu que certains joueurs gardent l&rsquo;anonymat et ne d\u00e9clarent pas encore leur candidature, pr\u00e9parant le tout dans l&rsquo;ombre par respect pour Geostar, que penses-tu de cet acte ?<\/p>\n<p style=\"text-align: justify;\"><strong>Ils ont le droit de se pr\u00e9parer dans l&rsquo;ombre cela montre qu&rsquo;ils respectent Geostar et son mandat mais entre nous je pense que chaque \u00e9quipe pr\u00e9pare dans l&rsquo;ombre depuis un moment ces pr\u00e9sidentielles toutes les \u00e9quipes&#8230;<\/strong><\/p>\n<p style=\"text-align: justify;\">5\/ Penses-tu que des candidats faisant agissant ainsi peuvent devenir de bons pr\u00e9sidents ?<\/p>\n<p style=\"text-align: justify;\"><strong>Ceux dans l&rsquo;ombre? Eh bien certainement vu que chaque grosse \u00e9quipe le fait et certainement sur des forums en cachette mais avec le nombre, ce n&rsquo;est pas g\u00e9n\u00e9ralement les\u00a0petits\u00a0candidats qui font en cachette.<\/strong><\/p>\n<p style=\"text-align: justify;\">Maintenant ceux qui se postent candidats depuis le 6 mai 2012 montrent qu&rsquo;ils n&rsquo;ont pas la patience ni l&rsquo;exp\u00e9rience d\u2019\u00eatre pr\u00e9sident, tout simplement parce qu&rsquo;ils manquent de respect envers les autres.<\/p>\n<p style=\"text-align: justify;\">6\/ Je parle beaucoup de Geostar, mais qui est ton pr\u00e9sident pr\u00e9f\u00e9r\u00e9, juste par curiosit\u00e9 ?<\/p>\n<p style=\"text-align: justify;\"><strong>G\u00e9ostar, gentil d\u00e9vou\u00e9 sympathique tout le monde pourrait l&rsquo;inviter chez soi il cumule beaucoup de qualit\u00e9s sur le plan social il est de loin le meilleur.<\/strong><\/p>\n<p style=\"text-align: justify;\">Sur le plan des r\u00e9alisations par contre je suis oblig\u00e9 de dire que c&rsquo;est Krustyfranky qui a fait un tr\u00e8s gros mandat en cr\u00e9ant WikiVPM de bonnes animations et une mont\u00e9e de la participation \u00e0 VPM.<\/p>\n<p style=\"text-align: justify;\">Toutefois geostar sort d&rsquo;un tr\u00e8s bon mandat malgr\u00e9 l&rsquo;\u00e9chec d\u2019identit\u00e9 VPM qui \u00e9tait une excellente id\u00e9e.<\/p>\n<p style=\"text-align: justify;\">7\/ Pour finir, souhaites-tu un jour te pr\u00e9senter aux \u00e9lections pr\u00e9sidentielles, pas sp\u00e9cialement dans celle-l\u00e0?<\/p>\n<p style=\"text-align: justify;\"><strong>Alors oui sans doute mais je me donne au moins 12\/16 mois pour me pr\u00e9senter, pour diriger VPM c&rsquo;est comme un \u00e9tat,\u00e7 a prend de la comp\u00e9tence \u00e7a prend de la d\u00e9termination puis surtout \u00e7a prend une \u00e9quipe,et ce n&rsquo;est qu&rsquo;avec le temps que l&rsquo;on se dit que tu peux le devenir,et puis surtout avoir \u00e9t\u00e9 ministre au moins une ou deux fois participer \u00e0 VPM et ne pas montrer son ambition comme l&rsquo;a fait Chlochlo ou Julienlef c&rsquo;est la preuve qu&rsquo;on est digne de l\u2019\u00eatre.<\/strong><\/p>\n<p style=\"text-align: justify;\">Donc pour faire court dans un futur oui mais certainement pas au d\u00e9triment de ceux qui sont avec moi, avec qui je travaille que je suis et soutien au quotidien, je laisserais toujours mon ambition derri\u00e8re mon m\u00e9rite donc devenir pr\u00e9sident de VPM est loin d\u2019\u00eatre une priorit\u00e9.<\/p>\n<p style=\"text-align: justify;\">Nous pouvons le remercier pour avoir r\u00e9pondu aux questions, nous en savons donc plus sur ce que pourra \u00eatre la pr\u00e9sidentielle de d\u00e9but Septembre. On peut donc conclure par le fait d&rsquo;attendre le moment tant attendu avec la patience, la bonne humeur et sans trop se chamailler, le fait de montrer un jolie sourire au lieu de crier \u00abAux armes\u00bb peut d\u00e9j\u00e0 donner une meilleure ambiance pour les pr\u00e9sidentielles.<\/p>\n<p style=\"text-align: justify;\"><strong>On crie tous en c\u0153ur, \u00abVive VPM\u00bb, en levant nos poings pour jouer dans la joie et la bonne humeur.<\/strong><\/p>\n","protected":false},"excerpt":{"rendered":"<p>Bien le bonjour \u00e0 tous, nous voyons d\u00e9sormais les pr\u00e9sidentielles qui arrivent \u00e0 grand pas, beaucoup l&rsquo;attendent avec impatience afin de savoir qui sera le prochain qui r\u00e9gnera enfin en ma\u00eetre sur le fameux jeu \u00abVotezpourmoi\u00bb.<\/p>\n","protected":false},"author":35,"featured_media":0,"comment_status":"open","ping_status":"open","sticky":false,"template":"","format":"standard","meta":{"site-container-style":"default","site-container-layout":"default","site-sidebar-layout":"default","disable-article-header":"default","disable-site-header":"default","disable-site-footer":"default","disable-content-area-spacing":"default","footnotes":""},"categories":[302],"tags":[418],"class_list":["post-13714","post","type-post","status-publish","format-standard","hentry","category-5-la-tribune-libre","tag-presidentielle"],"_links":{"self":[{"href":"https:\/\/vpmedias.fr\/index.php?rest_route=\/wp\/v2\/posts\/13714","targetHints":{"allow":["GET"]}}],"collection":[{"href":"https:\/\/vpmedias.fr\/index.php?rest_route=\/wp\/v2\/posts"}],"about":[{"href":"https:\/\/vpmedias.fr\/index.php?rest_route=\/wp\/v2\/types\/post"}],"author":[{"embeddable":true,"href":"https:\/\/vpmedias.fr\/index.php?rest_route=\/wp\/v2\/users\/35"}],"replies":[{"embeddable":true,"href":"https:\/\/vpmedias.fr\/index.php?rest_route=%2Fwp%2Fv2%2Fcomments&post=13714"}],"version-history":[{"count":3,"href":"https:\/\/vpmedias.fr\/index.php?rest_route=\/wp\/v2\/posts\/13714\/revisions"}],"predecessor-version":[{"id":13721,"href":"https:\/\/vpmedias.fr\/index.php?rest_route=\/wp\/v2\/posts\/13714\/revisions\/13721"}],"wp:attachment":[{"href":"https:\/\/vpmedias.fr\/index.php?rest_route=%2Fwp%2Fv2%2Fmedia&parent=13714"}],"wp:term":[{"taxonomy":"category","embeddable":true,"href":"https:\/\/vpmedias.fr\/index.php?rest_route=%2Fwp%2Fv2%2Fcategories&post=13714"},{"taxonomy":"post_tag","embeddable":true,"href":"https:\/\/vpmedias.fr\/index.php?rest_route=%2Fwp%2Fv2%2Ftags&post=13714"}],"curies":[{"name":"wp","href":"https:\/\/api.w.org\/{rel}","templated":true}]}}