{"id":13868,"date":"2012-09-04T12:07:47","date_gmt":"2012-09-04T10:07:47","guid":{"rendered":"http:\/\/vpmedias.fr\/?p=13868"},"modified":"2017-07-07T17:38:24","modified_gmt":"2017-07-07T15:38:24","slug":"une-carte-postale-vpmienne-bobmorane-a-berlin","status":"publish","type":"post","link":"https:\/\/vpmedias.fr\/?p=13868","title":{"rendered":"Une carte postale Vpmienne : BobMorane \u00e0 Berlin"},"content":{"rendered":"<p style=\"text-align: justify;\">Salut salut :) Voici le premier num\u00e9ro de la nouvelle chronique Made in Vpm \u00ab\u00a0Carte postale Vpmienne\u00a0\u00bb. Cela faisait longtemps que j&rsquo;avais envie de lancer une chronique rassemblant les joueurs de vpm, des t\u00e9moignages de vacances, des destinations et c&rsquo;est d\u00e9sormais chose faite (notamment gr\u00e2ce \u00e0 Bobmorane et Dragalex, que je remercie au passage) ! Donc pour inaugurer cette chronique, voici l&rsquo;interview de notre cher et aim\u00e9 (oui oui ;) Bobmorane ! C&rsquo;est parti !<\/p>\n<p style=\"color: #0e0f0f; text-align: justify;\"><strong>1\/ Tout d&rsquo;abord, peux tu te pr\u00e9senter pour nos lecteurs (incultes !)<\/strong><br \/>\n\u00c9tudiant, inscrit en 2007. J\u2019ai jou\u00e9 au Parti pour l\u2019Aventure pendant un bon moment, puis depuis cette ann\u00e9e \u00e0 l\u2019Union des Jmenfoutistes. Aujourd&rsquo;hui, mod\u00e9rateur, ministre de KrustyFrancky puis G\u00e9ostar, mais surtout r\u00e9dac\u2019 chef \u00e0 VPM\u00e9dias, une grande passion!<br \/>\n<a href=\"http:\/\/vpmedias.fr\/wiki\/index.php?title=BobMorane\">Lire la fiche WikiVPM.<\/a><\/p>\n<p style=\"text-align: justify;\"><strong>2\/ O\u00f9 es tu parti cet \u00e9t\u00e9 ?<\/strong><br \/>\nJe suis parti \u00e0 Berlin, la capitale f\u00e9d\u00e9rale de l\u2019Allemagne.<\/p>\n<p style=\"text-align: justify;\"><strong>3\/ As tu des bons plans \u00e0 faire partager ? Des visites \u00e0 recommander ? Des coups de c\u0153urs ?<\/strong><br \/>\nVoil\u00e0 quelques bon plans qui s&rsquo;\u00e9cartent un peu du gros parcours touristique classique, et qui j&rsquo;esp\u00e8re, vous permettront de bien sentir l&rsquo;\u00e2me de la ville. :)<\/p>\n<p style=\"text-align: justify;\">La ville est connue pour son histoire assez dure et marqu\u00e9e par le XXe si\u00e8cle. P\u00e9riode faste des ann\u00e9es 20, sombres ann\u00e9es 30, les ravages de la guerre, la s\u00e9paration des deux Allemagnes tout de suite apr\u00e8s, et le mur de 1961 \u00e0 1989, haut lieu de la guerre froide, qui a s\u00e9par\u00e9, par surprise et en une nuit, une ville, donc des familles (et m\u00eame des b\u00e2timents). Story of Berlin (sur le Kurf\u00fcrstendamm, Champs Elys\u00e9es local) est le mus\u00e9e id\u00e9al pour en apprendre plus sur tout cela. En plus, astuce, le mus\u00e9e comprend la visite d\u2019un immense bunker anti-atomique situ\u00e9 juste en dessous, pr\u00e9vu pour accueillir des centaines de personnes pendant deux semaines en cas d\u2019attaque nucl\u00e9aire sovi\u00e9tique. B\u00e9ton et portes blind\u00e9es sont au rendez-vous pour un revival apocalyptique.<\/p>\n<p style=\"text-align: justify;\">Les nuits berlinoises sont r\u00e9put\u00e9es, et ont une particularit\u00e9 : elles commencent \u00e0 minuit et se terminent \u00e0 midi le lendemain. Les clubs (tr\u00e8s bon march\u00e9s, entr\u00e9e et consos) sont tr\u00e8s \u00e9tendus et \u00e9quip\u00e9s pour y rester une demi-douzaine d\u2019heures. Les Allemands restent souvent dans le m\u00eame pour la nuit avant d\u2019aller prendre un caf\u00e9 puis un brunch . Mon conseil de club sera le \u00ab Tr\u00e9sor \u00bb (\u00e9lectro, minimaliste, indu, exp\u00e9rimental), install\u00e9 dans une usine d\u00e9saffect\u00e9e. L\u00e0 encore, labyrinthe de couloirs de b\u00e9ton, sas techniques, n\u00e9ons et tuyauteries d\u2019origine. Le tout offre une ambiance presque glauque entre diff\u00e9rentes salles, plus ou moins enfum\u00e9es, \u00e9clair\u00e9es, bien fr\u00e9quent\u00e9es (je ne parlerai pas des d\u00e9rives -krustyfranckistes, dirons-nous- dans les coins sombres\u2026). ^^<\/p>\n<p style=\"text-align: justify;\">Dans la foul\u00e9e de tout le centre ville (\u00ab Mitte \u00bb), le m\u00e9morial de l\u2019holocauste, est \u00e0 voir. Aust\u00e9rit\u00e9 et symbolique intense, d\u2019autant plus que la partie enterr\u00e9e est situ\u00e9e en lieu et place de l\u2019ancien bunker d\u2019Hitler. La partie ext\u00e9rieure est un champ de st\u00e8les.<\/p>\n<p style=\"text-align: justify;\">Une des meilleures vues sur Berlin (avec celle de la Fernsehturm) est celle depuis la coupole du Reichstag, le parlement f\u00e9d\u00e9ral. Attention, r\u00e9servation sur internet obligatoire ! La climatisation est naturelle et le sol en verre pour pouvoir symboliquement regarder les d\u00e9put\u00e9s bosser dans l\u2019h\u00e9micycle en dessous. ^^ Toute cette symbolique est \u00e9videmment dict\u00e9e par le pass\u00e9 historique du lieu.<\/p>\n<p style=\"text-align: justify;\"><img loading=\"lazy\" decoding=\"async\" class=\"aligncenter wp-image-35279 size-large\" src=\"http:\/\/vpmedias.fr\/wp-content\/uploads\/2012\/09\/berlin-2-550x413.jpg\" alt=\"\" width=\"550\" height=\"413\" srcset=\"https:\/\/vpmedias.fr\/wp-content\/uploads\/2012\/09\/berlin-2-550x413.jpg 550w, https:\/\/vpmedias.fr\/wp-content\/uploads\/2012\/09\/berlin-2-150x113.jpg 150w, https:\/\/vpmedias.fr\/wp-content\/uploads\/2012\/09\/berlin-2-300x225.jpg 300w, https:\/\/vpmedias.fr\/wp-content\/uploads\/2012\/09\/berlin-2-768x576.jpg 768w, https:\/\/vpmedias.fr\/wp-content\/uploads\/2012\/09\/berlin-2.jpg 800w\" sizes=\"auto, (max-width: 550px) 100vw, 550px\" \/><\/p>\n<p style=\"text-align: justify;\">L\u2019ancien Berlin-Est a gard\u00e9 son \u00ab charme \u00bb de r\u00e9publique socialiste. Alexanderplatz, et surtout la Karl Marx Allee, \u00e0 l\u2019architecture stalinienne. Ses immeubles \u00e9taient \u00e0 l\u2019\u00e9poque de haut standing, r\u00e9serv\u00e9s aux cadres du parti (SED). Certains allemands regrettent le logement pour tous, le communisme, et parlent d&rsquo;Ostalgie.<\/p>\n<p style=\"text-align: justify;\"><img loading=\"lazy\" decoding=\"async\" class=\"aligncenter  wp-image-35280\" src=\"http:\/\/vpmedias.fr\/wp-content\/uploads\/2012\/09\/berlin-8.jpg\" alt=\"\" width=\"409\" height=\"545\" srcset=\"https:\/\/vpmedias.fr\/wp-content\/uploads\/2012\/09\/berlin-8.jpg 600w, https:\/\/vpmedias.fr\/wp-content\/uploads\/2012\/09\/berlin-8-113x150.jpg 113w, https:\/\/vpmedias.fr\/wp-content\/uploads\/2012\/09\/berlin-8-225x300.jpg 225w, https:\/\/vpmedias.fr\/wp-content\/uploads\/2012\/09\/berlin-8-550x733.jpg 550w\" sizes=\"auto, (max-width: 409px) 100vw, 409px\" \/><\/p>\n<p style=\"text-align: justify;\"><img loading=\"lazy\" decoding=\"async\" class=\"aligncenter wp-image-35281 size-large\" src=\"http:\/\/vpmedias.fr\/wp-content\/uploads\/2012\/09\/berlin-9-550x413.jpg\" alt=\"\" width=\"550\" height=\"413\" srcset=\"https:\/\/vpmedias.fr\/wp-content\/uploads\/2012\/09\/berlin-9-550x413.jpg 550w, https:\/\/vpmedias.fr\/wp-content\/uploads\/2012\/09\/berlin-9-150x113.jpg 150w, https:\/\/vpmedias.fr\/wp-content\/uploads\/2012\/09\/berlin-9-300x225.jpg 300w, https:\/\/vpmedias.fr\/wp-content\/uploads\/2012\/09\/berlin-9-768x576.jpg 768w, https:\/\/vpmedias.fr\/wp-content\/uploads\/2012\/09\/berlin-9.jpg 800w\" sizes=\"auto, (max-width: 550px) 100vw, 550px\" \/><\/p>\n<p style=\"text-align: justify;\"><img loading=\"lazy\" decoding=\"async\" class=\"aligncenter wp-image-35282 size-large\" src=\"http:\/\/vpmedias.fr\/wp-content\/uploads\/2012\/09\/berlin-10-550x413.jpg\" alt=\"\" width=\"550\" height=\"413\" srcset=\"https:\/\/vpmedias.fr\/wp-content\/uploads\/2012\/09\/berlin-10-550x413.jpg 550w, https:\/\/vpmedias.fr\/wp-content\/uploads\/2012\/09\/berlin-10-150x113.jpg 150w, https:\/\/vpmedias.fr\/wp-content\/uploads\/2012\/09\/berlin-10-300x225.jpg 300w, https:\/\/vpmedias.fr\/wp-content\/uploads\/2012\/09\/berlin-10-768x576.jpg 768w, https:\/\/vpmedias.fr\/wp-content\/uploads\/2012\/09\/berlin-10.jpg 800w\" sizes=\"auto, (max-width: 550px) 100vw, 550px\" \/><\/p>\n<p style=\"text-align: justify;\">\n<p style=\"text-align: justify;\">Dans la m\u00eame p\u00e9riode historique, le mus\u00e9e de la Stasi, install\u00e9 dans les locaux historiques du bureau et non loin de la prison attitr\u00e9e (rien n\u2019y a chang\u00e9, \u00e0 voir aussi), r\u00e9jouira les amateurs de James Bond. Toute une s\u00e9rie de cam\u00e9ras camoufl\u00e9es, micros d\u2019espionnage et valises avec mitraillette int\u00e9gr\u00e9e y sont pr\u00e9sent\u00e9es. Les m\u00e9thodes de cette police secr\u00e8te d\u2019\u00e9tat, de terreur, sont impressionnantes. Les archives sur les citoyens est-allemands y sont toujours conserv\u00e9es et consultables par les concern\u00e9s dans les sous-sols des bureaux de surveillance.<\/p>\n<p style=\"text-align: justify;\"><img loading=\"lazy\" decoding=\"async\" class=\"aligncenter wp-image-35283 size-large\" src=\"http:\/\/vpmedias.fr\/wp-content\/uploads\/2012\/09\/berlin-0-550x413.jpg\" alt=\"\" width=\"550\" height=\"413\" srcset=\"https:\/\/vpmedias.fr\/wp-content\/uploads\/2012\/09\/berlin-0-550x413.jpg 550w, https:\/\/vpmedias.fr\/wp-content\/uploads\/2012\/09\/berlin-0-150x113.jpg 150w, https:\/\/vpmedias.fr\/wp-content\/uploads\/2012\/09\/berlin-0-300x225.jpg 300w, https:\/\/vpmedias.fr\/wp-content\/uploads\/2012\/09\/berlin-0-768x576.jpg 768w, https:\/\/vpmedias.fr\/wp-content\/uploads\/2012\/09\/berlin-0.jpg 800w\" sizes=\"auto, (max-width: 550px) 100vw, 550px\" \/><\/p>\n<p style=\"text-align: justify;\"><img loading=\"lazy\" decoding=\"async\" class=\"aligncenter size-large wp-image-35284\" src=\"http:\/\/vpmedias.fr\/wp-content\/uploads\/2012\/09\/berlin-1-550x413.jpg\" alt=\"\" width=\"550\" height=\"413\" srcset=\"https:\/\/vpmedias.fr\/wp-content\/uploads\/2012\/09\/berlin-1-550x413.jpg 550w, https:\/\/vpmedias.fr\/wp-content\/uploads\/2012\/09\/berlin-1-150x113.jpg 150w, https:\/\/vpmedias.fr\/wp-content\/uploads\/2012\/09\/berlin-1-300x225.jpg 300w, https:\/\/vpmedias.fr\/wp-content\/uploads\/2012\/09\/berlin-1-768x576.jpg 768w, https:\/\/vpmedias.fr\/wp-content\/uploads\/2012\/09\/berlin-1.jpg 800w\" sizes=\"auto, (max-width: 550px) 100vw, 550px\" \/><\/p>\n<p style=\"text-align: justify;\">La ballade \u00e0 recommander est sans nul doute celle du parc de Tempelhof ! Si le nom vous dit quelque chose, c\u2019est sans doute parce que ce fut le point d\u2019arriv\u00e9e du pont a\u00e9rien am\u00e9ricain lors de la crise de Berlin, en pleine guerre froide ! Mais en 2008, l\u2019a\u00e9roport \u2013et son b\u00e2ti ann\u00e9es 30, tout un charme \u2013 est d\u00e9saffect\u00e9. La municipalit\u00e9 fait alors front aux promoteurs immobiliers et transforme le tarmac, les pistes et les pelouses en parc public. Des signalisations aux terminaux, des vieux hangars aux marquages au sol, des radars au grand hall, tout est rest\u00e9 en l\u2019\u00e9tat, et on s\u2019y ballade \u00e0 pied, en roller ou v\u00e9lo. Grand spot pour cerf-volant et pique nique \u00e9galement, bref\u2026 envo\u00fbtant !<\/p>\n<p style=\"text-align: justify;\"><img loading=\"lazy\" decoding=\"async\" class=\"aligncenter size-large wp-image-35285\" src=\"http:\/\/vpmedias.fr\/wp-content\/uploads\/2012\/09\/berlin-6-550x413.jpg\" alt=\"\" width=\"550\" height=\"413\" srcset=\"https:\/\/vpmedias.fr\/wp-content\/uploads\/2012\/09\/berlin-6-550x413.jpg 550w, https:\/\/vpmedias.fr\/wp-content\/uploads\/2012\/09\/berlin-6-150x113.jpg 150w, https:\/\/vpmedias.fr\/wp-content\/uploads\/2012\/09\/berlin-6-300x225.jpg 300w, https:\/\/vpmedias.fr\/wp-content\/uploads\/2012\/09\/berlin-6-768x576.jpg 768w, https:\/\/vpmedias.fr\/wp-content\/uploads\/2012\/09\/berlin-6.jpg 800w\" sizes=\"auto, (max-width: 550px) 100vw, 550px\" \/><\/p>\n<p style=\"text-align: justify;\"><img loading=\"lazy\" decoding=\"async\" class=\"aligncenter size-large wp-image-35286\" src=\"http:\/\/vpmedias.fr\/wp-content\/uploads\/2012\/09\/berlin-7-550x413.jpg\" alt=\"\" width=\"550\" height=\"413\" srcset=\"https:\/\/vpmedias.fr\/wp-content\/uploads\/2012\/09\/berlin-7-550x413.jpg 550w, https:\/\/vpmedias.fr\/wp-content\/uploads\/2012\/09\/berlin-7-150x113.jpg 150w, https:\/\/vpmedias.fr\/wp-content\/uploads\/2012\/09\/berlin-7-300x225.jpg 300w, https:\/\/vpmedias.fr\/wp-content\/uploads\/2012\/09\/berlin-7-768x576.jpg 768w, https:\/\/vpmedias.fr\/wp-content\/uploads\/2012\/09\/berlin-7.jpg 800w\" sizes=\"auto, (max-width: 550px) 100vw, 550px\" \/><\/p>\n<p style=\"text-align: justify;\">\n<p style=\"text-align: justify;\">Pour le bon plan bouffe sur le pouce, il ne faut sous aucun pr\u00e9texte passer \u00e0 c\u00f4t\u00e9 du snack national : la Currywurst ! Il para\u00eet que les meilleures sont vendues \u00e0 Kreuzberg, quartier populaire du sud de la ville. Le plat, englouti \u00e0 des millions d\u2019exemplaires \u00e0 midi dans toute l\u2019Allemagne, tant par les ouvriers que les grands hommes d\u2019affaires, a m\u00eame son mus\u00e9e d\u00e9di\u00e9 pr\u00e8s de Checkpoint Charlie (qui en expose toutes les variantes ! Bradwurst etc.). Une saucisse (comme on en trouve pas ailleurs) tranch\u00e9e un peu \u00e9pic\u00e9e, du curry et du ketchup, des frites : royal et bien calant pour six euros maximum. Si vous parlez allemand, \u00e0 d\u00e9guster sur place dans une barquette alu ou carton, accoud\u00e9 au comptoir avec les gens du coin ! Apr\u00e8s la gastronomie du pays ne se r\u00e9sume pas \u00e0 la saucisse non plus. (Essayez donc les Apfelstrudel!)^^<\/p>\n<p style=\"text-align: justify;\"><img loading=\"lazy\" decoding=\"async\" class=\"aligncenter\" src=\"http:\/\/www.berliner.de\/sites\/default\/files\/artikel\/bilder\/Currywurst.jpg\" alt=\"currywurst\" width=\"450\" height=\"338\" \/><\/p>\n<p style=\"text-align: justify;\">Enfin, l\u2019essentiel du temps est \u00e0 passer dans les rues. Outre les b\u00e2timents historiques, classiques, Berlin est aussi une capitale du Street Art. D\u2019autant plus que les no man\u2019s land du mur ont \u00e9t\u00e9 conserv\u00e9s, et servent de parcs pour l\u2019ap\u00e9ro. Parfois le mur y est encore, ou m\u00eame les miradors\u2026. La ville change vite : ces zones disparaissent petit \u00e0 petit et les constructions hypermodernes se d\u00e9veloppent. Foncez avant que cela ne disparaisse.<\/p>\n<p style=\"text-align: justify;\"><img loading=\"lazy\" decoding=\"async\" class=\"aligncenter size-large wp-image-35287\" src=\"http:\/\/vpmedias.fr\/wp-content\/uploads\/2012\/09\/berlin-4-550x413.jpg\" alt=\"\" width=\"550\" height=\"413\" srcset=\"https:\/\/vpmedias.fr\/wp-content\/uploads\/2012\/09\/berlin-4-550x413.jpg 550w, https:\/\/vpmedias.fr\/wp-content\/uploads\/2012\/09\/berlin-4-150x113.jpg 150w, https:\/\/vpmedias.fr\/wp-content\/uploads\/2012\/09\/berlin-4-300x225.jpg 300w, https:\/\/vpmedias.fr\/wp-content\/uploads\/2012\/09\/berlin-4-768x576.jpg 768w, https:\/\/vpmedias.fr\/wp-content\/uploads\/2012\/09\/berlin-4.jpg 800w\" sizes=\"auto, (max-width: 550px) 100vw, 550px\" \/><\/p>\n<p style=\"text-align: justify;\"><img loading=\"lazy\" decoding=\"async\" class=\"aligncenter size-large wp-image-35288\" src=\"http:\/\/vpmedias.fr\/wp-content\/uploads\/2012\/09\/berlin-11-550x413.jpg\" alt=\"\" width=\"550\" height=\"413\" srcset=\"https:\/\/vpmedias.fr\/wp-content\/uploads\/2012\/09\/berlin-11-550x413.jpg 550w, https:\/\/vpmedias.fr\/wp-content\/uploads\/2012\/09\/berlin-11-150x113.jpg 150w, https:\/\/vpmedias.fr\/wp-content\/uploads\/2012\/09\/berlin-11-300x225.jpg 300w, https:\/\/vpmedias.fr\/wp-content\/uploads\/2012\/09\/berlin-11-768x576.jpg 768w, https:\/\/vpmedias.fr\/wp-content\/uploads\/2012\/09\/berlin-11.jpg 800w\" sizes=\"auto, (max-width: 550px) 100vw, 550px\" \/><\/p>\n<p style=\"text-align: justify;\"><img loading=\"lazy\" decoding=\"async\" class=\"aligncenter size-large wp-image-35289\" src=\"http:\/\/vpmedias.fr\/wp-content\/uploads\/2012\/09\/berlin-13-550x413.jpg\" alt=\"\" width=\"550\" height=\"413\" srcset=\"https:\/\/vpmedias.fr\/wp-content\/uploads\/2012\/09\/berlin-13-550x413.jpg 550w, https:\/\/vpmedias.fr\/wp-content\/uploads\/2012\/09\/berlin-13-150x113.jpg 150w, https:\/\/vpmedias.fr\/wp-content\/uploads\/2012\/09\/berlin-13-300x225.jpg 300w, https:\/\/vpmedias.fr\/wp-content\/uploads\/2012\/09\/berlin-13-768x576.jpg 768w, https:\/\/vpmedias.fr\/wp-content\/uploads\/2012\/09\/berlin-13.jpg 800w\" sizes=\"auto, (max-width: 550px) 100vw, 550px\" \/><\/p>\n<p style=\"text-align: justify;\">\n<p style=\"text-align: justify;\"><strong>4\/Si tu devais d\u00e9conseiller des activit\u00e9s\/visites\/endroits, quels seraient-ils ?<\/strong><br \/>\nL\u2019\u00eele aux mus\u00e9es est situ\u00e9e en centre et ville et class\u00e9e \u00e0 l\u2019Unesco, elle regroupe dans un beau cadre l\u2019essentiel des mus\u00e9es de la ville, toutes les \u00e9poques, tous les arts. Des collections immenses dont la pi\u00e8ce ma\u00eetresse est le buste de N\u00e9fertiti, secteur antiquit\u00e9s \u00e9gyptiennes. C\u2019est \u00e0 voir pour les passionn\u00e9s, mais le souci reste le prix du billet d\u2019entr\u00e9e, sans r\u00e9duction jeune. Un passe journ\u00e9e est propos\u00e9 \u2013l\u00e0 encore tr\u00e8s cher- mais il est impensable de passer la journ\u00e9e dans ces galeries sans fatiguer ou se lasser. Soyez certain de votre amour pour le style rococo, l\u2019art religieux (retables) et la p\u00e9riode prussienne avant de payer l\u2019acc\u00e8s au Bode Museum par exemple. Il y a tant \u00e0 voir d\u2019autre \u00e0 Berlin ! ^^<br \/>\nJ\u2019ai \u00e9t\u00e9 d\u00e9\u00e7u par le mus\u00e9e du cin\u00e9ma de la Potsdamer Platz, situ\u00e9 en face du palais de la Berlinale, le festival du film. Le mus\u00e9e traite du cin\u00e9ma allemand, des d\u00e9buts aux contemporains. Id\u00e9al pour les amoureux de Marl\u00e8ne Dietrich dont les robes et documents personnels sont expos\u00e9s. Mais en tant que fan de Fritz Lang, de l\u2019expressionnisme et de ses proc\u00e9d\u00e9s sp\u00e9ciaux d\u00e9but de si\u00e8cle, j\u2019ai trouv\u00e9 l\u2019exposition tr\u00e8s pauvre sur tout le reste, que ce soit en mat\u00e9riel ou m\u00eame en images et extraits vid\u00e9o, le comble pour un mus\u00e9e du cin\u00e9.<br \/>\nLes bateaux mouches sont \u00e0 \u00e9viter, autant longer les berges bien am\u00e9nag\u00e9es \u00e0 pied.<\/p>\n<p style=\"text-align: justify;\"><strong>5\/ Quels sont les plus, les moins de cette destination ?<\/strong><br \/>\n<span style=\"text-decoration: underline;\">Les plus :<\/span> La destination est proche, on peut y aller en train de nuit&#8230; et avant tout le logement en g\u00e9n\u00e9ral bon march\u00e9, tout comme le ravitaillement facilit\u00e9 par les nombreux supermarch\u00e9s dont la plupart ferment \u00e0 minuit (heure o\u00f9 les Allemands aiment faire leurs courses). La bi\u00e8re, au supermarch\u00e9 classique, dans les supermarch\u00e9s sp\u00e9cialis\u00e9s en boissons (de vrais temples d\u00e9di\u00e9s \u00e0 la soif) et m\u00eame dans les clubs, est vraiment bon march\u00e9, et l\u2019offre est vari\u00e9e. Ne pas donc h\u00e9siter \u00e0 tester toutes les marques. ^^<br \/>\nToutes les bouteilles en Allemagne, plastique ou verre, sont consign\u00e9es (Pfand). Il suffit de les rapporter en fin de s\u00e9jour aux machines sp\u00e9cialis\u00e9es dans les magasins pour jouir de cette pratique nationale \u00e0 la vue des sous que l\u2019on r\u00e9cup\u00e8re.<br \/>\nL\u2019ambiance g\u00e9n\u00e9rale dans la ville est excellente et agr\u00e9able car sans probl\u00e8me de s\u00e9curit\u00e9 ni de propret\u00e9.<\/p>\n<p style=\"text-align: justify;\"><span style=\"text-decoration: underline;\">Les moins :<\/span> Certainement le nombre de touristes fran\u00e7ais dans le centre. Rencontrer des compatriotes est un plaisir, sauf si c&rsquo;est pour se croire en France, h\u00e9las. ^^<br \/>\nNoter aussi le prix des cartes de transport, pas donn\u00e9es et sans r\u00e9duction \u00e9tudiante. :\/<\/p>\n<p style=\"text-align: justify;\"><strong>6\/ Ce que tu retiendras de cette destination ? Qu&rsquo;est ce qui t&rsquo;as le plus marqu\u00e9 ? Tes impressions ?<\/strong><br \/>\nL\u2019histoire est partout dans cette ville, c\u2019est ce qui me marque et me pla\u00eet. Si tant de b\u00e2timents sont encore abandonn\u00e9s (et en attendant r\u00e9utilis\u00e9s par les Berlinois), c\u2019est parce que la municipalit\u00e9 ne sait pas \u00e0 qui ils appartiennent. Entre la guerre, la s\u00e9paration Est-Ouest, la recherche de la famille propri\u00e9taire est longue. Une banale synagogue ? Erreur, c\u2019est la seule qui ait surv\u00e9cu aux ann\u00e9es du Reich. Un pav\u00e9 dor\u00e9 : il rend m\u00e9moire \u00e0 une victime de l\u2019holocauste qui habitait ici.<br \/>\nPour autant, ce n\u2019est pas une ville mus\u00e9e ! La vie y est bien rythm\u00e9e. Les allemands, m\u00eame en sandales-chaussette ou ventre \u00e0 bi\u00e8re, sont sympathiques. C\u2019est une ville o\u00f9 je suis d\u00e9j\u00e0 all\u00e9 auparavant, o\u00f9 je suis retourn\u00e9 cet \u00e9t\u00e9 et o\u00f9 je retournerai sans aucun doute. :)<\/p>\n<p style=\"text-align: justify;\"><img loading=\"lazy\" decoding=\"async\" class=\"aligncenter size-large wp-image-35290\" src=\"http:\/\/vpmedias.fr\/wp-content\/uploads\/2012\/09\/berlin-5-550x413.jpg\" alt=\"\" width=\"550\" height=\"413\" srcset=\"https:\/\/vpmedias.fr\/wp-content\/uploads\/2012\/09\/berlin-5-550x413.jpg 550w, https:\/\/vpmedias.fr\/wp-content\/uploads\/2012\/09\/berlin-5-150x113.jpg 150w, https:\/\/vpmedias.fr\/wp-content\/uploads\/2012\/09\/berlin-5-300x225.jpg 300w, https:\/\/vpmedias.fr\/wp-content\/uploads\/2012\/09\/berlin-5-768x576.jpg 768w, https:\/\/vpmedias.fr\/wp-content\/uploads\/2012\/09\/berlin-5.jpg 800w\" sizes=\"auto, (max-width: 550px) 100vw, 550px\" \/><\/p>\n<p style=\"text-align: justify;\"><strong>7\/ Et Vpm dans tout \u00e7a ?<\/strong><br \/>\nParti une semaine seulement, j\u2019ai laiss\u00e9 l\u2019ordinateur. \u00c9videmment, \u00e7a manque ! ^^<br \/>\nM&rsquo;a marqu\u00e9 surtout pendant ces deux mois toute l\u2019activit\u00e9 communautaire. March\u00e9s et forums anim\u00e9s, animations sympathiques sous le giron de Geostar ! Et c\u00f4t\u00e9 VPM\u00e9dias, les mises au point r\u00e9centes, les soir\u00e9es sur le Bar et les travaux en commun sur le Wiki ont \u00e9t\u00e9 passionnants. :)<\/p>\n<hr \/>\n<p>Voil\u00e0, j&rsquo;esp\u00e8re que cela vous aura plu et surtout n&rsquo;h\u00e9sitez pas \u00e0 me contacter si vous voulez, vous aussi, faire partager vos impressions, votre t\u00e9moignage, et surtout vos vacances sur vpm\u00e9dias :) Rendez-vous\u00a0 la semaine prochaine pour d\u00e9couvrir la Provence avec Rataxes :)<\/p>\n","protected":false},"excerpt":{"rendered":"<p>Le premier num\u00e9ro de la nouvelle chronique Made in Vpm, \u00ab\u00a0Une carte postale Vpmienne\u00a0\u00bb, est enfin arriv\u00e9; alors qu&rsquo;est ce que vous attendez ?<\/p>\n","protected":false},"author":69,"featured_media":0,"comment_status":"open","ping_status":"open","sticky":false,"template":"","format":"standard","meta":{"site-container-style":"default","site-container-layout":"default","site-sidebar-layout":"default","disable-article-header":"default","disable-site-header":"default","disable-site-footer":"default","disable-content-area-spacing":"default","footnotes":""},"categories":[312,4],"tags":[543,255],"class_list":["post-13868","post","type-post","status-publish","format-standard","hentry","category-g-a-la-une","category-2-vpmc","tag-carte-postale","tag-la-vraie-vie"],"_links":{"self":[{"href":"https:\/\/vpmedias.fr\/index.php?rest_route=\/wp\/v2\/posts\/13868","targetHints":{"allow":["GET"]}}],"collection":[{"href":"https:\/\/vpmedias.fr\/index.php?rest_route=\/wp\/v2\/posts"}],"about":[{"href":"https:\/\/vpmedias.fr\/index.php?rest_route=\/wp\/v2\/types\/post"}],"author":[{"embeddable":true,"href":"https:\/\/vpmedias.fr\/index.php?rest_route=\/wp\/v2\/users\/69"}],"replies":[{"embeddable":true,"href":"https:\/\/vpmedias.fr\/index.php?rest_route=%2Fwp%2Fv2%2Fcomments&post=13868"}],"version-history":[{"count":14,"href":"https:\/\/vpmedias.fr\/index.php?rest_route=\/wp\/v2\/posts\/13868\/revisions"}],"predecessor-version":[{"id":35291,"href":"https:\/\/vpmedias.fr\/index.php?rest_route=\/wp\/v2\/posts\/13868\/revisions\/35291"}],"wp:attachment":[{"href":"https:\/\/vpmedias.fr\/index.php?rest_route=%2Fwp%2Fv2%2Fmedia&parent=13868"}],"wp:term":[{"taxonomy":"category","embeddable":true,"href":"https:\/\/vpmedias.fr\/index.php?rest_route=%2Fwp%2Fv2%2Fcategories&post=13868"},{"taxonomy":"post_tag","embeddable":true,"href":"https:\/\/vpmedias.fr\/index.php?rest_route=%2Fwp%2Fv2%2Ftags&post=13868"}],"curies":[{"name":"wp","href":"https:\/\/api.w.org\/{rel}","templated":true}]}}