{"id":1389,"date":"2009-06-29T12:57:56","date_gmt":"2009-06-29T10:57:56","guid":{"rendered":"http:\/\/vpmedias.e3b.org\/?p=1389"},"modified":"2009-06-29T12:57:56","modified_gmt":"2009-06-29T10:57:56","slug":"journee-vpm-rendez-vous-le-10-juillet","status":"publish","type":"post","link":"https:\/\/vpmedias.fr\/?p=1389","title":{"rendered":"Journ\u00e9e VPM &#8211;  Rendez-vous le 10 juillet !"},"content":{"rendered":"<p style=\"text-align: left;\"><img loading=\"lazy\" decoding=\"async\" class=\"aligncenter\" title=\"Journ__e_VPM_Paris.jpg\" src=\"\/images\/kronik\/Asdepique\/Journ__e_VPM_Paris.jpg\" border=\"0\" alt=\"Journ__e_VPM_Paris.jpg\" width=\"457\" height=\"519\" \/><\/p>\n<p style=\"text-align: left;\">Si vous n&rsquo;avez pu vous lib\u00e9rer , pas de panique ! La couverture de cet \u00e9v\u00e8nement national vous sera garantie par Votre Portail M\u00e9dias favori !<\/p>\n<p style=\"text-align: left;\"><strong>Le Lieu :<\/strong> Paris, <span style=\"text-decoration: line-through;\"><em>p<\/em><em>lace de la Concorde (8e Arrt.)<\/em><\/span> <span style=\"color: #00ff00;\"> <strong>Cour carr\u00e9e du Louvre !<\/strong><\/span><\/p>\n<p style=\"text-align: left;\">A ne pas confondre avec la grande cour de la pyramide. La cour carr\u00e9e (moins de monde) se trouve dans l&rsquo;aile Denon \u00e0\u00a0 l&rsquo;Est, accessible par la colonnade ;)<\/p>\n<p style=\"text-align: left;\"><span style=\"color: #ff0000;\"><em>Attention :\u00a0 Changement du lieu de rendez-vous.Le centre de la place de la concorde et donc l&rsquo;ob\u00e9lisque n&rsquo;est plus accessible.<\/em><em> <\/em><\/span><\/p>\n<p style=\"text-align: center;\"><img loading=\"lazy\" decoding=\"async\" class=\"aligncenter\" style=\"border: 1px solid;\" src=\"http:\/\/www.roi-president.com\/galerie\/images\/Cour_carre_du_Louvre.jpg\" alt=\"\" width=\"235\" height=\"172\" \/><\/p>\n<p style=\"text-align: left;\"><strong>Acc\u00e8s<\/strong>: <em>Louvre-Rivoli <\/em><img decoding=\"async\" style=\"margin: 0px 1px; height: 19px; width: 19px; vertical-align: -10%;\" title=\"M\u00e9tro\" src=\"http:\/\/www.metro-pole.net\/x\/M_19.gif\" alt=\"M\u00e9tro\" \/><span style=\"text-decoration: none;\"><img decoding=\"async\" style=\"border: 0pt none; margin: 0px 1px; vertical-align: -10%;\" title=\"ligne 1 : Ch\u00e2teau de Vincennes s\u201c La D\u00e9fense\" src=\"http:\/\/www.metro-pole.net\/x\/M01_19.gif\" alt=\"1\" \/> Rentrez par la colonnade.<br \/>\n<\/span><\/p>\n<p style=\"text-align: left;\">Ou bien <em>Palais Royal Mus\u00e9e du Louvre<\/em> <img decoding=\"async\" style=\"margin: 0px 1px; height: 19px; width: 19px; vertical-align: -10%;\" title=\"M\u00e9tro\" src=\"http:\/\/www.metro-pole.net\/x\/M_19.gif\" alt=\"M\u00e9tro\" \/><span style=\"text-decoration: none;\"><img decoding=\"async\" style=\"border: 0pt none; margin: 0px 1px; vertical-align: -10%;\" title=\"ligne 1 : Ch\u00e2teau de Vincennes s\u201c La D\u00e9fense\" src=\"http:\/\/www.metro-pole.net\/x\/M01_19.gif\" alt=\"1\" \/><\/span><a style=\"text-decoration: none;\" href=\"http:\/\/www.metro-pole.net\/hor\/metro\/7.html\"><img decoding=\"async\" style=\"border: 0pt none; margin: 0px 1px; vertical-align: -10%;\" title=\"ligne 7 : La Courneuve s\u201c Mairie d'Ivry s\u00a2 Villejuif\" src=\"http:\/\/www.metro-pole.net\/x\/M07_19.gif\" alt=\"7\" \/><\/a> Traversez la place du palais Royal et la rue de Rivoli. Rentrez dans le Louvre et rentrez vers l&rsquo;aile \u00e0\u00a0 gauche. <img decoding=\"async\" src=\"file:\/\/\/C:\/Users\/Baptiste\/AppData\/Local\/Temp\/moz-screenshot.jpg\" alt=\"\" \/><img decoding=\"async\" src=\"file:\/\/\/C:\/Users\/Baptiste\/AppData\/Local\/Temp\/moz-screenshot-1.jpg\" alt=\"\" \/><em><\/em><\/p>\n<p style=\"text-align: left;\">Ou bien <em>Pont Neuf<\/em> <img decoding=\"async\" style=\"margin: 0px 1px; height: 19px; width: 19px; vertical-align: -10%;\" title=\"M\u00e9tro\" src=\"http:\/\/www.metro-pole.net\/x\/M_19.gif\" alt=\"M\u00e9tro\" \/><a style=\"text-decoration: none;\" href=\"http:\/\/www.metro-pole.net\/hor\/metro\/7.html\"><img decoding=\"async\" style=\"border: 0pt none; margin: 0px 1px; vertical-align: -10%;\" title=\"ligne 7 : La Courneuve s\u201c Mairie d'Ivry s\u00a2 Villejuif\" src=\"http:\/\/www.metro-pole.net\/x\/M07_19.gif\" alt=\"7\" \/><\/a> puis suivez la Seine<span style=\"text-decoration: none;\"> sur les quais et rentrez par la colonnade.<br \/>\n<\/span><\/p>\n<p style=\"text-align: left;\"><span style=\"text-decoration: none;\">Ou bien <\/span><em>Concorde <\/em><img decoding=\"async\" style=\"margin: 0px 1px; height: 19px; width: 19px; vertical-align: -10%;\" title=\"M\u00e9tro\" src=\"http:\/\/www.metro-pole.net\/x\/M_19.gif\" alt=\"M\u00e9tro\" \/><span style=\"text-decoration: none;\"><img decoding=\"async\" style=\"border: 0pt none; margin: 0px 1px; vertical-align: -10%;\" title=\"ligne 1 : Ch\u00e2teau de Vincennes s\u201c La D\u00e9fense\" src=\"http:\/\/www.metro-pole.net\/x\/M01_19.gif\" alt=\"1\" \/><\/span><span style=\"text-decoration: none;\"><img decoding=\"async\" style=\"border: 0pt none; margin: 0px 1px; vertical-align: -10%;\" title=\"ligne 8 : Balard s\u201c Cr\u00e9teil\" src=\"http:\/\/www.metro-pole.net\/x\/M08_19.gif\" alt=\"8\" \/><\/span><span style=\"text-decoration: none;\"><img decoding=\"async\" style=\"border: 0pt none; margin: 0px 1px; vertical-align: -10%;\" title=\"ligne 12 : Mairie d'Issy s\u201c Porte de la Chapelle\" src=\"http:\/\/www.metro-pole.net\/x\/M12_19.gif\" alt=\"12\" \/> puis traversez les Tuileries et la grande cour du Louvre vers l&rsquo;Est.<\/span><\/p>\n<p onmouseover=\"montre_poi('poi_366880',46, 174);\" onmouseout=\"cache_poi('poi_366880');\"><a title=\"Cliquez pour localiser l'ic\u00f4ne sur le plan\" onclick=\"fixe_poi('poi_15090',267, 100);\" href=\"http:\/\/www31.ratp.info\/Pivi\/proxi.php?exec=proxi&amp;cmd=Deplacement&amp;Profil=RATP&amp;Direction=s&amp;t=1246272678491#\"><img loading=\"lazy\" decoding=\"async\" src=\"http:\/\/www31.ratp.info\/picts\/moteur\/reseau\/bus_ratp.png\" alt=\"\" width=\"21\" height=\"21\" \/><\/a><em>(A confirmer, par contre je m&rsquo;\u00e9clate avec les petits logos :p)<br \/>\n<\/em><\/p>\n<p onmouseover=\"montre_poi('poi_366880',46, 174);\" onmouseout=\"cache_poi('poi_366880');\">Parking payant dans les rues adjacentes. Pour acc\u00e9der au parking souterrain gard\u00e9 et payant du Lourve\/Caroussel, remontez la voie Georges Pompidou (sens unique), puis premi\u00e8re \u00e0\u00a0 droite avant l&rsquo;aile sud du Louvre,\u00a0 juste apr\u00e8s le tunnel des tuileries en travaux. (Confirm\u00e9)<\/p>\n<p style=\"text-align: left;\"><strong>L&rsquo;heure du rendez-vous:<\/strong> <strong><span style=\"color: #00ff00;\">16h00<\/span><\/strong> <em>(Confirm\u00e9)<\/em><\/p>\n<p style=\"text-align: left;\"><strong>Le programme :<\/strong> Apr\u00e8s un petit tour \u00e0\u00a0 la f\u00eate foraine des tuileries, direction une Pizzeria \u00e0\u00a0 emporter. Puis tourn\u00e9e des bars et night clubs.(Confirm\u00e9. Pr\u00e9voir le prix de l&rsquo;alimentation et des man\u00e8ges)<\/p>\n<p style=\"text-align: left;\"><strong>Plan :<\/strong><\/p>\n<p><iframe loading=\"lazy\" width=\"425\" height=\"350\" frameborder=\"0\" scrolling=\"no\" marginheight=\"0\" marginwidth=\"0\" src=\"http:\/\/maps.google.fr\/maps?f=q&amp;source=s_q&amp;hl=fr&amp;geocode=&amp;q=cour+carr%C3%A9e+Palais+du&amp;sll=48.861009,2.339648&amp;sspn=0.005244,0.013937&amp;ie=UTF8&amp;radius=0.32&amp;filter=0&amp;rq=1&amp;ll=48.860734,2.340249&amp;spn=0.005244,0.013937&amp;t=h&amp;output=embed\"><\/iframe><br \/><small><a href=\"http:\/\/maps.google.fr\/maps?f=q&amp;source=embed&amp;hl=fr&amp;geocode=&amp;q=cour+carr%C3%A9e+Palais+du&amp;sll=48.861009,2.339648&amp;sspn=0.005244,0.013937&amp;ie=UTF8&amp;radius=0.32&amp;filter=0&amp;rq=1&amp;ll=48.860734,2.340249&amp;spn=0.005244,0.013937&amp;t=h\" style=\"color:#0000FF;text-align:left\">Agrandir le plan<\/a><\/small><\/p>\n","protected":false},"excerpt":{"rendered":"<p>Si vous n&rsquo;avez pu vous lib\u00e9rer , pas de panique ! La couverture de cet \u00e9v\u00e8nement national vous sera garantie par Votre Portail M\u00e9dias favori ! Le Lieu : Paris, place de la Concorde (8e Arrt.) Cour carr\u00e9e du Louvre ! A ne pas confondre avec la grande cour de la pyramide. La cour carr\u00e9e [&hellip;]<\/p>\n","protected":false},"author":5,"featured_media":0,"comment_status":"open","ping_status":"closed","sticky":false,"template":"","format":"standard","meta":{"site-container-style":"default","site-container-layout":"default","site-sidebar-layout":"default","disable-article-header":"default","disable-site-header":"default","disable-site-footer":"default","disable-content-area-spacing":"default","footnotes":""},"categories":[302],"tags":[],"class_list":["post-1389","post","type-post","status-publish","format-standard","hentry","category-5-la-tribune-libre"],"_links":{"self":[{"href":"https:\/\/vpmedias.fr\/index.php?rest_route=\/wp\/v2\/posts\/1389","targetHints":{"allow":["GET"]}}],"collection":[{"href":"https:\/\/vpmedias.fr\/index.php?rest_route=\/wp\/v2\/posts"}],"about":[{"href":"https:\/\/vpmedias.fr\/index.php?rest_route=\/wp\/v2\/types\/post"}],"author":[{"embeddable":true,"href":"https:\/\/vpmedias.fr\/index.php?rest_route=\/wp\/v2\/users\/5"}],"replies":[{"embeddable":true,"href":"https:\/\/vpmedias.fr\/index.php?rest_route=%2Fwp%2Fv2%2Fcomments&post=1389"}],"version-history":[{"count":0,"href":"https:\/\/vpmedias.fr\/index.php?rest_route=\/wp\/v2\/posts\/1389\/revisions"}],"wp:attachment":[{"href":"https:\/\/vpmedias.fr\/index.php?rest_route=%2Fwp%2Fv2%2Fmedia&parent=1389"}],"wp:term":[{"taxonomy":"category","embeddable":true,"href":"https:\/\/vpmedias.fr\/index.php?rest_route=%2Fwp%2Fv2%2Fcategories&post=1389"},{"taxonomy":"post_tag","embeddable":true,"href":"https:\/\/vpmedias.fr\/index.php?rest_route=%2Fwp%2Fv2%2Ftags&post=1389"}],"curies":[{"name":"wp","href":"https:\/\/api.w.org\/{rel}","templated":true}]}}