{"id":1400,"date":"2009-06-28T12:33:50","date_gmt":"2009-06-28T10:33:50","guid":{"rendered":"http:\/\/vpmedias.e3b.org\/?p=1400"},"modified":"2009-06-28T12:33:50","modified_gmt":"2009-06-28T10:33:50","slug":"dimanche-evasion-zlad","status":"publish","type":"post","link":"https:\/\/vpmedias.fr\/?p=1400","title":{"rendered":"[Dimanche \u00e9vasion] Zlad"},"content":{"rendered":"<div><a href=\"..\/?cat=36\"><img loading=\"lazy\" decoding=\"async\" title=\"VPMcommunaut\u00e9\" src=\"..\/images\/logovpmc.png\" border=\"0\" alt=\"logovpmc.png\" width=\"225\" height=\"58\" align=\"right\" \/><\/a><\/p>\n<img loading=\"lazy\" decoding=\"async\" class=\"size-full wp-image-1401\" title=\"zlads_backnew2\" src=\"http:\/\/vpmedias.fr\/wp-content\/uploads\/2009\/06\/zlads_backnew2.gif\" alt=\"\" width=\"300\" height=\"284\" \/>\n<p>Zlad, Zlad, Zlad&#8230;mais qui est-il, vous demandez vous?<\/p>\n<p><!--more--><\/p>\n<p>D\u00e9j\u00e0\u00a0 qu&rsquo;en plus, vous devez \u00eatre subjugu\u00e9s par cette magnifique photo, si je maintiens le suspens \u00e7a devient vraiment cruel. Mais j&rsquo;aime \u00e7a.<\/p>\n<p>Alors voil\u00e0\u00a0, Zladko Zlads\u009d Vladcik est un chanteur moldave. Mais attention, pas n&rsquo;importe lequel chanteur moldave. <strong>LE<\/strong> chanteur moldave, celui qui a gagn\u00e9 le <strong>Molvanian Idol <\/strong>(prestigieuse r\u00e9compense s&rsquo;il en est) et qui \u00e9tait bien parti pour repr\u00e9senter son beau pays \u00e0\u00a0 l&rsquo;<strong>Eurovision<\/strong>. Malheureusement, il fut arr\u00eat\u00e9 \u00e0\u00a0 l&rsquo;a\u00e9roport pour une histoire de drogue avant de pouvoir donner \u00e0\u00a0 la Moldavie la grandeur musicale quelle m\u00e9rite. Ainsi, en revenant d\u00e9pit\u00e9 dans son pays, il fit ses excuses \u00e0\u00a0 tous les moldaves, et plus particuli\u00e8rement \u00e0\u00a0 sa famille, ses amis et son dealer.<\/p>\n<p>Juste apr\u00e8s cette m\u00e9saventure, Zlad a sorti le m\u00e9gahit <em>Juust Az I Amm, <\/em>qui a imm\u00e9diatement gagn\u00e9 un prix, celui du titre de la chanson la plus mal \u00e9crite de tous les temps, d\u00e9cern\u00e9 par le magazine <strong>Rolling Stone<\/strong>.<\/p>\n<p>Cependant, on peut compter sur Zlad pour un fracassant retour. On t&rsquo;aime tous, Zlad.<\/p>\n<p><span style=\"text-decoration: underline;\">C&rsquo;est l&rsquo;heure de la musique!<\/span> :D<\/p>\n<p><object classid=\"clsid:d27cdb6e-ae6d-11cf-96b8-444553540000\" width=\"425\" height=\"344\" codebase=\"http:\/\/download.macromedia.com\/pub\/shockwave\/cabs\/flash\/swflash.cab#version=6,0,40,0\"><param name=\"allowFullScreen\" value=\"true\" \/><param name=\"allowscriptaccess\" value=\"always\" \/><param name=\"src\" value=\"http:\/\/www.youtube.com\/v\/lp_PIjc2ga4&amp;hl=fr&amp;fs=1&amp;rel=0&amp;color1=0xcc2550&amp;color2=0xe87a9f\" \/><param name=\"allowfullscreen\" value=\"true\" \/><embed type=\"application\/x-shockwave-flash\" width=\"425\" height=\"344\" src=\"http:\/\/www.youtube.com\/v\/lp_PIjc2ga4&amp;hl=fr&amp;fs=1&amp;rel=0&amp;color1=0xcc2550&amp;color2=0xe87a9f\" allowscriptaccess=\"always\" allowfullscreen=\"true\"><\/embed><\/object><br \/>\n<em>Cette chanson est d\u00e9crite comme une \u00ab\u00a0fusion m\u00e9lodique combin\u00e9e \u00e0\u00a0 un rhytme disco et une r\u00e9thorique de la guerre froide\u00a0\u00bb, selon Zlad lui m\u00eame.<\/em><\/p>\n<p><object classid=\"clsid:d27cdb6e-ae6d-11cf-96b8-444553540000\" width=\"425\" height=\"344\" codebase=\"http:\/\/download.macromedia.com\/pub\/shockwave\/cabs\/flash\/swflash.cab#version=6,0,40,0\"><param name=\"allowFullScreen\" value=\"true\" \/><param name=\"allowscriptaccess\" value=\"always\" \/><param name=\"src\" value=\"http:\/\/www.youtube.com\/v\/GGBHfXPqbgI&amp;hl=fr&amp;fs=1&amp;rel=0&amp;color1=0xcc2550&amp;color2=0xe87a9f\" \/><param name=\"allowfullscreen\" value=\"true\" \/><embed type=\"application\/x-shockwave-flash\" width=\"425\" height=\"344\" src=\"http:\/\/www.youtube.com\/v\/GGBHfXPqbgI&amp;hl=fr&amp;fs=1&amp;rel=0&amp;color1=0xcc2550&amp;color2=0xe87a9f\" allowscriptaccess=\"always\" allowfullscreen=\"true\"><\/embed><\/object><em>Personnelement, ma pr\u00e9f\u00e9r\u00e9e. On voit l\u00e0\u00a0 tout le mal \u00eatre d&rsquo;une soci\u00e9t\u00e9 face \u00e0\u00a0 une \u00e9glise qui ne les \u00e9coute pas.<\/em><\/p>\n","protected":false},"excerpt":{"rendered":"<p>Zlad, Zlad, Zlad&#8230;mais qui est-il, vous demandez vous?<\/p>\n","protected":false},"author":13,"featured_media":0,"comment_status":"open","ping_status":"open","sticky":false,"template":"","format":"standard","meta":{"site-container-style":"default","site-container-layout":"default","site-sidebar-layout":"default","disable-article-header":"default","disable-site-header":"default","disable-site-footer":"default","disable-content-area-spacing":"default","footnotes":""},"categories":[302],"tags":[],"class_list":["post-1400","post","type-post","status-publish","format-standard","hentry","category-5-la-tribune-libre"],"_links":{"self":[{"href":"https:\/\/vpmedias.fr\/index.php?rest_route=\/wp\/v2\/posts\/1400","targetHints":{"allow":["GET"]}}],"collection":[{"href":"https:\/\/vpmedias.fr\/index.php?rest_route=\/wp\/v2\/posts"}],"about":[{"href":"https:\/\/vpmedias.fr\/index.php?rest_route=\/wp\/v2\/types\/post"}],"author":[{"embeddable":true,"href":"https:\/\/vpmedias.fr\/index.php?rest_route=\/wp\/v2\/users\/13"}],"replies":[{"embeddable":true,"href":"https:\/\/vpmedias.fr\/index.php?rest_route=%2Fwp%2Fv2%2Fcomments&post=1400"}],"version-history":[{"count":0,"href":"https:\/\/vpmedias.fr\/index.php?rest_route=\/wp\/v2\/posts\/1400\/revisions"}],"wp:attachment":[{"href":"https:\/\/vpmedias.fr\/index.php?rest_route=%2Fwp%2Fv2%2Fmedia&parent=1400"}],"wp:term":[{"taxonomy":"category","embeddable":true,"href":"https:\/\/vpmedias.fr\/index.php?rest_route=%2Fwp%2Fv2%2Fcategories&post=1400"},{"taxonomy":"post_tag","embeddable":true,"href":"https:\/\/vpmedias.fr\/index.php?rest_route=%2Fwp%2Fv2%2Ftags&post=1400"}],"curies":[{"name":"wp","href":"https:\/\/api.w.org\/{rel}","templated":true}]}}