{"id":14359,"date":"2012-09-19T18:22:59","date_gmt":"2012-09-19T16:22:59","guid":{"rendered":"http:\/\/vpmedias.fr\/?p=14359"},"modified":"2012-09-19T19:01:10","modified_gmt":"2012-09-19T17:01:10","slug":"une-carte-postale-vpmienne-geostar-a-maltemadrid","status":"publish","type":"post","link":"https:\/\/vpmedias.fr\/?p=14359","title":{"rendered":"[Une carte postale Vpmienne] : Geostar \u00e0 Malte\/Madrid"},"content":{"rendered":"<p style=\"text-align: justify\">Pour cette troisi\u00e8me \u00e9dition d&rsquo;une carte postale Vpmienne, nous retrouvons Geostar, notre ancien pr\u00e9sident qui est ici pour nous aprler de ses vacances \u00e0 Malte et \u00e0 Madrid (c&rsquo;est qu&rsquo;il voyage le pingouin ! ;) Allez, c&rsquo;est parti !<strong><\/strong><\/p>\n<p style=\"text-align: justify\"><strong>1\/ Tout d&rsquo;abord, peux tu te pr\u00e9senter ?<\/strong><br \/>\nTout se trouve sur ma page wiki : <a href=\"http:\/\/vpmedias.fr\/wiki\/index.php?title=Geostar#Palmar.C3.A8s\">c&rsquo;est par ici !<\/a><\/p>\n<p style=\"text-align: justify\"><strong>2\/ Alors dis nous G\u00e9o, o\u00f9 es tu parti cet \u00e9t\u00e9 ?<\/strong><br \/>\nPremi\u00e8rement je suis parti deux semaines \u00e0 Pembroke (Malte), et ensuite une semaine \u00e0 Madrid (Espagne) :)<\/p>\n<p style=\"text-align: justify\"><img loading=\"lazy\" decoding=\"async\" class=\"aligncenter\" src=\"http:\/\/vpmedias.fr\/wp-content\/uploads\/2012\/09\/1342255208494.jpg\" alt=\"malte 3\" width=\"347\" height=\"260\" \/><\/p>\n<p style=\"text-align: justify\"><strong> 3\/As tu des bons plans \u00e0 faire partager ? Des visites \u00e0 recommander ? Des coups de c\u0153urs ?<\/strong><br \/>\nPour Malte, mon gros coup de c\u0153ur sont les plages (un peu partout) et les paysages magnifiques. A ne pas louper non plus : la visite des deux \u00eeles de Malte, Gozo et Comino, o\u00f9 on trouve des eaux azur\u00e9es. Au Lagon Bleu de Comino, on trouve de nombreux parcs aquatiques et pour la nuit rien de mieux que les bo\u00eetes de Paceville qui sont toutes gratuites et o\u00f9 l&rsquo;alcool n&rsquo;est pas cher (5\u20ac deux verre de 33cl de Vodka Pepsi ou encore 10\u20ac les 15 shooter), sans oublier tous les bars \u00e0 chicha qu&rsquo;on trouve aux alentours !<\/p>\n<p style=\"text-align: justify\"><img loading=\"lazy\" decoding=\"async\" class=\"aligncenter\" src=\"http:\/\/vpmedias.fr\/wp-content\/uploads\/2012\/09\/3102704755_2_5_Kjkz8mSA.jpg\" alt=\"malte\" width=\"450\" height=\"338\" \/><\/p>\n<p style=\"text-align: justify\">Pour Madrid c&rsquo;est plus classique. Comme dans toutes villes en Espagne, il faut aller \u00e0 la Plaza Mayor, \u00e0 la Puerta Del Sol avec l&#8217;embl\u00e8me de Madrid, les parcs de Madrid , son mus\u00e9e du Prado et pour les fan de foot, le stade Bernabeu !<\/p>\n<p style=\"text-align: justify\"><strong>4\/Si tu devais d\u00e9conseiller des activit\u00e9s\/visites\/endroits, quels seraient ils ?<\/strong><br \/>\nA Malte j&rsquo;ai vraiment tout aim\u00e9; le seul point n\u00e9gatif est l&rsquo;eau du robinet qui n&rsquo;est pas conseill\u00e9e pour boire !<br \/>\nA Madrid tout d\u00e9pends, je n&rsquo;ai pas accroch\u00e9 au Prado mais je ne suis pas non plus un fan de peinture (apr\u00e8s il faut voir en fonction de vos envies !)<\/p>\n<p style=\"text-align: justify\"><strong>5\/ Quels sont les plus, les moins de cette destination ?<\/strong><br \/>\nPour Malte :<br \/>\n<span style=\"text-decoration: underline\">Les plus :<\/span>\u00a0 la chaleur, les plages aux eaux d&rsquo;un bleu magnifique et d&rsquo;une temp\u00e9rature parfaite, la population tr\u00e8s sympa et la ville de Paceville<span style=\"text-decoration: underline\"><br \/>\nLes moins :<\/span>\u00a0 la circulation est invers\u00e9e (ils roulent \u00e0 gauche), on ne trouve aucun passage pi\u00e9ton, les voitures sont presque prioritaire par rapport aux pi\u00e9tons !<\/p>\n<p style=\"text-align: justify\"><img loading=\"lazy\" decoding=\"async\" class=\"aligncenter\" src=\"http:\/\/vpmedias.fr\/wp-content\/uploads\/2012\/09\/3102634281_2_11_To6Kp2lO.jpg\" alt=\"malte 2\" width=\"450\" height=\"338\" \/><\/p>\n<p style=\"text-align: justify\"><img loading=\"lazy\" decoding=\"async\" class=\"aligncenter\" src=\"http:\/\/vpmedias.fr\/wp-content\/uploads\/2012\/09\/1343480923184.jpg\" alt=\"bi\u00e8re\" width=\"338\" height=\"450\" \/><\/p>\n<p style=\"text-align: justify\">Pour Madrid :<br \/>\n<span style=\"text-decoration: underline\">Les plus :\u00a0<\/span> C&rsquo;est une capitale ! Les monuments et l&rsquo;architecture sont magnifiques, les bars \u00e0 tapas et restos sont excellents.<br \/>\n<span style=\"text-decoration: underline\">Les moins :\u00a0<\/span> Certaines rues sont vraiment \u00ab\u00a0craignos\u00a0\u00bb et il y a pas mal de SDF !<\/p>\n<p style=\"text-align: justify\"><strong>6\/ Et Vpm dans tout \u00e7a ?<\/strong><br \/>\nJ&rsquo;ai pu me connecter chaque soir \u00e0 Malte gr\u00e2ce \u00e0 une connexion internet et idem pour Madrid :) Vpm m&rsquo;a malgr\u00e9 tout l\u00e9g\u00e8rement manqu\u00e9 car on ne g\u00e8re que les campagnes : la communaut\u00e9 manque mais d&rsquo;un autre c\u00f4t\u00e9 c&rsquo;est bien de faire des petites pauses :)<br \/>\nRien de particulier m&rsquo;a marqu\u00e9, mis \u00e0 part que ce sont mes 2 derniers mois de mandat ^^<\/p>\n<hr \/>\n<p style=\"text-align: justify\">Voil\u00e0, une carte postale Vpmienne c\u2019est fini pour cette semaine et j&rsquo;esp\u00e8re que vous avez aim\u00e9 :) On se retrouve mardi prochain pour l\u2019interview de Krustyfrancky et son r\u00e9cit de ses vacances \u00e0 Varsovie (Pologne) ! Surtout n\u2019h\u00e9sitez pas \u00e0 me contacter si vous voulez, vous aussi, faire partager vos impressions, votre t\u00e9moignage, et surtout vos vacances made in VPM !<\/p>\n<hr \/>\n<p style=\"text-align: justify\">\n","protected":false},"excerpt":{"rendered":"<p>Cette semaine nous avons deux destinations : Malte et Madrid en compagnie de Geostar ! <\/p>\n","protected":false},"author":69,"featured_media":0,"comment_status":"open","ping_status":"open","sticky":false,"template":"","format":"standard","meta":{"site-container-style":"default","site-container-layout":"default","site-sidebar-layout":"default","disable-article-header":"default","disable-site-header":"default","disable-site-footer":"default","disable-content-area-spacing":"default","footnotes":""},"categories":[4],"tags":[543,255],"class_list":["post-14359","post","type-post","status-publish","format-standard","hentry","category-2-vpmc","tag-carte-postale","tag-la-vraie-vie"],"_links":{"self":[{"href":"https:\/\/vpmedias.fr\/index.php?rest_route=\/wp\/v2\/posts\/14359","targetHints":{"allow":["GET"]}}],"collection":[{"href":"https:\/\/vpmedias.fr\/index.php?rest_route=\/wp\/v2\/posts"}],"about":[{"href":"https:\/\/vpmedias.fr\/index.php?rest_route=\/wp\/v2\/types\/post"}],"author":[{"embeddable":true,"href":"https:\/\/vpmedias.fr\/index.php?rest_route=\/wp\/v2\/users\/69"}],"replies":[{"embeddable":true,"href":"https:\/\/vpmedias.fr\/index.php?rest_route=%2Fwp%2Fv2%2Fcomments&post=14359"}],"version-history":[{"count":4,"href":"https:\/\/vpmedias.fr\/index.php?rest_route=\/wp\/v2\/posts\/14359\/revisions"}],"predecessor-version":[{"id":14365,"href":"https:\/\/vpmedias.fr\/index.php?rest_route=\/wp\/v2\/posts\/14359\/revisions\/14365"}],"wp:attachment":[{"href":"https:\/\/vpmedias.fr\/index.php?rest_route=%2Fwp%2Fv2%2Fmedia&parent=14359"}],"wp:term":[{"taxonomy":"category","embeddable":true,"href":"https:\/\/vpmedias.fr\/index.php?rest_route=%2Fwp%2Fv2%2Fcategories&post=14359"},{"taxonomy":"post_tag","embeddable":true,"href":"https:\/\/vpmedias.fr\/index.php?rest_route=%2Fwp%2Fv2%2Ftags&post=14359"}],"curies":[{"name":"wp","href":"https:\/\/api.w.org\/{rel}","templated":true}]}}