{"id":14371,"date":"2012-09-19T22:41:49","date_gmt":"2012-09-19T20:41:49","guid":{"rendered":"http:\/\/vpmedias.fr\/?p=14371"},"modified":"2012-09-19T22:41:49","modified_gmt":"2012-09-19T20:41:49","slug":"une-semaine-vpmienne-11","status":"publish","type":"post","link":"https:\/\/vpmedias.fr\/?p=14371","title":{"rendered":"Une Semaine VPMienne &#8230; #11"},"content":{"rendered":"<p style=\"text-align: justify;\">Une semaine VPMienne revient avec \u2026 pardon Giselle\u00a0? Oui, c\u2019est bien \u00e7a, deux jours de retard\u00a0! C\u2019est pourquoi, je vos promets d\u2019\u00eatre tr\u00e8s poilant, et de ne jamais \u00eatre d\u00e9sagr\u00e9able envers quiconque dans l\u2019article qui suit. Pardon Giselle\u00a0? Ah, bon ben ce ne sera pas le cas. Bonne lecture\u00a0! Si vous en avez l\u2019occasion, lisez \u00e7a \u00e0 vos gosses, y a rien de mieux pour qu\u2019ils dorment comme des anges. Pour le r\u00e9veil, ce sera plus difficile.<\/p>\n<p style=\"text-align: justify;\"><strong>\u00a0<\/strong><\/p>\n<p style=\"text-align: justify;\"><strong>Lundi<\/strong>, on a un nouveau pr\u00e9sident. L\u2019affreux manchot (plus affreux que manchot, d\u2019ailleurs. Quoi que, \u00e7a marche bien aussi, dans l\u2019autre sens) doit d\u00e9guerpir pour laisser place \u00e0 la fraicheur, la nouveaut\u00e9, la classe \u00e0 l\u2019\u00e9tat pur, la f\u00e9minit\u00e9 dans toute sa splendeur, la \u2026 bon, le quota de niaiserie est d\u00e9pass\u00e9.<\/p>\n<p style=\"text-align: justify;\">Vous savez, \u2026 On dit parfois que la vieillesse est un naufrage. Pour certains, la pr\u00e9sidentielle est un naufrage. Je dirais m\u00eame que c\u2019est le sabordage de l\u2019amiral Graf Spee. Et le pire, dans tout \u00e7a, c\u2019est que \u00e7a recommence tous les 4 mois.<\/p>\n<p style=\"text-align: justify;\">Mais le plus grave, dans tout \u00e7a, c\u2019est de voir Spendzst exclue de tout poste qui soit. Le pauvre, lui qui ne parvint pas \u00e0 obtenir une \u00e9toile, qui a un nom difficile \u00e0 porter (et \u00e0 \u00e9crire \u2026), il passe de peu \u00e0 cot\u00e9 d\u2019un poste de ministre. Celui qu\u2019il attendait depuis si longtemps, et qui fait qu\u2019il a d\u00e9j\u00e0 pr\u00e9par\u00e9 une dizaine de discours, dignes d\u2019un analphab\u00e8te russe crois\u00e9 d\u2019un Franck Ribery \u00e9m\u00e9ch\u00e9. D\u00e9cevant. Du coup, il s\u2019octroie lui-m\u00eame le poste. Comme il s\u2019est octroy\u00e9 un courant \u00e0 lui tout seul (le Spendzstisme, ou un truc dans le genre), ainsi qu\u2019il se croit maitre d\u2019une ligue ou, \u00e7a a chang\u00e9 (pour changer), d\u2019une unit\u00e9 des partis, et \u2026 Pardon\u00a0? Ah\u00a0? Et bien, ce n\u2019est plus une \u00ab\u00a0unit\u00e9 des partis\u00a0\u00bb, c\u2019est une R\u00e9publique Parall\u00e8le de VPM. Tr\u00e8s bien. Ce gars change d\u2019avis plus vite que je n\u2019ai le temps d\u2019\u00e9crire cet article mis\u00e9rable et mis\u00e9reux. C\u2019est le Bayrou de VPM. Disons, il a l\u2019\u00e2me du Bayrou, et le discours (non pas dans ses id\u00e9es, mais dans sa coh\u00e9rence) d\u2019une blondasse mal lun\u00e9e, fille d\u2019un salaud aux allures de Bulldog enrag\u00e9, qui forment \u00e0 eux deux (sans compter la copie conforme de la maman, qui ne parvient \u00e0 obtenir des voix que par son physique d\u00e9j\u00e0 moins ingrat que celui de l\u2019aut\u2019) \u00a0une famille digne de participer \u00e0 \u00ab\u00a0Une Famille en Or\u00a0\u00bb, \u00e9mission que l\u2019on pourrait renommer pour l\u2019occasion \u00ab\u00a0Une Famille de Porcs\u00a0\u00bb (M\u2019ouais \u2026 pas trouv\u00e9 mieux.)\u00a0. En parlant de cette cruche, \u2026 je me dis, heureusement qu\u2019elle n\u2019est pas Portugaise. Ah ben, il n\u2019y a qu\u2019un pas, ou du moins, qu\u2019une moustache, pour la confondre avec un ancien dictateur adepte de petits fours (comment \u00e7a, \u00abde mauvais <em>go\u00fbt<\/em>\u00bb\u00a0?)\u00a0 En m\u00eame temps, ce serait con, qu\u2019elle soit Portugaise, avec les id\u00e9es qu\u2019elle a. Quoi que, \u00e7a ne m\u2019\u00e9tonnerait qu\u2019\u00e0 moiti\u00e9.<\/p>\n<p style=\"text-align: justify;\">Bref, l\u00e0 aussi, le quota est (largement trop) d\u00e9pass\u00e9 concernant notre amie au sourire si hypocrite qu\u2019il en ferait chialer nos gamins. Et je me dis que si des adeptes de cette fameuse famille passent par ici, ils ne m\u2019aimeront pas beaucoup. Je vais donc me calmer. Mais bon, heureusement que je garde le myst\u00e8re, et ne d\u00e9voile aucune identit\u00e9. Rassurez-vous donc, amis FNistes\u00a0!<\/p>\n<p style=\"text-align: justify;\">Et merde \u2026<\/p>\n<p style=\"text-align: justify;\">\n<p style=\"text-align: justify;\"><strong>Mardi<\/strong>, il va falloir que je me calme. La journ\u00e9e d\u2019hier fut sal\u00e9e, et a en plus d\u00e9vi\u00e9 de son sujet initial, simplement \u00e0 cause d\u2019une blondasse mal lun\u00e9e qui \u2026 oui bon, j\u2019arr\u00eate. Mais avouez, elle est la cause de tous nos soucis, l\u00e0, en l\u2019occurrence. Bref, je fais abstraction. En parlant d\u2019attraction, cela pourrait me servir de transition sur le cas Spendzst, qui a lui seul cr\u00e9e en parall\u00e8le un nouveau gouvernement, et serait m\u00eame pr\u00e8s \u00e0 recr\u00e9er le jeu \u00e0 sa fa\u00e7on, pour pouvoir enfin acc\u00e9der \u00e0 un poste.<\/p>\n<p style=\"text-align: justify;\">Si seulement il pouvait \u00eatre comme Chlochlos, \u2026 Aaaaah, Chlochlos. Lui au moins, il ne se prend pas la t\u00eate\u00a0: Il se pr\u00e9sente aux pr\u00e9sidentielles. Il perd. Il veut \u00eatre ministre. Il ne l\u2019est pas. Il lance une \u00ab\u00a0r\u00e9volution\u00a0\u00bb (paye ta r\u00e9volution. Aussi impressionnante que les buts que marquent, lorsque but il y a, l\u2019Equipe de France). Il se (re)pr\u00e9sente aux pr\u00e9sidentielles. Il perd. Il veut \u00eatre ministre. Il ne l\u2019est pas. Il lance une \u00ab\u00a0r\u00e9volution\u00a0\u00bb. Et ainsi de suite, sans jamais s\u2019arr\u00eater. Lui est constant, il ne change pas sa ligne de conduite. Il ne cherche pas \u00e0 changer de tactique pour peut-\u00eatre parvenir \u00e0 ses fins. Non non non. Il s\u2019ent\u00eate, et c\u2019est peut-\u00eatre mieux ainsi.<\/p>\n<p style=\"text-align: justify;\">\n<p style=\"text-align: justify;\">\n<p style=\"text-align: justify;\"><strong>Mercredi<\/strong>, les chats ne sont pas des chats. C\u2019est la faute au Dieu trompeur.<\/p>\n<p style=\"text-align: justify;\">\n<p style=\"text-align: justify;\">\n<p style=\"text-align: justify;\"><strong>Jeudi<\/strong>, je me dis qu\u2019il faut que j\u2019arr\u00eate d\u00e9finitivement d\u2019\u00e9couter mon prof de philo. On y apprend des choses peu sympathiques avec lui, surtout concernant notre pr\u00e9sidente. Elle ne serait donc pas un chat \u2026 peut-\u00eatre une vache, si on \u00e9coutait Vince\u00a0!<\/p>\n<p style=\"text-align: justify;\">Enfin, quand je dis \u00ab\u00a0notre pr\u00e9sidente\u00a0\u00bb, je devrais corriger et dire \u00ab\u00a0nos pr\u00e9sidents\u00a0\u00bb. Ces temps-ci, VPM ne comprend plus rien. On a l\u2019impression d\u2019assister \u00e0 une partie de \u00ab\u00a0Pyramide\u00a0\u00bb chaque jour, sur le forum. Tel gars est ministre un coup, puis il ne l\u2019est plus. Tel gars est pr\u00e9sident un coup, puis il ne l\u2019est plus, car il est remplac\u00e9 par c\u2019ui ci, qui est lui-m\u00eame un autre, et \u2026. Bref, on est perdu.<\/p>\n<p style=\"text-align: justify;\">Je serais pr\u00e8s \u00e0 parier que, si on nous annon\u00e7ait demain que le vrai pr\u00e9sident est en fait Spendzst, \u00e7a ne m\u2019\u00e9tonnerait m\u00eame pas. Bon. PRESQUE pas.<\/p>\n<p style=\"text-align: justify;\">\n<p style=\"text-align: justify;\"><strong>Vendredi<\/strong>, je me rends compte que, plus on avance dans la semaine, et plus les journ\u00e9es se raccourcissent. L\u2019arriv\u00e9e de l\u2019Hiver, surement \u2026 Ou le d\u00e9part de l\u2019inspiration. Dans les deux cas, c\u2019est la faute \u00e0 Dens. Mon niveau d\u2019\u00e9criture a beau \u00eatre nul, je n\u2019accepte ni veau, ni mule. Que \u00e7a soit clair, Chazal. (Quoi de meilleur que de conclure la journ\u00e9e sur une blague aussi vaseuse\u00a0!)<\/p>\n<p style=\"text-align: justify;\">\n<p style=\"text-align: justify;\"><strong>Samedi <\/strong>et<strong> dimanche, <\/strong>au d\u00e9tour d\u2019un bar gay, je rencontre Geostar. Aussi d\u00e9chu que d\u00e9\u00e7u, de quitter l\u2019Elys\u00e9e, il se jette en pleurs dans mes bras. Pas l\u2019air con moi, en train d\u2019embrasser Papa Pingouin. M\u00eame DSK avec une train\u00e9e en manque d\u2019argent a plus fi\u00e8re allure.<\/p>\n<p style=\"text-align: justify;\">Je tente de le rassurer, de lui dire que l\u2019on s\u2019en remet vite, et qu\u2019il faut garder espoir. Mais je me dis aussi qu\u2019il a pas trouv\u00e9 la meilleure poire pour venir se plaindre. Car bon, je suis quand m\u00eame l\u2019un des seuls pr\u00e9sidents \u00e0 avoir si mal support\u00e9 le passage de statut de star \u00e0 celui d\u2019une pauvre merde bonne qu\u2019\u00e0 se faire \u00e9craser par la chaussure sale de l\u2019autre blondasse mal lun\u00e9e (d\u00e9cidemment\u00a0\u2026). Non mais c\u2019est vrai. 3 tentatives de suicide \u00e0 mon actif, donc 2 \u00e9checs, c\u2019est pas simple \u00e0 assumer. Et puis faut dire, essayer de se couper les veines avec un\u00a0peigne, c\u2019est con.<\/p>\n<p style=\"text-align: justify;\">Alors je lui dis \u2026 \u00ab\u00a0Allez, mon Kinder Pingui \u2026\u00a0M\u00eame si tu ne passeras plus chaque soir au 20 heures, tu pourras quand m\u00eame nous casser les couilles avec ta pub de merde. Cette m\u00eame pub qui montre deux affreux gosses bons qu\u2019\u00e0 tarter, qui ruinent la journ\u00e9e de leur m\u00e8re tout \u00e7a pour une putain de barre chocolat\u00e9e. D\u2019ailleurs sympa la m\u00e8re. Elle fini par craquer, et elle les accueille avec le sourire. Une boniche. J\u2019aimerais avoir une m\u00e8re si conne. Je pourrais m\u2019en foutre plein la panse.\u00a0\u00bb.<\/p>\n<p style=\"text-align: justify;\">L\u00e0, Geostar comprend tr\u00e8s vite qu\u2019il ne s\u2019est pas adress\u00e9 \u00e0 la bonne personne, et que je suis plus int\u00e9ress\u00e9 par les danseurs qui se tr\u00e9moussent sur les tables, que par ses pleurnicheries \u00e0 la con, qui me g\u00e2chent le spectacle.<\/p>\n<p style=\"text-align: justify;\">Heureusement, avant de le quitter pour passer une folle nuit avec \u00ab\u00a0Samuel, le sensuel\u00a0\u00bb, je lui pose ma main sur l\u2019\u00e9paule, et lui murmure, \u00e0 la fa\u00e7on film am\u00e9ricain\u00a0: \u00ab\u00a0Ce n\u2019est jamais termin\u00e9. T\u00f4t ou tard, on sera \u00e0 nouveau sur le devant de la sc\u00e8ne. Et cette fois-ci, nous ne nous contenterons pas d\u2019un \u00e0 peu pr\u00e8s, mais on foutra le feu. Notre, feu.\u00a0\u00bb<\/p>\n<p style=\"text-align: justify;\">Amen. Les bi\u00e8res.<\/p>\n<p style=\"text-align: justify;\">\n<p style=\"text-align: justify;\"><strong><em>Une semaine s\u2019est \u00e9coul\u00e9e, mais VPM reste encore &#8230;\u00a0<\/em><\/strong><\/p>\n","protected":false},"excerpt":{"rendered":"<p>Une semaine VPMienne &#8230; Un article retra\u00e7ant la semaine au sein d&rsquo;une communaut\u00e9 d\u00e9jant\u00e9e, de fa\u00e7on humoristique et d\u00e9plac\u00e9e, et avec franc-parler !<\/p>\n","protected":false},"author":48,"featured_media":0,"comment_status":"open","ping_status":"open","sticky":false,"template":"","format":"standard","meta":{"site-container-style":"default","site-container-layout":"default","site-sidebar-layout":"default","disable-article-header":"default","disable-site-header":"default","disable-site-footer":"default","disable-content-area-spacing":"default","footnotes":""},"categories":[312,4],"tags":[130,39,551],"class_list":["post-14371","post","type-post","status-publish","format-standard","hentry","category-g-a-la-une","category-2-vpmc","tag-ambiance","tag-humour","tag-une-semaine-vpmienne"],"_links":{"self":[{"href":"https:\/\/vpmedias.fr\/index.php?rest_route=\/wp\/v2\/posts\/14371","targetHints":{"allow":["GET"]}}],"collection":[{"href":"https:\/\/vpmedias.fr\/index.php?rest_route=\/wp\/v2\/posts"}],"about":[{"href":"https:\/\/vpmedias.fr\/index.php?rest_route=\/wp\/v2\/types\/post"}],"author":[{"embeddable":true,"href":"https:\/\/vpmedias.fr\/index.php?rest_route=\/wp\/v2\/users\/48"}],"replies":[{"embeddable":true,"href":"https:\/\/vpmedias.fr\/index.php?rest_route=%2Fwp%2Fv2%2Fcomments&post=14371"}],"version-history":[{"count":2,"href":"https:\/\/vpmedias.fr\/index.php?rest_route=\/wp\/v2\/posts\/14371\/revisions"}],"predecessor-version":[{"id":14380,"href":"https:\/\/vpmedias.fr\/index.php?rest_route=\/wp\/v2\/posts\/14371\/revisions\/14380"}],"wp:attachment":[{"href":"https:\/\/vpmedias.fr\/index.php?rest_route=%2Fwp%2Fv2%2Fmedia&parent=14371"}],"wp:term":[{"taxonomy":"category","embeddable":true,"href":"https:\/\/vpmedias.fr\/index.php?rest_route=%2Fwp%2Fv2%2Fcategories&post=14371"},{"taxonomy":"post_tag","embeddable":true,"href":"https:\/\/vpmedias.fr\/index.php?rest_route=%2Fwp%2Fv2%2Ftags&post=14371"}],"curies":[{"name":"wp","href":"https:\/\/api.w.org\/{rel}","templated":true}]}}