{"id":14528,"date":"2012-10-01T19:47:00","date_gmt":"2012-10-01T17:47:00","guid":{"rendered":"http:\/\/vpmedias.fr\/?p=14528"},"modified":"2012-10-02T11:47:17","modified_gmt":"2012-10-02T09:47:17","slug":"une-carte-postale-vpmienne-dragalex-dans-les-alpes-lombardes","status":"publish","type":"post","link":"https:\/\/vpmedias.fr\/?p=14528","title":{"rendered":"[Une Carte Postale Vpmienne] : Dragalex dans les Alpes Lombardes"},"content":{"rendered":"<p>Cette semaine, direction les Alpes Lombardes, racont\u00e9es par Dragalex :) . Cela nous change des grosses villes (Varsovie et Berlin) et des vacances \u00e0 Malte, vive la diversit\u00e9, enjoy !<\/p>\n<p style=\"text-align: justify\"><strong>1\/Allez Drag&rsquo;, pr\u00e9sente toi !<\/strong><br \/>\nBonjour, je suis un gorille unijambiste amateur de pop-corn \u00e0 la fraise, et dresseur d&rsquo;hu\u00eetres savantes \u00e0 mes heures qui, comme le pain, sont perdues. Mais \u00e7a, c&rsquo;est les nuits de pleine lune. Le reste du temps, je m&rsquo;appelle Alexandre, je suis fossilis\u00e9 sur ce jeu depuis 4 ans et demi, souffre-douleur, mod\u00e9rateur et administrateur de VPM\u00e9dias.<br \/>\nMon palmar\u00e8s en campagne est bien trop mirifique pour commencer \u00e0 l&rsquo;aborder ici. Ce serait infiniment trop pr\u00e9tentieux de m&rsquo;\u00e9taler sur le sujet. Bon, ok, il est minable. J&rsquo;ai un peu honte, en particulier les jours de pluie. Dans la vraie vie, je suis \u00e9tudiant, j&rsquo;ai bient\u00f4t 19 ans et je suis passionn\u00e9 par beaucoup trop de choses, pour une plan\u00e8te o\u00f9 les journ\u00e9es ne durent que 24h.<\/p>\n<p><strong> 2\/O\u00f9 es tu parti cet \u00e9t\u00e9 ?<\/strong><br \/>\nPour \u00eatre pr\u00e9cis, ce n&rsquo;est pas cet \u00e9t\u00e9, mais tous les \u00e9t\u00e9s depuis ma naissance, sauf cet \u00e9t\u00e9. :d<br \/>\nC&rsquo;est un petit village au c\u0153ur des Alpes Lombardes, en \u00ab\u00a0Valtellina\u00a0\u00bb, \u00e0 la fronti\u00e8re entre l&rsquo;Italie et la Suisse. La ville de taille non ridicule la plus proche est Sondrio. C&rsquo;est pas loin du Lac de C\u00f4me aussi. Mais je crois que Google Maps sera utile pour bien situer.\/<\/p>\n<p style=\"text-align: justify\"><strong>3\/As tu des bons plans \u00e0 faire partager ? Des visites \u00e0 recommander ? Des coups de c\u0153urs ?<\/strong><br \/>\nC&rsquo;est pas \u00e9vident, comme question. J&rsquo;ai forc\u00e9ment, de par mes origines, ma famille, et mon pass\u00e9, un tr\u00e8s tr\u00e8s fort attachement sentimental \u00e0 cette r\u00e9gion, et je ne la visite plus tellement comme un touriste le ferait.<br \/>\nCela dit, je crois qu&rsquo;il y en a vraiment pour tous les go\u00fbts. Je parlerai plut\u00f4t en terme de localit\u00e9s&#8230;<br \/>\nDe mani\u00e8re plus g\u00e9n\u00e9rale, il ne faut pas s&rsquo;attendre \u00e0 visiter de grandes villes, mais plut\u00f4t des localit\u00e9s magnifiques et typiques, et appr\u00e9cier les excursions et randonn\u00e9es en montagne.<br \/>\nSi vous aimez les grands lacs et les petits balades en bateau, je vous recommande le Lac de C\u00f4me.<\/p>\n<p style=\"text-align: justify\"><img loading=\"lazy\" decoding=\"async\" class=\"aligncenter\" src=\"http:\/\/vpmedias.fr\/wp-content\/uploads\/2012\/10\/photo-7.jpg\" alt=\"voila\" width=\"550\" height=\"359\" \/><br \/>\nSi vous aimez le ski, allez-y en hiver (et m\u00eame en \u00e9t\u00e9, sur les glaciers), du c\u00f4t\u00e9 de Bormio ou Livigno.<br \/>\nSi vous \u00eates snob, allez \u00e0 Saint-Moritz.<\/p>\n<p style=\"text-align: justify\"><img loading=\"lazy\" decoding=\"async\" class=\"aligncenter\" src=\"http:\/\/vpmedias.fr\/wp-content\/uploads\/2012\/10\/photo-9.jpg\" alt=\"g\" width=\"480\" height=\"500\" \/><br \/>\nSi vous aimez les trains et les paysages, prenez le Trenino Rosso qui vous conduira \u00e0 Saint-Moritz.<\/p>\n<p><img loading=\"lazy\" decoding=\"async\" class=\"aligncenter\" src=\"http:\/\/vpmedias.fr\/wp-content\/uploads\/2012\/10\/photo-11.png\" alt=\"h\" width=\"480\" height=\"500\" \/><br \/>\nSi vous aimez l&rsquo;eau et les cures thermales, direction Bormio ou ValMasino.<\/p>\n<p style=\"text-align: justify\"><img loading=\"lazy\" decoding=\"async\" class=\"aligncenter\" src=\"http:\/\/vpmedias.fr\/wp-content\/uploads\/2012\/10\/photo12.jpg\" alt=\"x\" width=\"550\" height=\"374\" \/><br \/>\nSi vous aimez les lacs de montagne, Pal\u00f9 est fait pour vous !<\/p>\n<p style=\"text-align: justify\">Une fois encore, c&rsquo;est une question de go\u00fbts&#8230;<br \/>\nA titre personnel, en grand amateur de gastronomie, je me r\u00e9gale de la forte tradition culinaire du coin. Entre fromages, charcuteries, bresaola (viande des grisons), ma\u00efs, sarrasin, p\u00e2tes, g\u00e2teaux, fruits, il y a largement de quoi prendre une douzaine de kilos en une semaine.<br \/>\nEn terme de visites, je dirais qu&rsquo;il ne faut pas rater le Lac Pal\u00f9 et Bellagio sur le Lac de C\u00f4me, ainsi que \u00ab\u00a0Bagni Masino\u00a0\u00bb \u00e0 Val Masino.<\/p>\n<p><strong>4\/Si tu devais d\u00e9conseiller des activit\u00e9s\/visites\/endroits, quels seraient ils ?<\/strong><br \/>\nZe sais pas. (a)<br \/>\nHeu&#8230; Je d\u00e9conseille plut\u00f4t les mus\u00e9es, puisqu&rsquo;ils sont au mieux inexistants, au pire carr\u00e9ment nuls. ^^ Pas vraiment de monument \u00e0 visiter non plus, \u00e0 part \u00e9ventuellement, pour les croyants, la Basilique de Tirano, o\u00f9 la vierge serait apparue, et qui est magnifique.<br \/>\nDisons surtout qu&rsquo;il y a \u00e9norm\u00e9ment d&rsquo;\u00e9glises, de petites chapelles, voire de simples oratoires qui sont charmants&#8230;<br \/>\nParadoxalement, je d\u00e9conseille aussi Saint-Mortiz. C&rsquo;est pas loin, et on pourrait \u00eatre tent\u00e9 d&rsquo;y faire un tour, mais \u00e7a n&rsquo;a pas grand chose d&rsquo;int\u00e9ressant. C&rsquo;est tr\u00e8s b\u00e9tonn\u00e9, tr\u00e8s froid, tr\u00e8s touristique, et \u00e7a a perdu de son charme au fil des ann\u00e9es.<br \/>\nAh tiens, j&rsquo;ai failli oublier l&rsquo;une des activit\u00e9s les plus int\u00e9ressantes&#8230; Une longue piste cyclable longe le fleuve Adda et traverse une bonne partie de la r\u00e9gion. Que ce soit \u00e0 pied ou \u00e0 v\u00e9lo, c&rsquo;est une promenade formidable, vraiment. C&rsquo;est plat, c&rsquo;est joli, \u00e7a passe \u00e0 travers les champs ne pas rater !<\/p>\n<p style=\"text-align: justify\"><strong>5\/ Quels sont les plus, les moins de cette destination ?<\/strong><br \/>\n<span style=\"text-decoration: underline\">Au risque de me r\u00e9p\u00e9ter<\/span>, il ne faut pas aller l\u00e0-bas pour du tourisme culturel. Il faut y aller pour la montagne, la nature, la march\u00e9, les paysages, les villages typiques, la bonne ch\u00e8re et les nombreuses f\u00eates populaires&#8230;<br \/>\nCe n&rsquo;est pas non plus tr\u00e8s dynamique, tr\u00e8s cosmopolite, tr\u00e8s moderne, forc\u00e9ment. Vous n&rsquo;y trouverez pas d&rsquo;environnement v\u00e9ritablement urbain. ^^ Gros inconv\u00e9nient aussi : l&rsquo;hiver est long. A moins de faire du ski, il ne faut pas y aller de novembre \u00e0 mars, grosso modo. Beaucoup de brouillard, peu d&rsquo;ensoleillement (la r\u00e9gion est enclav\u00e9e dans les Alpes&#8230;). Froid. :D<\/p>\n<p style=\"text-align: justify\"><span style=\"text-decoration: underline\">Par contre<\/span>, les amoureux de nature et de montagne, voire de gastronomie (j&rsquo;insiste ^^) passeront un s\u00e9jour merveilleux.<\/p>\n<p style=\"text-align: justify\"><strong> 6\/ Ce que tu retiendras de cette destination ? Qu&rsquo;est ce qui t&rsquo;as le plus marqu\u00e9 ? Tes impressions ?<\/strong><br \/>\nCe que je retiens, c&rsquo;est avant tout l&rsquo;attachement sentimental. C&rsquo;est mes vacances l\u00e0-bas, mes journ\u00e9es de promenades qui m&rsquo;ont donn\u00e9 le go\u00fbt de la montagne et de la nature.<\/p>\n<p style=\"text-align: justify\"><img loading=\"lazy\" decoding=\"async\" class=\"aligncenter\" src=\"http:\/\/vpmedias.fr\/wp-content\/uploads\/2012\/10\/photo-13.jpg\" alt=\"b\" width=\"499\" height=\"339\" \/><br \/>\nCe qui m&rsquo;a marqu\u00e9, c&rsquo;est la richesse et la diversit\u00e9 de ce petit coin de paradis. Entre un climat presque m\u00e9diterran\u00e9en et doux pr\u00e8s du Lac de C\u00f4me, les glaciers, la montagne, la campagne, les lacs&#8230;<br \/>\nMon impression, c&rsquo;est le calme, la s\u00e9r\u00e9nit\u00e9, le repos, la relaxation&#8230; C&rsquo;est dr\u00f4le \u00e0 dire, mais on ne s&rsquo;habitue pas imm\u00e9diatement au silence absolu de la montagne quand on habite en centre-ville.<\/p>\n<p style=\"text-align: justify\"><img loading=\"lazy\" decoding=\"async\" class=\"aligncenter\" src=\"http:\/\/vpmedias.fr\/wp-content\/uploads\/2012\/10\/photo-14.jpg\" alt=\"z\" width=\"479\" height=\"500\" \/><br \/>\n<strong>7\/ Et Vpm dans tout \u00e7a ?<\/strong><br \/>\n* : As tu r\u00e9ussi \u00e0 te connecter souvent ?<br \/>\nAh non, du tout. Il n&rsquo;y a pas de connexion internet dans la maison de famille, et il faut que je fasse 10km pour un hotspot. :D En g\u00e9n\u00e9ral, l&rsquo;\u00e9t\u00e9, je me coupe totalement de VPM pendant 5 semaines, et \u00e7a fait du bien, finalement. On se repose, on se remotive, et on attaque un peu plus efficacement \u00e0 la rentr\u00e9e.<\/p>\n<p style=\"text-align: justify\">* : Vpm t&rsquo;a t&rsquo;il manqu\u00e9 ?<br \/>\nVPM, non, parce que j&rsquo;aime bien cette coupure forc\u00e9e. Je peux enfin m&rsquo;occuper d&rsquo;autres passions. ^^<br \/>\nPar contre, des joueurs me manquent chaque ann\u00e9e, \u00e7a oui&#8230;<\/p>\n<p style=\"text-align: justify\">* : Qu&rsquo;est ce qui a, selon toi, marqu\u00e9 ces deux mois sur vpm ?<br \/>\nLa fin du mandat de Geostar, et le belle campagne de Loulou entre amis, de mon point de vue. :)<\/p>\n<hr \/>\n<p style=\"text-align: justify\">Voil\u00e0, une carte postale Vpmienne c\u2019est fini pour cette semaine et j\u2019esp\u00e8re que vous avez aim\u00e9 :) On se retrouve mardi prochain pour l\u2019interview d&rsquo;Arc et son r\u00e9cit de ses vacs\u2019 en Cr\u00e8te ! Surtout n\u2019h\u00e9sitez pas \u00e0 me contacter si vous voulez, vous aussi, faire partager vos impressions, votre t\u00e9moignage, et surtout vos vacances made in VPM !<\/p>\n<hr \/>\n","protected":false},"excerpt":{"rendered":"<p>Cette semaine, direction les Alpes Lombardes, racont\u00e9es par Dragalex :) .<\/p>\n","protected":false},"author":69,"featured_media":0,"comment_status":"open","ping_status":"open","sticky":false,"template":"","format":"standard","meta":{"site-container-style":"default","site-container-layout":"default","site-sidebar-layout":"default","disable-article-header":"default","disable-site-header":"default","disable-site-footer":"default","disable-content-area-spacing":"default","footnotes":""},"categories":[4],"tags":[543,255],"class_list":["post-14528","post","type-post","status-publish","format-standard","hentry","category-2-vpmc","tag-carte-postale","tag-la-vraie-vie"],"_links":{"self":[{"href":"https:\/\/vpmedias.fr\/index.php?rest_route=\/wp\/v2\/posts\/14528","targetHints":{"allow":["GET"]}}],"collection":[{"href":"https:\/\/vpmedias.fr\/index.php?rest_route=\/wp\/v2\/posts"}],"about":[{"href":"https:\/\/vpmedias.fr\/index.php?rest_route=\/wp\/v2\/types\/post"}],"author":[{"embeddable":true,"href":"https:\/\/vpmedias.fr\/index.php?rest_route=\/wp\/v2\/users\/69"}],"replies":[{"embeddable":true,"href":"https:\/\/vpmedias.fr\/index.php?rest_route=%2Fwp%2Fv2%2Fcomments&post=14528"}],"version-history":[{"count":5,"href":"https:\/\/vpmedias.fr\/index.php?rest_route=\/wp\/v2\/posts\/14528\/revisions"}],"predecessor-version":[{"id":14546,"href":"https:\/\/vpmedias.fr\/index.php?rest_route=\/wp\/v2\/posts\/14528\/revisions\/14546"}],"wp:attachment":[{"href":"https:\/\/vpmedias.fr\/index.php?rest_route=%2Fwp%2Fv2%2Fmedia&parent=14528"}],"wp:term":[{"taxonomy":"category","embeddable":true,"href":"https:\/\/vpmedias.fr\/index.php?rest_route=%2Fwp%2Fv2%2Fcategories&post=14528"},{"taxonomy":"post_tag","embeddable":true,"href":"https:\/\/vpmedias.fr\/index.php?rest_route=%2Fwp%2Fv2%2Ftags&post=14528"}],"curies":[{"name":"wp","href":"https:\/\/api.w.org\/{rel}","templated":true}]}}