{"id":14589,"date":"2012-10-06T02:08:13","date_gmt":"2012-10-06T00:08:13","guid":{"rendered":"http:\/\/vpmedias.fr\/?p=14589"},"modified":"2012-10-06T02:15:28","modified_gmt":"2012-10-06T00:15:28","slug":"nouvelles-couleurs-pour-vpmedias","status":"publish","type":"post","link":"https:\/\/vpmedias.fr\/?p=14589","title":{"rendered":"Nouvelles couleurs pour VPM\u00e9dias"},"content":{"rendered":"<p style=\"text-align: justify;\">Depuis le <strong>jeudi 4 octobre<\/strong>, avec l&rsquo;installation du nouveau header du site, et<strong> jusqu&rsquo;en fin de semaine prochaine<\/strong>, vous avez peut \u00eatre subi et vous risquez de subir encore quelques perturbations dans l&rsquo;affichage des pages de VPM\u00e9dias. Nous nous en excusons par avance. Cela est d\u00fb aux modifications que nous apportons sur l&rsquo;apparence graphique du site.<\/p>\n<p style=\"text-align: justify;\">Il y a un an et demi, \u00e0 l&rsquo;occasion du lancement de notre nom de domaine d\u00e9pos\u00e9, apr\u00e8s un mois\u00a0 de mise au point, vous d\u00e9couvriez <strong>VPM\u00e9dias<\/strong> sous son apparence Premium News d\u00e9finitive , et qui \u00e9tait rest\u00e9e inchang\u00e9e jusqu&rsquo;alors. Ses couleurs orange et grises laissaient pr\u00e9sager de la nouvelle interface de VotezPourMoi. La navigation sur le site avait connu une bonne progression.<\/p>\n<p style=\"text-align: justify;\">Aujourd&rsquo;hui, nous ne modifions pas la structure appr\u00e9ci\u00e9e et appr\u00e9ciable du site. Mais nous remettons au go\u00fbt du jour sa palette de couleurs et sa construction graphique, laquelle passe essentiellement par la r\u00e9novation du header. L&rsquo;idendit\u00e9 visuelle et les dispositions traditionnelles des \u00e9l\u00e9ments restent inchang\u00e9es.<\/p>\n<p style=\"text-align: justify;\">Outre la n\u00e9cessit\u00e9 d&rsquo;un rafraichissement, d&rsquo;un coup de pinceau neuf, VPM\u00e9dias a \u00e9norm\u00e9ment \u00e9volu\u00e9 en un an et demi, et le besoin se faisait sentir d&rsquo;int\u00e9grer d&rsquo;une meilleure mani\u00e8re ses nouvelles composantes: WikiVPM, Forum du Canard &#8211; et de mettre en valeur les anciennes: La Tribune Libre et le Bar.\u00a0 Nous voulons que l&rsquo;organisation du portail et l&rsquo;intercirculation entre les sites du groupe gagnent en visibilit\u00e9. Nous pensons dans la foul\u00e9e pouvoir -entre autres- r\u00e9actualiser certaines pages, d\u00e9velopper un centre de documentation plus complet et restaurer le Bar.<\/p>\n<p style=\"text-align: justify;\">Nous esperons que ces l\u00e9g\u00e8res modifications seront de votre go\u00fbt, n&rsquo;h\u00e9sitez pas \u00e0 nous faire part de vos remarques et id\u00e9es. <em>Bonne navigation!<\/em><\/p>\n<p><a href=\"http:\/\/vpmedias.fr\/wiki\/images\/thumb\/0\/04\/Vpmedias-th%C3%A8me3.jpg\/774px-Vpmedias-th%C3%A8me3.jpg\"><img loading=\"lazy\" decoding=\"async\" class=\"aligncenter\" title=\"VPM\u00e9dias en 2009\" src=\"http:\/\/vpmedias.fr\/wiki\/images\/thumb\/0\/04\/Vpmedias-th%C3%A8me3.jpg\/774px-Vpmedias-th%C3%A8me3.jpg\" alt=\"VPM\u00e9dias en 2009\" width=\"294\" height=\"228\" \/><\/a><\/p>\n<p style=\"text-align: center;\"><em>L&rsquo;apparence de VPM\u00e9dias en 2009<\/em><\/p>\n","protected":false},"excerpt":{"rendered":"<p>Depuis le jeudi 4 octobre, avec l&rsquo;installation du nouveau header du site, et jusqu&rsquo;en fin de semaine prochaine, vous avez peut \u00eatre subi et vous risquez de subir encore quelques perturbations dans l&rsquo;affichage des pages de VPM\u00e9dias. Nous nous en excusons par avance. Cela est d\u00fb aux modifications que nous apportons sur l&rsquo;apparence graphique du [&hellip;]<\/p>\n","protected":false},"author":5,"featured_media":0,"comment_status":"open","ping_status":"open","sticky":false,"template":"","format":"standard","meta":{"site-container-style":"default","site-container-layout":"default","site-sidebar-layout":"default","disable-article-header":"default","disable-site-header":"default","disable-site-footer":"default","disable-content-area-spacing":"default","footnotes":""},"categories":[268],"tags":[26],"class_list":["post-14589","post","type-post","status-publish","format-standard","hentry","category-4-breves","tag-vpmedias"],"_links":{"self":[{"href":"https:\/\/vpmedias.fr\/index.php?rest_route=\/wp\/v2\/posts\/14589","targetHints":{"allow":["GET"]}}],"collection":[{"href":"https:\/\/vpmedias.fr\/index.php?rest_route=\/wp\/v2\/posts"}],"about":[{"href":"https:\/\/vpmedias.fr\/index.php?rest_route=\/wp\/v2\/types\/post"}],"author":[{"embeddable":true,"href":"https:\/\/vpmedias.fr\/index.php?rest_route=\/wp\/v2\/users\/5"}],"replies":[{"embeddable":true,"href":"https:\/\/vpmedias.fr\/index.php?rest_route=%2Fwp%2Fv2%2Fcomments&post=14589"}],"version-history":[{"count":6,"href":"https:\/\/vpmedias.fr\/index.php?rest_route=\/wp\/v2\/posts\/14589\/revisions"}],"predecessor-version":[{"id":37813,"href":"https:\/\/vpmedias.fr\/index.php?rest_route=\/wp\/v2\/posts\/14589\/revisions\/37813"}],"wp:attachment":[{"href":"https:\/\/vpmedias.fr\/index.php?rest_route=%2Fwp%2Fv2%2Fmedia&parent=14589"}],"wp:term":[{"taxonomy":"category","embeddable":true,"href":"https:\/\/vpmedias.fr\/index.php?rest_route=%2Fwp%2Fv2%2Fcategories&post=14589"},{"taxonomy":"post_tag","embeddable":true,"href":"https:\/\/vpmedias.fr\/index.php?rest_route=%2Fwp%2Fv2%2Ftags&post=14589"}],"curies":[{"name":"wp","href":"https:\/\/api.w.org\/{rel}","templated":true}]}}