{"id":14664,"date":"2012-10-15T23:37:47","date_gmt":"2012-10-15T21:37:47","guid":{"rendered":"http:\/\/vpmedias.fr\/?p=14664"},"modified":"2012-10-15T23:37:47","modified_gmt":"2012-10-15T21:37:47","slug":"la-critique-radicale-4","status":"publish","type":"post","link":"https:\/\/vpmedias.fr\/?p=14664","title":{"rendered":"La Critique Radicale #4"},"content":{"rendered":"<p style=\"text-align: justify;\">Bonjour, aujourd&rsquo;hui dans la Critique Radicale, nous allons \u00e9tudier et commenter la semaine qui vient de s&rsquo;\u00e9couler du moins presque!<!--more--><\/p>\n<p style=\"text-align: justify;\">Cette semaine fut sp\u00e9cialement mouvement\u00e9e, quelques scoops et peu de grandes d\u00e9cisions n\u00e9anmoins beaucoup de p\u00e9titions mais voyons cela en d\u00e9tails!<\/p>\n<p style=\"text-align: justify;\">Les grandes lignes (toute proportion gard\u00e9e bien sur ^^) sont la nomination de Yannig, connu sous le pseudo de Duffman au poste de Premier Ministre, la critique (comme quoi ) de Spendzst du poste de premier Ministre, son d\u00e9part de Spendzst et le casse tete de Kewi pour savoir si Spendzst s&rsquo;en va ou pas ?<\/p>\n<p style=\"text-align: justify;\">Nous allons dans la premi\u00e8re partie commenter l&rsquo;actualit\u00e9 et en deuxi\u00e8me parti recevoir Spendzst qui va r\u00e9pondre (on l&rsquo;esp\u00e8re \u00e0 nos questions )<\/p>\n<p style=\"text-align: justify;\">La semaine fut riche en actualit\u00e9s cette semaine avec les p\u00e9titions,les d\u00e9parts et les nominations et toujours le meme bazard et la meme incompr\u00e9hension aux yeux des VPMiens<\/p>\n<p style=\"text-align: justify;\">Lundi et Mardi, VPM sa connu quelques dizaines de p\u00e9titions dont les plus connues comme \u00a0\u00bbP\u00e9tition pour Spenzst Ministre\u00a0\u00bb,\u00a0\u00bbP\u00e9tition pour Spendzst mod\u00e9rateur\u00a0\u00bb bref que du Spendzst dans VPM a croire que Spendzst n&rsquo;est autre que Bananus. Au total c&rsquo;est pr\u00e8s de de 10 p\u00e9titions aussi inutiles les unes que les autres mais qui ont quand meme un impact, le d\u00e9part de Spendzst et oui c&rsquo;est THE SCOOP OF THE SEMAINE (heu&#8230;.week) enfin le d\u00e9part les termes exacts sont le retirement de Spendzst de la vie publique VPMienne pour une dur\u00e9e ind\u00e9termin\u00e9e jusqu&rsquo;\u00e0 Janvier nous dit-on. Il a l&rsquo;air de tenir cette d\u00e9cision puisque cela fait 4 jours , que nous sommes sans nouvelles de Spendzst, juste un petit post aujourd&rsquo;hui pour rappeler son souhait de devenir ministre. Cet acte de discr\u00e9tion est pris comme un d\u00e9part pour certains comme pour la Pr\u00e9sidente de la R\u00e9publique. En effet Kewi a compris que Spendzst partait et qu&rsquo;elle devait trouver un nouveau ministre, malgr\u00e8 les diff\u00e9rentes protestations, c&rsquo;est chose faite, en effet Yannig,multi de Duffman a pris possession de Matignon au plus grand malheur de Filsdespendzst qui lui veut y rester jouer comme il dit. Et pendant tout cela,un autre personnage, tr\u00e8s impopulaire, l\u00e9gal de Dieu aux Enfers heu&#8230;.l\u00e9gal de Chlochlos au Paradis fait son apparition, Sarkojul, qui r\u00e9clame depuis un petit bout de temps, une enveloppe, acte qui a \u00e9mu la Communaut\u00e9 avec des soutiens nombreux parmis les plus c\u00e9l\u00e8bres mais aussi par une critique du Trio du mal selon Spendzst, Ghool,Felenon et Chewingum qui appellent \u00e0 ne rien faire et meme tourne ce sujet \u00e0 la rigolade jusqu&rsquo;au jour ou Sarkojul annonce tel Sarkozy qui annonce son depart de la politique, qu&rsquo;il quitte VPM par le biais de son multi heu &#8230;.. c&rsquo;est bon je m&rsquo;escuse BON je reprend par le biais de sttropclement pour causes d&rsquo;attaques violentes (ils s&rsquo;y mettent tous ces temps ci). Retenons le nom de Sarkojul, petitefourmie face aux grandes pierres,tien en parlant de Petitefourmie, ce personnage se fait remarquer ces temps ci par son parti qui grimpe et qui devient tr\u00e8s connu( mais tout est relatif selon certains).<\/p>\n<p style=\"text-align: justify;\">Voil\u00e0 cette actualit\u00e9 diversifi\u00e9 mais toujours aussi active (remarquez cette splendide m\u00e9taphore notez tout de meme que la construction de cette phrase&#8230;.. Bref les semaines passent mais nous restons.Tout de suite juste apr\u00e8s le Portrait de Spendzst, l&rsquo;interview de Spendzst<\/p>\n<p style=\"text-align: justify;\">Spendzst bonsoir et merci de nous accorder cette interview.<br \/>\n-Bonsoir<\/p>\n<p style=\"text-align: justify;\">Vous avez annoncer que vous vous retirez de la Communaut\u00e9, pourquoi cette d\u00e9cision?<br \/>\n-Je ne me retire pas totalement, en effet, les membres de mon parti et mon entourage feront passer mes actions \u00e0 la Communaut\u00e9.<\/p>\n<p style=\"text-align: justify;\">Oui mais pourquoi cette d\u00e9cision, des attaques, des menaces, pas assez de temps ?<br \/>\n-Et bien, en effet, j&rsquo;ai recu beaucoup de critiques de la part de certains VPMiens meme des MP pour me demander de quitter VPM&#8230; Mais c&rsquo;est surtout car je pense que VPM en a assez de m&rsquo;entendre et je vais etre franc je songe \u00e0 un d\u00e9part d\u00e9cisif de VPM alors je m&rsquo;y pr\u00e9pare.<\/p>\n<p style=\"text-align: justify;\">Qu&rsquo;avez vous penser de votre court mandat de Premier Ministre?<br \/>\n-Mon court mandat en effet, force est de constater que j&rsquo;ai \u00e9t\u00e9 pr\u00e9sent aupr\u00e8s des VPmiens et j&rsquo;ai pris des initiatives comme mon animation qui fut un \u00e9chec mais voil\u00e0<\/p>\n<p style=\"text-align: justify;\">Si vous deviez dresser un bilan de votre COURT mandat comment serait-il ?<br \/>\n&#8211; Je pense que j&rsquo;ai \u00e9t\u00e9 un bon Premier Ministre mais c&rsquo;est toujours pareil, pas assez de temps e t surtout pas assez voir pas du tout de pouvoir et de libert\u00e9s.<\/p>\n<p style=\"text-align: justify;\">Bref un bilan d\u00e9cevant?<br \/>\n-Comment \u00e7a d\u00e9cevant ? Je ne peux pas faire de bilan puisque il n&rsquo;y a pas eu de mandat et que je n&rsquo;ai rien pu faire.<\/p>\n<p style=\"text-align: justify;\">Bien que pensez vous de votre successeur?<br \/>\n-De Yannig je n&rsquo;en pense rien je n&rsquo;ai rien \u00e0 penser je pense juste que la Pr\u00e9sidente n&rsquo;a pas fait un bon choix.<\/p>\n<p style=\"text-align: justify;\">Que conseillez vous pour Yannig?<br \/>\n&#8211; Je lui conseille de se tenir \u00e0 carreau et rien de plus<\/p>\n<p style=\"text-align: justify;\">En ce qui conserne votre d\u00e9part combien de temps allez vous partir ?<br \/>\n-Je ne pars tout de suite et je vais me retirer jusqu&rsquo;aux prochaines \u00e9lections<\/p>\n<p style=\"text-align: justify;\">Qu&rsquo;allez vous faire pendant ce temps ?<br \/>\n-Je vais m&rsquo;occuper de mon parti et Dieux seul sait si il en a besoin<\/p>\n<p style=\"text-align: justify;\">Et VPM dans tout cela ?<br \/>\n-Et bien on m&rsquo;a clairement prouv\u00e9 que je ne devrais plus rester j&rsquo;ob\u00e9is<\/p>\n<p style=\"text-align: justify;\">Pensez vous qu&rsquo;on va vous regretter ?<br \/>\n-Je n&rsquo;ai pas cette pr\u00e9tention mais du moins le l&rsquo;esp\u00e8re<\/p>\n<p style=\"text-align: justify;\">Changeons de sujet, Askari est partit qu&rsquo;en pensez vous ?<br \/>\n-J&rsquo;en pense que VPM pert petit \u00e0 petit ses piliers et Askari en faisait parti donc voil\u00e0 une tristesse mais c&rsquo;est pour cela que nous devons r\u00e9agir et gardez nos \u00a0\u00bbvieux\u00a0\u00bb<\/p>\n<p style=\"text-align: justify;\">Clone,Askari&#8230; tous ces d\u00e9parts ne devrer pas nous faire r\u00e9agir selon vous ?<br \/>\n-Oui en effet c&rsquo;est dommage mais je ne peux rien faire et je vous renvoi aux dirigeants et notamment vers le Premier Ministre.<\/p>\n<p style=\"text-align: justify;\">Souhaitez vous vous pr\u00e9senter aux pr\u00e9sidentielles de d\u00e9cembre comme le disent vos MPs ?<br \/>\n-J&rsquo;avais en effet cette id\u00e9e en tete mais non je ne souhaite pas, je me retire et un candidat ne dit pas ce retirer<\/p>\n<p style=\"text-align: justify;\">Soutiendrez vous un candidat ?<br \/>\n&#8211; Je ne connais pas encoire les candidats(voir je m&rsquo;en fiche ) et je pense que c&rsquo;est trop tot pour d\u00e9cider et puis je me retire alors qu&rsquo;est ce que mon opinion pourrais changer ?<\/p>\n<p style=\"text-align: justify;\">Et vos projets ?<br \/>\n-Je n&rsquo;en ai pas.<\/p>\n<p style=\"text-align: justify;\">Autre chose \u00e0 rajouter ?<br \/>\n-Rien de plus qu&rsquo;un appel \u00e0 la reflexion au sein de VPM.<\/p>\n<p style=\"text-align: justify;\">Merci Spendzst .<br \/>\n-C&rsquo;est moi qui vous remercie.<\/p>\n<p style=\"text-align: justify;\">Voil\u00e0 une interview de Spendzst au micro de la Critique Radicale<\/p>\n<p style=\"text-align: justify;\">Notez tout de meme que cette interview est la derni\u00e8re apparition de Spendzst.<\/p>\n<p style=\"text-align: justify;\">La Critique Radicale<\/p>\n","protected":false},"excerpt":{"rendered":"<p>Bonjour, aujourd&rsquo;hui dans la Critique Radicale, nous allons \u00e9tudier et commenter la semaine qui vient de s&rsquo;\u00e9couler du moins presque!<\/p>\n","protected":false},"author":35,"featured_media":0,"comment_status":"open","ping_status":"open","sticky":false,"template":"","format":"standard","meta":{"site-container-style":"default","site-container-layout":"default","site-sidebar-layout":"default","disable-article-header":"default","disable-site-header":"default","disable-site-footer":"default","disable-content-area-spacing":"default","footnotes":""},"categories":[302],"tags":[],"class_list":["post-14664","post","type-post","status-publish","format-standard","hentry","category-5-la-tribune-libre"],"_links":{"self":[{"href":"https:\/\/vpmedias.fr\/index.php?rest_route=\/wp\/v2\/posts\/14664","targetHints":{"allow":["GET"]}}],"collection":[{"href":"https:\/\/vpmedias.fr\/index.php?rest_route=\/wp\/v2\/posts"}],"about":[{"href":"https:\/\/vpmedias.fr\/index.php?rest_route=\/wp\/v2\/types\/post"}],"author":[{"embeddable":true,"href":"https:\/\/vpmedias.fr\/index.php?rest_route=\/wp\/v2\/users\/35"}],"replies":[{"embeddable":true,"href":"https:\/\/vpmedias.fr\/index.php?rest_route=%2Fwp%2Fv2%2Fcomments&post=14664"}],"version-history":[{"count":1,"href":"https:\/\/vpmedias.fr\/index.php?rest_route=\/wp\/v2\/posts\/14664\/revisions"}],"predecessor-version":[{"id":14669,"href":"https:\/\/vpmedias.fr\/index.php?rest_route=\/wp\/v2\/posts\/14664\/revisions\/14669"}],"wp:attachment":[{"href":"https:\/\/vpmedias.fr\/index.php?rest_route=%2Fwp%2Fv2%2Fmedia&parent=14664"}],"wp:term":[{"taxonomy":"category","embeddable":true,"href":"https:\/\/vpmedias.fr\/index.php?rest_route=%2Fwp%2Fv2%2Fcategories&post=14664"},{"taxonomy":"post_tag","embeddable":true,"href":"https:\/\/vpmedias.fr\/index.php?rest_route=%2Fwp%2Fv2%2Ftags&post=14664"}],"curies":[{"name":"wp","href":"https:\/\/api.w.org\/{rel}","templated":true}]}}