{"id":14775,"date":"2012-11-02T07:00:27","date_gmt":"2012-11-02T05:00:27","guid":{"rendered":"http:\/\/vpmedias.fr\/?p=14775"},"modified":"2012-11-01T20:37:16","modified_gmt":"2012-11-01T18:37:16","slug":"une-carte-postale-vpmienne-shado-porquerolles","status":"publish","type":"post","link":"https:\/\/vpmedias.fr\/?p=14775","title":{"rendered":"[Une Carte Postale Vpmienne] : Shado &amp; Porquerolles"},"content":{"rendered":"<p style=\"text-align: justify\">Salut salut ! Comment \u00e7a va ? Bon bah je m&rsquo;excuse (encore, \u00e7a devient limite une habitude dis donc) pour \u00eatre en retard.. Cette semaine c&rsquo;est Shado qui nous parle de ses vacance dans le sud, o\u00f9 elle a l&rsquo;habitude d&rsquo;aller, notamment pour faire de la plong\u00e9e. Je tiens \u00e0 attirer votre attention sur le fait que cette chronique ne peut exister sans votre aide et votre participation et que cela serait dommage que cela s&rsquo;arr\u00eate maintenant ! Donc je sollicite votre attention et S&rsquo;IL VOUS PLAIT, n&rsquo;h\u00e9sitez pas \u00e0 me contacter pour participer \u00e0 Une Carte Postale Vpmienne, m\u00eame si cet \u00e9t\u00e9, vous \u00eates partis au fin fond de la campagne (\u00e7a peut toujours int\u00e9resser quelqu&rsquo;un, et cela fait vivre l&rsquo;esprit de communaut\u00e9). Sur ce, bonne lecture :))<\/p>\n<p style=\"text-align: justify\"><span style=\"text-decoration: underline\">1\/Peux tu te pr\u00e9senter ? <\/span><br \/>\nJe suis Shado, pr\u00e9sente sur VPM depuis fin 2007, ancienne ministre sous geostar, j\u2019ai 25 ans, et je vis actuellement en Picardie. Au niveau partis, j\u2019en ai fait pas mal mais je ne me souviens pas de tous\u2026On peut n\u00e9anmoins citer la constellation AQR, les lives, Les inconnus \/ le PO, les jmenfoutistes. Au niveau palmar\u00e8s, rien de bien croustillant, j\u2019ai gagn\u00e9 des mairies, mais je suis plus int\u00e9ress\u00e9e par la communaut\u00e9 que par les campagnes.<\/p>\n<p style=\"text-align: justify\"><span style=\"text-decoration: underline\">2\/Alors, o\u00f9 es tu partie cet \u00e9t\u00e9 ? <\/span><br \/>\nJe suis partie dans la r\u00e9gion de Porquerolles, Port Cros, la londe les maures et\u00a0 Bormes-les-mimosas.<\/p>\n<p style=\"text-align: justify\"><span style=\"text-decoration: underline\">3\/As tu des bons plans \u00e0 faire partager ? Des visites \u00e0 recommander ? Des coups de c\u0153urs ?<\/span><br \/>\nSi je pars par l\u00e0-bas, ce n\u2019est pas pour les plages remplies de monde comme toute la c\u00f4te d\u2019azur, mais pour ce qui se passe dans l\u2019eau. Je pratique la plong\u00e9e depuis 6 ans, et le parc national de Port Cros est un petit tr\u00e9sor de ce c\u00f4t\u00e9-l\u00e0. Il y a bien sur les plong\u00e9es de bapt\u00eame, avec moniteurs, pour d\u00e9couvrir la faune et la flore. Mais il y a aussi les plong\u00e9es d\u2019\u00e9pave, notamment le cimentier, accessible \u00e0 tout le monde, et le donator, qui a \u00e9t\u00e9 ma plus belle \u00e9pave \u00e0 ce jour, avec plein de m\u00e9rous et des mur\u00e8nes dans les anfractuosit\u00e9s.<\/p>\n<p style=\"text-align: justify\"><img loading=\"lazy\" decoding=\"async\" class=\"aligncenter\" src=\"http:\/\/vpmedias.fr\/wp-content\/uploads\/2012\/11\/m\u00e9rou.jpg\" alt=\"merou\" width=\"450\" height=\"300\" \/><\/p>\n<p style=\"text-align: justify\">Mais plus simple et moins couteux, c\u2019est le bon vieux palmes masque tuba, et en route pour les plages de port cros. Parfois, dans moins d\u2019un m\u00e8tre cinquante d\u2019eau, on se r\u00e9gale tout autant les yeux.<br \/>\nUn autre truc tr\u00e8s sympa, c\u2019est Le Sentier Sous-Marin : le Jardin des Mattes. En fait, c\u2019est un circuit de promenade gratuit sous l\u2019eau. Je trouve \u00e7a super cool pour d\u00e9couvrir les fonds marins sans trop d\u2019efforts, pour faire d\u00e9couvrir faune et flore aux enfants.<\/p>\n<p style=\"text-align: justify\">\u00a0<img loading=\"lazy\" decoding=\"async\" class=\"aligncenter\" src=\"http:\/\/vpmedias.fr\/wp-content\/uploads\/2012\/11\/plong\u00e9e.jpg\" alt=\"plong\u00e9e\" width=\"450\" height=\"300\" \/><\/p>\n<p style=\"text-align: justify\">Sinon une plage payante de toute beaut\u00e9, c\u2019est l\u2019estagnol. Un peu dommage de payer 8 euros pour le parking de la voiture, mais cette plage est tellement magnifique que \u00e7a en vaut le coup. Un sable clair tr\u00e8s fin, une eau translucide et peu profonde, avec une barre rocheuse a environ 200 m\u00e8tres, qui rengorge de petits poissons en tout genre.<\/p>\n<p style=\"text-align: justify\"><img loading=\"lazy\" decoding=\"async\" class=\"aligncenter\" src=\"http:\/\/vpmedias.fr\/wp-content\/uploads\/2012\/11\/plage-estahnol.jpg\" alt=\"plage\" width=\"450\" height=\"300\" \/><\/p>\n<p style=\"text-align: justify\">En dehors de l\u2019eau, le march\u00e9 proven\u00e7al de Bormes les Mimosas, le mercredi matin, est tr\u00e8s sympa.<\/p>\n<p style=\"text-align: justify\">Sinon, pour le cot\u00e9 gourmand, il y a un excellent glacier sur le port Miramar \u00e0 La Londe les Maures, qui fait face \u00e0 la mer, et ils ont de superbes glaces artisanales, a des gouts g\u00e9nialissimes. Il faut vraiment y passer si vous \u00eates gourmand.<\/p>\n<p style=\"text-align: justify\"><span style=\"text-decoration: underline\">4\/Si tu devais d\u00e9conseiller des activit\u00e9s\/visites\/endroits, quels seraient ils ?<\/span><br \/>\nJe trouve dommage de rester toute la journ\u00e9e \u00e0 r\u00f4tir sur la plage, alors qu\u2019il y a des merveilles sous l\u2019eau, mais apr\u00e8s, c\u2019est \u00e0 chacun de voir selon ses envies\u2026<\/p>\n<p style=\"text-align: justify\"><span style=\"text-decoration: underline\">5\/ Quels sont les plus, les moins de cette destination ?<\/span><br \/>\nLes plus, ce sont toutes ces possibilit\u00e9s sous-marines. Le moins, ce sont les touristes :D M\u00eame si j\u2019en suis aussi une, j\u2019ai l\u2019habitude de partir soit en juin, soit en septembre, pour limiter cet inconv\u00e9nient \uf04a<br \/>\nAutre inconv\u00e9nient, les m\u00e9duses. Certains plongent m\u00eame en cas d\u2019invasion, car bien prot\u00e9g\u00e9 par la combi, gant et chaussettes, \u00e7a passe, mais perso, je n\u2019aime pas \u00e7a du tout. Du coup, je surveille sur internet, sur jellywatch avant de partir, \u00e7a n\u2019\u00e9limine bien s\u00fbr pas tous les risques, mais une bonne partie quand m\u00eame.<\/p>\n<p style=\"text-align: justify\"><span style=\"text-decoration: underline\">6\/ Ce que tu retiendras de cette destination ? Qu&rsquo;est ce qui t&rsquo;as le plus marqu\u00e9 ? Tes impressions ?<\/span><br \/>\nJ\u2019ai l\u2019habitude d\u2019y aller r\u00e9guli\u00e8rement, une \u00e0 deux fois par an, une semaine \u00e0 chaque fois. Donc si j\u2019y retourne, c\u2019est que \u00e7a me plait toujours autant. Une fois les touristes \u00e9vit\u00e9s, ce n\u2019est que du bonheur.<\/p>\n<p style=\"text-align: justify\"><span style=\"text-decoration: underline\">7\/ Et Vpm dans tout \u00e7a ?<\/span><br \/>\nUn ordinateur portable et une cl\u00e9 3 G, et c\u2019est le bonheur pour se connecter toute l\u2019ann\u00e9e. Cela me servait pour v\u00e9rifier les conditions en mer, mais aussi pour me connecter rapidement. Pas d\u2019indisponibilit\u00e9 sur vpm donc de mon cot\u00e9.<\/p>\n<hr \/>\n<p style=\"text-align: justify\">Et voil\u00e0, une carte postale vpmienne c&rsquo;est fini, et on se retrouve la semaine prochaine pour un num\u00e9ro sp\u00e9cial Corse. N&rsquo;h\u00e9sitez pas \u00e0 m&rsquo;ajouter si vous voulez participer ( et ne m&rsquo;obligez pas \u00e0 venir vous chercher par la peau des fesses ! )<\/p>\n<hr \/>\n","protected":false},"excerpt":{"rendered":"<p>Cette chronique ne peut exister sans votre aide &amp; participation : cela serait dommage que cela s&rsquo;arr\u00eate maintenant, alors n&rsquo;h\u00e9sitez pas \u00e0 me contacter !<\/p>\n","protected":false},"author":69,"featured_media":0,"comment_status":"open","ping_status":"open","sticky":false,"template":"","format":"standard","meta":{"site-container-style":"default","site-container-layout":"default","site-sidebar-layout":"default","disable-article-header":"default","disable-site-header":"default","disable-site-footer":"default","disable-content-area-spacing":"default","footnotes":""},"categories":[4],"tags":[543,255],"class_list":["post-14775","post","type-post","status-publish","format-standard","hentry","category-2-vpmc","tag-carte-postale","tag-la-vraie-vie"],"_links":{"self":[{"href":"https:\/\/vpmedias.fr\/index.php?rest_route=\/wp\/v2\/posts\/14775","targetHints":{"allow":["GET"]}}],"collection":[{"href":"https:\/\/vpmedias.fr\/index.php?rest_route=\/wp\/v2\/posts"}],"about":[{"href":"https:\/\/vpmedias.fr\/index.php?rest_route=\/wp\/v2\/types\/post"}],"author":[{"embeddable":true,"href":"https:\/\/vpmedias.fr\/index.php?rest_route=\/wp\/v2\/users\/69"}],"replies":[{"embeddable":true,"href":"https:\/\/vpmedias.fr\/index.php?rest_route=%2Fwp%2Fv2%2Fcomments&post=14775"}],"version-history":[{"count":5,"href":"https:\/\/vpmedias.fr\/index.php?rest_route=\/wp\/v2\/posts\/14775\/revisions"}],"predecessor-version":[{"id":14790,"href":"https:\/\/vpmedias.fr\/index.php?rest_route=\/wp\/v2\/posts\/14775\/revisions\/14790"}],"wp:attachment":[{"href":"https:\/\/vpmedias.fr\/index.php?rest_route=%2Fwp%2Fv2%2Fmedia&parent=14775"}],"wp:term":[{"taxonomy":"category","embeddable":true,"href":"https:\/\/vpmedias.fr\/index.php?rest_route=%2Fwp%2Fv2%2Fcategories&post=14775"},{"taxonomy":"post_tag","embeddable":true,"href":"https:\/\/vpmedias.fr\/index.php?rest_route=%2Fwp%2Fv2%2Ftags&post=14775"}],"curies":[{"name":"wp","href":"https:\/\/api.w.org\/{rel}","templated":true}]}}