{"id":15219,"date":"2012-12-26T16:46:41","date_gmt":"2012-12-26T14:46:41","guid":{"rendered":"http:\/\/vpmedias.fr\/?p=15219"},"modified":"2012-12-26T17:04:22","modified_gmt":"2012-12-26T15:04:22","slug":"une-carte-postale-hivernale-la-creche-de-dragalex","status":"publish","type":"post","link":"https:\/\/vpmedias.fr\/?p=15219","title":{"rendered":"[Une carte postale hivernale] : La cr\u00e8che de Dragalex"},"content":{"rendered":"<p>Apr\u00e8s avoir harcel\u00e9 plusieurs personnes, Dragalex a bien voulu m&rsquo;accorder de son temps pour fournir un descriptif d\u00e9taill\u00e9 de sa d\u00e9co et de son repas sp\u00e9cial No\u00ebl. Vous allez comprendre, Drag&rsquo; aime le travail manuel et a bien expliqu\u00e9 comment faire, alors plus d&rsquo;excuses pour ne pas faire une jolie cr\u00e8che. Go !<\/p>\n<p>&nbsp;<\/p>\n<p style=\"text-align: justify\">Bonjour amis VPMiens !<br \/>\nJ&rsquo;avais promis \u00e0 Yade (qui ne rama pas pour me convaincre, comprenne qui pourra, rira qui voudra) de participer \u00e0 sa s\u00e9rie sur les f\u00eates de No\u00ebl, afin de faire baigner VPM dans une ambiance de f\u00eates. Faute de temps, c&rsquo;est maintenant que je m&rsquo;attelle \u00e0 la t\u00e2che.<br \/>\nJe vous parlerai donc pour ma part surtout de d\u00e9coration, le tout en vrac, \u00e0 la mani\u00e8re d&rsquo;une galerie photos.<\/p>\n<p style=\"text-align: justify\"><a href=\"http:\/\/vpmedias.fr\/?attachment_id=15240\" rel=\"attachment wp-att-15240\"><img loading=\"lazy\" decoding=\"async\" class=\"size-medium wp-image-15240 aligncenter\" src=\"http:\/\/vpmedias.fr\/wp-content\/uploads\/2012\/12\/Couronne-300x225.jpg\" alt=\"\" width=\"300\" height=\"225\" srcset=\"https:\/\/vpmedias.fr\/wp-content\/uploads\/2012\/12\/Couronne-300x225.jpg 300w, https:\/\/vpmedias.fr\/wp-content\/uploads\/2012\/12\/Couronne-150x112.jpg 150w, https:\/\/vpmedias.fr\/wp-content\/uploads\/2012\/12\/Couronne-550x412.jpg 550w, https:\/\/vpmedias.fr\/wp-content\/uploads\/2012\/12\/Couronne.jpg 1632w\" sizes=\"auto, (max-width: 300px) 100vw, 300px\" \/><\/a><\/p>\n<p style=\"text-align: justify\">Voici une couronne faite maison&#8230; Si vous avez la chance d&rsquo;aller \u00e0 la campagne, essayez de ramasser des branches souples, assez fines. Tressez-les vaguement les unes entre les autres, en renfor\u00e7ant avec du fil de fer pour que \u00e7a tienne. Pour le d\u00e9cor, faites vous plaisir ! Rien de tel que la r\u00e9cup&#8230; Le petit P\u00e8re No\u00ebl, c&rsquo;est l&rsquo;un de ces d\u00e9cors qu&rsquo;on plante d&rsquo;habitude sur les b\u00fbches (peu importe, on fait rarement de b\u00fbches traditionnelles). D&rsquo;autres d\u00e9corations sont des machins qu&rsquo;on met traditionnellement au pied des bougies. Les pommes de pins se passent d&rsquo;explications. Les boules sont de b\u00eates boules pour le sapin, accroch\u00e9es avec encore du fil de fer. La seule limite est votre imagination&#8230;<\/p>\n<p style=\"text-align: justify\"><a href=\"http:\/\/vpmedias.fr\/?attachment_id=15223\" rel=\"attachment wp-att-15223\"><img loading=\"lazy\" decoding=\"async\" class=\"size-medium wp-image-15223 aligncenter\" src=\"http:\/\/vpmedias.fr\/wp-content\/uploads\/2012\/12\/Abreuvoir-300x225.jpg\" alt=\"\" width=\"300\" height=\"225\" srcset=\"https:\/\/vpmedias.fr\/wp-content\/uploads\/2012\/12\/Abreuvoir-300x225.jpg 300w, https:\/\/vpmedias.fr\/wp-content\/uploads\/2012\/12\/Abreuvoir-150x112.jpg 150w, https:\/\/vpmedias.fr\/wp-content\/uploads\/2012\/12\/Abreuvoir-550x412.jpg 550w, https:\/\/vpmedias.fr\/wp-content\/uploads\/2012\/12\/Abreuvoir.jpg 1632w\" sizes=\"auto, (max-width: 300px) 100vw, 300px\" \/><\/a><br \/>\nA gauche sur cette photo, un abreuvoir. Ne me demandez pas comment c&rsquo;est fait : c&rsquo;est mon grand-p\u00e8re qui a bricol\u00e9 \u00e7a. Tout ce que je sais, c&rsquo;est que c&rsquo;est creus\u00e9 dans un vieux manche \u00e0 balais, et peint avec une bombe de peinture pour ascenseurs. On ne se moque pas. ^^<\/p>\n<p><a href=\"http:\/\/vpmedias.fr\/?attachment_id=15234\" rel=\"attachment wp-att-15234\"><img loading=\"lazy\" decoding=\"async\" class=\"size-medium wp-image-15234 aligncenter\" src=\"http:\/\/vpmedias.fr\/wp-content\/uploads\/2012\/12\/Rivi\u00e8re-1-225x300.jpg\" alt=\"\" width=\"225\" height=\"300\" srcset=\"https:\/\/vpmedias.fr\/wp-content\/uploads\/2012\/12\/Rivi\u00e8re-1-225x300.jpg 225w, https:\/\/vpmedias.fr\/wp-content\/uploads\/2012\/12\/Rivi\u00e8re-1-112x150.jpg 112w, https:\/\/vpmedias.fr\/wp-content\/uploads\/2012\/12\/Rivi\u00e8re-1-550x733.jpg 550w, https:\/\/vpmedias.fr\/wp-content\/uploads\/2012\/12\/Rivi\u00e8re-1.jpg 1224w\" sizes=\"auto, (max-width: 225px) 100vw, 225px\" \/><\/a><\/p>\n<p style=\"text-align: justify\"><a href=\"http:\/\/vpmedias.fr\/?attachment_id=15235\" rel=\"attachment wp-att-15235\"><img loading=\"lazy\" decoding=\"async\" class=\"size-medium wp-image-15235 aligncenter\" src=\"http:\/\/vpmedias.fr\/wp-content\/uploads\/2012\/12\/Rivi\u00e8re-2-300x225.jpg\" alt=\"\" width=\"300\" height=\"225\" srcset=\"https:\/\/vpmedias.fr\/wp-content\/uploads\/2012\/12\/Rivi\u00e8re-2-300x225.jpg 300w, https:\/\/vpmedias.fr\/wp-content\/uploads\/2012\/12\/Rivi\u00e8re-2-150x112.jpg 150w, https:\/\/vpmedias.fr\/wp-content\/uploads\/2012\/12\/Rivi\u00e8re-2-550x412.jpg 550w, https:\/\/vpmedias.fr\/wp-content\/uploads\/2012\/12\/Rivi\u00e8re-2.jpg 1632w\" sizes=\"auto, (max-width: 300px) 100vw, 300px\" \/><\/a><\/p>\n<p style=\"text-align: justify\">J&rsquo;aime l&rsquo;eau, j&rsquo;aime les cascades, et l&rsquo;histoire de mes d\u00e9cors de No\u00ebl est une v\u00e9ritable course \u00e0 la cascade. Comment apporter un peu de volume et la hauteur n\u00e9cessaire \u00e0 une chute d&rsquo;eau ? Voici le terrible d\u00e9fi que je me suis lanc\u00e9 ! Ahem. Bref, l&rsquo;un de mes premiers essais consiste \u00e0 utiliser des esp\u00e8ces de cheveux d&rsquo;ange bleu et argent\u00e9, agr\u00e9ment\u00e9s de cailloux ramass\u00e9s de ci de l\u00e0. Pour le relief, j&rsquo;ai opt\u00e9 pour des bo\u00eetes de chaussures planqu\u00e9es sous le tapis. La mousse vient rendre l&rsquo;ensemble plus \u2026 chaleureux ?<\/p>\n<p style=\"text-align: justify\"><a href=\"http:\/\/vpmedias.fr\/?attachment_id=15231\" rel=\"attachment wp-att-15231\"><img loading=\"lazy\" decoding=\"async\" class=\"size-medium wp-image-15231 aligncenter\" src=\"http:\/\/vpmedias.fr\/wp-content\/uploads\/2012\/12\/Muret-300x225.jpg\" alt=\"\" width=\"300\" height=\"225\" srcset=\"https:\/\/vpmedias.fr\/wp-content\/uploads\/2012\/12\/Muret-300x225.jpg 300w, https:\/\/vpmedias.fr\/wp-content\/uploads\/2012\/12\/Muret-150x112.jpg 150w, https:\/\/vpmedias.fr\/wp-content\/uploads\/2012\/12\/Muret-550x412.jpg 550w, https:\/\/vpmedias.fr\/wp-content\/uploads\/2012\/12\/Muret.jpg 1632w\" sizes=\"auto, (max-width: 300px) 100vw, 300px\" \/><br \/>\n<\/a> Au premier plan, voici un f\u00f4\u00f4\u00f4rmidable enclos \u00e0 moutons. Vous allez dans votre magasin de travaux cr\u00e9atifs pr\u00e9f\u00e9r\u00e9, vous achetez de l&rsquo;argile (pour ma part, j&rsquo;ai pris celui qui s\u00e8che tout seul, sans passage au four), vous modelez de petites briques, puis vous les soudez entre-elles (sinon, vous laissez s\u00e9cher les briques, et vous les collez apr\u00e8s coup, tel un ma\u00e7on). Vous pouvez r\u00e9aliser un petit portail, une base, coller de la mousse entre les pierres (cacher les d\u00e9fauts + faire naturel), et peindre le tout \u00e0 votre guise.<\/p>\n<p style=\"text-align: justify\"><a href=\"http:\/\/vpmedias.fr\/?attachment_id=15226\" rel=\"attachment wp-att-15226\"><img loading=\"lazy\" decoding=\"async\" class=\"size-medium wp-image-15226 aligncenter\" src=\"http:\/\/vpmedias.fr\/wp-content\/uploads\/2012\/12\/Dans-la-cr\u00e8che-300x225.jpg\" alt=\"\" width=\"300\" height=\"225\" srcset=\"https:\/\/vpmedias.fr\/wp-content\/uploads\/2012\/12\/Dans-la-cr\u00e8che-300x225.jpg 300w, https:\/\/vpmedias.fr\/wp-content\/uploads\/2012\/12\/Dans-la-cr\u00e8che-150x112.jpg 150w, https:\/\/vpmedias.fr\/wp-content\/uploads\/2012\/12\/Dans-la-cr\u00e8che-550x412.jpg 550w, https:\/\/vpmedias.fr\/wp-content\/uploads\/2012\/12\/Dans-la-cr\u00e8che.jpg 1632w\" sizes=\"auto, (max-width: 300px) 100vw, 300px\" \/><\/a><\/p>\n<p style=\"text-align: justify\">Voici l&rsquo;int\u00e9rieur de la cr\u00e8che. Je m&rsquo;arrange g\u00e9n\u00e9ralement pour faire passer des guirlandes lumineuses \u00e0 l&rsquo;int\u00e9rieur (sinon, je trouve qu&rsquo;il y a trop d&rsquo;obscurit\u00e9, et on ne profite pas bien de la sc\u00e8ne). Au fond \u00e0 gauche de la cr\u00e8che, vous pouvez admirer un truc assez moche. J&rsquo;ai voulu rendre l&rsquo;\u00e9quivalent d&rsquo;un \u00e9tage dans la grange, avec des stocks de paille, un truc comme \u00e7a. Un vieux bout de carton perc\u00e9 et soutenu par des bouts de bois, c&rsquo;est pas renversant, mais je n&rsquo;ai pas encore trouv\u00e9 mieux. L&rsquo;\u00e9chelle en brindilles est marrante, par contre. :D<\/p>\n<p style=\"text-align: justify\"><a href=\"http:\/\/vpmedias.fr\/?attachment_id=15234\" rel=\"attachment wp-att-15234\"><img loading=\"lazy\" decoding=\"async\" class=\"size-medium wp-image-15234 aligncenter\" src=\"http:\/\/vpmedias.fr\/wp-content\/uploads\/2012\/12\/Rivi\u00e8re-1-225x300.jpg\" alt=\"\" width=\"225\" height=\"300\" srcset=\"https:\/\/vpmedias.fr\/wp-content\/uploads\/2012\/12\/Rivi\u00e8re-1-225x300.jpg 225w, https:\/\/vpmedias.fr\/wp-content\/uploads\/2012\/12\/Rivi\u00e8re-1-112x150.jpg 112w, https:\/\/vpmedias.fr\/wp-content\/uploads\/2012\/12\/Rivi\u00e8re-1-550x733.jpg 550w, https:\/\/vpmedias.fr\/wp-content\/uploads\/2012\/12\/Rivi\u00e8re-1.jpg 1224w\" sizes=\"auto, (max-width: 225px) 100vw, 225px\" \/><\/a><\/p>\n<p style=\"text-align: justify\">Autre ann\u00e9e, autre rivi\u00e8re, autre relief. A peu pr\u00e8s la m\u00eame strat\u00e9gie d\u00e9j\u00e0 expos\u00e9e, mais j&rsquo;ai chang\u00e9 la rivi\u00e8re, quoi. J&rsquo;essaye d&rsquo;accrocher les d\u00e9corations de sapin type \u00ab\u00a0\u00e9toiles\u00a0\u00bb vers le bas du sapin, de m\u00eame que quelques guirlandes lumineuses, pour repr\u00e9senter le ciel \u00e9toil\u00e9. En arri\u00e8re-plan, un d\u00e9cor peint sur du carton pour que le paysage soit mieux fini. Il y a aussi un puits vers le milieu de l&rsquo;image. Si, si, regardez bien. M\u00eame technique que l&rsquo;enclos de tout-\u00e0-l&rsquo;heure, mais en forme de puis, avec des brindilles pour accrocher le machin qui soutient le seau (je n&rsquo;ai aucune id\u00e9e de la mani\u00e8re dont \u00e7a s&rsquo;appelle :D)<\/p>\n<p style=\"text-align: justify\"><a href=\"http:\/\/vpmedias.fr\/?attachment_id=15239\" rel=\"attachment wp-att-15239\"><img loading=\"lazy\" decoding=\"async\" class=\"wp-image-15239 aligncenter\" src=\"http:\/\/vpmedias.fr\/wp-content\/uploads\/2012\/12\/Sapin-2-225x300.jpg\" alt=\"\" width=\"225\" height=\"300\" srcset=\"https:\/\/vpmedias.fr\/wp-content\/uploads\/2012\/12\/Sapin-2-225x300.jpg 225w, https:\/\/vpmedias.fr\/wp-content\/uploads\/2012\/12\/Sapin-2-112x150.jpg 112w, https:\/\/vpmedias.fr\/wp-content\/uploads\/2012\/12\/Sapin-2-550x733.jpg 550w, https:\/\/vpmedias.fr\/wp-content\/uploads\/2012\/12\/Sapin-2.jpg 1224w\" sizes=\"auto, (max-width: 225px) 100vw, 225px\" \/><\/a><\/p>\n<p style=\"text-align: justify\">Une vue un peu plus g\u00e9n\u00e9rale&#8230; J&rsquo;ai abandonn\u00e9 les sapins naturels, qui deviennent ternes et tristes quand on les garde trop longtemps, qui ne sont jamais vraiment r\u00e9guliers, et qui manquent de branches \u00e0 d\u00e9corer. Or j&rsquo;aime les sapins surcharg\u00e9s. ^^<\/p>\n<p style=\"text-align: justify\"><a href=\"http:\/\/vpmedias.fr\/?attachment_id=15238\" rel=\"attachment wp-att-15238\"><img loading=\"lazy\" decoding=\"async\" class=\"size-medium wp-image-15238 alignleft\" src=\"http:\/\/vpmedias.fr\/wp-content\/uploads\/2012\/12\/Rivi\u00e8re-5-300x225.jpg\" alt=\"\" width=\"300\" height=\"225\" srcset=\"https:\/\/vpmedias.fr\/wp-content\/uploads\/2012\/12\/Rivi\u00e8re-5-300x225.jpg 300w, https:\/\/vpmedias.fr\/wp-content\/uploads\/2012\/12\/Rivi\u00e8re-5-150x112.jpg 150w, https:\/\/vpmedias.fr\/wp-content\/uploads\/2012\/12\/Rivi\u00e8re-5-550x412.jpg 550w, https:\/\/vpmedias.fr\/wp-content\/uploads\/2012\/12\/Rivi\u00e8re-5.jpg 1632w\" sizes=\"auto, (max-width: 300px) 100vw, 300px\" \/><\/a><a href=\"http:\/\/vpmedias.fr\/?attachment_id=15237\" rel=\"attachment wp-att-15237\"><img loading=\"lazy\" decoding=\"async\" class=\"size-medium wp-image-15237 aligncenter\" src=\"http:\/\/vpmedias.fr\/wp-content\/uploads\/2012\/12\/Rivi\u00e8re-4-300x225.jpg\" alt=\"\" width=\"300\" height=\"225\" srcset=\"https:\/\/vpmedias.fr\/wp-content\/uploads\/2012\/12\/Rivi\u00e8re-4-300x225.jpg 300w, https:\/\/vpmedias.fr\/wp-content\/uploads\/2012\/12\/Rivi\u00e8re-4-150x112.jpg 150w, https:\/\/vpmedias.fr\/wp-content\/uploads\/2012\/12\/Rivi\u00e8re-4-550x412.jpg 550w, https:\/\/vpmedias.fr\/wp-content\/uploads\/2012\/12\/Rivi\u00e8re-4.jpg 1632w\" sizes=\"auto, (max-width: 300px) 100vw, 300px\" \/><\/a><\/p>\n<p style=\"text-align: justify\">Pouf, encore une strat\u00e9gie de cascade. Cette fois, j&rsquo;ai r\u00e9cup\u00e9r\u00e9 du polystyr\u00e8ne, quelques belles tranches, que j&rsquo;ai creus\u00e9 un petit peu puis peint. Le rebord permet d&rsquo;accrocher le tapis par-dessus avec des \u00e9pingles (afin de mieux int\u00e9grer le morceau de polystyr\u00e8ne dans le d\u00e9cor). La difficult\u00e9 est de rendre le polystyr\u00e8ne assez souple pour suivre les courbures du paysage et le relief, mais sans se casser. Le tout est maintenu \u00e0 grand renfort d&rsquo;\u00e9pingles enfonc\u00e9es dans les bo\u00eetes de chaussures sous-jacents. ^^<\/p>\n<p style=\"text-align: justify\"><a href=\"http:\/\/vpmedias.fr\/?attachment_id=15230\" rel=\"attachment wp-att-15230\"><img loading=\"lazy\" decoding=\"async\" class=\"size-medium wp-image-15230 aligncenter\" src=\"http:\/\/vpmedias.fr\/wp-content\/uploads\/2012\/12\/Fontaine-300x225.jpg\" alt=\"\" width=\"300\" height=\"225\" srcset=\"https:\/\/vpmedias.fr\/wp-content\/uploads\/2012\/12\/Fontaine-300x225.jpg 300w, https:\/\/vpmedias.fr\/wp-content\/uploads\/2012\/12\/Fontaine-150x112.jpg 150w, https:\/\/vpmedias.fr\/wp-content\/uploads\/2012\/12\/Fontaine-550x412.jpg 550w, https:\/\/vpmedias.fr\/wp-content\/uploads\/2012\/12\/Fontaine.jpg 1632w\" sizes=\"auto, (max-width: 300px) 100vw, 300px\" \/><\/a><\/p>\n<p style=\"text-align: justify\">L&rsquo;un des objets les plus d\u00e9licats \u00e0 fabriquer. Le bac est une vieille bo\u00eete rigide \u00e0 fromage, le mur est en argile (pas \u00e9vident de faire tenir droit un morceau d&rsquo;argile assez fin, d&rsquo;o\u00f9 l&rsquo;importance des deux pieds lat\u00e9raux tr\u00e8s \u00e9pais, coll\u00e9s au socle). La bo\u00eete est d\u00e9cor\u00e9e de morceaux de bois r\u00e9cup\u00e9r\u00e9s sur une mangeoire \u00e0 oiseaux cass\u00e9e, le reste est d\u00e9cor\u00e9 un peu comme on veut, avec mousse, \u00e9corce, bois, oiseaux&#8230; Le moteur n&rsquo;est pas de moi, par contre. ^^ Mais l&rsquo;effet d&rsquo;eau qui coule est g\u00e9nial. :-)<\/p>\n<p style=\"text-align: justify\"><a href=\"http:\/\/vpmedias.fr\/?attachment_id=15224\" rel=\"attachment wp-att-15224\"><img loading=\"lazy\" decoding=\"async\" class=\"size-medium wp-image-15224 aligncenter\" src=\"http:\/\/vpmedias.fr\/wp-content\/uploads\/2012\/12\/Cabanes-225x300.jpg\" alt=\"\" width=\"225\" height=\"300\" srcset=\"https:\/\/vpmedias.fr\/wp-content\/uploads\/2012\/12\/Cabanes-225x300.jpg 225w, https:\/\/vpmedias.fr\/wp-content\/uploads\/2012\/12\/Cabanes-112x150.jpg 112w, https:\/\/vpmedias.fr\/wp-content\/uploads\/2012\/12\/Cabanes-550x733.jpg 550w, https:\/\/vpmedias.fr\/wp-content\/uploads\/2012\/12\/Cabanes.jpg 1224w\" sizes=\"auto, (max-width: 225px) 100vw, 225px\" \/><\/a><\/p>\n<p style=\"text-align: justify\">Voici 3 petites granges\/cabanes que nous avons aussi fabriqu\u00e9es. Celle de droite a \u00e9t\u00e9 faite par mon grand-p\u00e8re, c&rsquo;est la plus jolie, enti\u00e8rement en bois, qui tient je ne sais comment. Les deux autres ont une base \u2026 en carton. :D Mais avec une bonne d\u00e9coration (paille, brindilles coll\u00e9es parall\u00e8lement, mousse), \u00e7a rend pas si mal, je trouve.<\/p>\n<p style=\"text-align: justify\">En tous cas, vous l&rsquo;aurez compris, je trouve que le charme d&rsquo;un d\u00e9cor de No\u00ebl r\u00e9side dans le travail manuel. M\u00eame si tout n&rsquo;est pas r\u00e9ussi, m\u00eame si certains objets ne sont pas parfaits, on a la satisfaction de l&rsquo;avoir fait soi-m\u00eame, selon son imagination. Essayez toujours de raconter une histoire dans votre d\u00e9cor de cr\u00e8che, au lieu de b\u00eatement poser des santons un peu partout. Ayez une logique g\u00e9n\u00e9rale en t\u00eate&#8230; Bref, redevenez un enfant devant ses playmobils. ^^<br \/>\nN&rsquo;h\u00e9sitez pas \u00e0 acheter vos santons bruts et \u00e0 les peindre vous-m\u00eames, gardez toujours un peu de carton ou d&rsquo;\u00e9l\u00e9ments naturels de c\u00f4t\u00e9 (\u00e9corce, mousse, pierres&#8230;), lancez-vous dans l&rsquo;argile, essayez et osez ! On apprend vite. :-)<\/p>\n<p><a href=\"http:\/\/vpmedias.fr\/?attachment_id=15228\" rel=\"attachment wp-att-15228\"><img loading=\"lazy\" decoding=\"async\" class=\"size-medium wp-image-15228 aligncenter\" src=\"http:\/\/vpmedias.fr\/wp-content\/uploads\/2012\/12\/DSC02678-300x225.jpg\" alt=\"\" width=\"300\" height=\"225\" srcset=\"https:\/\/vpmedias.fr\/wp-content\/uploads\/2012\/12\/DSC02678-300x225.jpg 300w, https:\/\/vpmedias.fr\/wp-content\/uploads\/2012\/12\/DSC02678-150x112.jpg 150w, https:\/\/vpmedias.fr\/wp-content\/uploads\/2012\/12\/DSC02678-550x412.jpg 550w, https:\/\/vpmedias.fr\/wp-content\/uploads\/2012\/12\/DSC02678.jpg 1632w\" sizes=\"auto, (max-width: 300px) 100vw, 300px\" \/><\/a><\/p>\n<p style=\"text-align: justify\">Je ne peux pas vous l\u00e2chez sans parler nourriture quand m\u00eame&#8230; Pour le r\u00e9veillon, il est pr\u00e9vu de cuisiner un bon gigot&#8230; Mais le plus important est sans doute du c\u00f4t\u00e9 du dessert. J&rsquo;opte pour la tradition avec un \u00ab\u00a0panettone valtellinese\u00a0\u00bb (ou \u00ab\u00a0Bisciola\u00a0\u00bb). Il s&rsquo;agit d&rsquo;une brioche l\u00e9g\u00e8rement plus s\u00e8che qu&rsquo;un Panettone classique, mais bourr\u00e9 de fruits secs en tous genres (noix, figues, noisettes, raisins&#8230;). La recette est tr\u00e8s simple : on m\u00e9lange tous les ingr\u00e9dients (farine, \u0153ufs, sucre, beurre, lait, levure etc), on p\u00e9trit, et on balance au four. On finira aussi par quelques macarons (un peu rat\u00e9s esth\u00e9tiquement, mais il ne faut pas le dire) au chocolat et \u00e0 la confiture de No\u00ebl et des petits chocolats maison (vous n&rsquo;imaginez pas tout ce qu&rsquo;on peut faire avec des petits moules en silicone, du chocolat fondu, du nutella, du pralin, des \u00e9clats de machins et de trucs). Et n&rsquo;oublions pas le Limoncello, \u00e0 consommer avec mod\u00e9ration, bien s\u00fbr. Mod\u00e9ration, le meilleur compagnon de vos soir\u00e9es de f\u00eate !<\/p>\n<hr \/>\n<p>Voil\u00e0, j&rsquo;esp\u00e8re que ous avez aim\u00e9 te que vous mettrez \u00e0 profit les conseils &amp; id\u00e9es de Drag&rsquo; (merci pour la petite blague ;)<br \/>\nUne carte postale hivernale revient,\u00a0 je l&rsquo;esp\u00e8re en tous cas, \u00e0 No\u00ebl prochain. Je suis toujours dispo pour publier vos t\u00e9moignages de vos vacances ! :) Bisous !<\/p>\n<hr \/>\n<p>&nbsp;<\/p>\n<hr \/>\n","protected":false},"excerpt":{"rendered":"<p>Et oui, vous avez bien lu : la cr\u00e8che de Dragalex. Cela vous intrigue ? Alors venez voir de plus pr\u00e8s !<\/p>\n","protected":false},"author":69,"featured_media":0,"comment_status":"open","ping_status":"open","sticky":false,"template":"","format":"standard","meta":{"site-container-style":"default","site-container-layout":"default","site-sidebar-layout":"default","disable-article-header":"default","disable-site-header":"default","disable-site-footer":"default","disable-content-area-spacing":"default","footnotes":""},"categories":[4],"tags":[543,255],"class_list":["post-15219","post","type-post","status-publish","format-standard","hentry","category-2-vpmc","tag-carte-postale","tag-la-vraie-vie"],"_links":{"self":[{"href":"https:\/\/vpmedias.fr\/index.php?rest_route=\/wp\/v2\/posts\/15219","targetHints":{"allow":["GET"]}}],"collection":[{"href":"https:\/\/vpmedias.fr\/index.php?rest_route=\/wp\/v2\/posts"}],"about":[{"href":"https:\/\/vpmedias.fr\/index.php?rest_route=\/wp\/v2\/types\/post"}],"author":[{"embeddable":true,"href":"https:\/\/vpmedias.fr\/index.php?rest_route=\/wp\/v2\/users\/69"}],"replies":[{"embeddable":true,"href":"https:\/\/vpmedias.fr\/index.php?rest_route=%2Fwp%2Fv2%2Fcomments&post=15219"}],"version-history":[{"count":4,"href":"https:\/\/vpmedias.fr\/index.php?rest_route=\/wp\/v2\/posts\/15219\/revisions"}],"predecessor-version":[{"id":15242,"href":"https:\/\/vpmedias.fr\/index.php?rest_route=\/wp\/v2\/posts\/15219\/revisions\/15242"}],"wp:attachment":[{"href":"https:\/\/vpmedias.fr\/index.php?rest_route=%2Fwp%2Fv2%2Fmedia&parent=15219"}],"wp:term":[{"taxonomy":"category","embeddable":true,"href":"https:\/\/vpmedias.fr\/index.php?rest_route=%2Fwp%2Fv2%2Fcategories&post=15219"},{"taxonomy":"post_tag","embeddable":true,"href":"https:\/\/vpmedias.fr\/index.php?rest_route=%2Fwp%2Fv2%2Ftags&post=15219"}],"curies":[{"name":"wp","href":"https:\/\/api.w.org\/{rel}","templated":true}]}}