{"id":15622,"date":"2013-01-29T23:53:00","date_gmt":"2013-01-29T21:53:00","guid":{"rendered":"http:\/\/vpmedias.fr\/?p=15622"},"modified":"2013-01-29T23:53:00","modified_gmt":"2013-01-29T21:53:00","slug":"sondage-hebdo-ceci-est-un-titre-pertinent","status":"publish","type":"post","link":"https:\/\/vpmedias.fr\/?p=15622","title":{"rendered":"Sondage Hebdo : ceci est un titre pertinent"},"content":{"rendered":"<p style=\"text-align: justify;\">Le pr\u00e9c\u00e9dent sondage \u00e9tant trop ancien, et rendu obsol\u00e8te par l&rsquo;abandon de l&rsquo;animation, malheureusement d\u00e9sert\u00e9e par ses candidats, on passe direct au nouveau sondage, et je me retrouve emmerd\u00e9 pour le titre.<\/p>\n<p style=\"text-align: justify;\">Buzz ou pas, c&rsquo;est bien la situation des F\u00e9lons qui fait la une cette semaine. Au-del\u00e0 du cas concret auquel nous assistons, j&rsquo;aimerais aborder le sujet sous un angle plus g\u00e9n\u00e9raliste.<\/p>\n<p style=\"text-align: justify;\">Nous sommes face \u00e0 une question morale difficile \u00e0 aborder. Le fondateur d&rsquo;un parti y a souvent laiss\u00e9 une forte empreinte. L&rsquo;\u00e2me d&rsquo;un parti, sa personnalit\u00e9, son image publique, sans m\u00eame parler de sa strat\u00e9gie, sont souvent marqu\u00e9s du signe du fondateur. Pour autant, tous les membres pass\u00e9s par un parti ont forc\u00e9ment investi du temps dans le projet, et s&rsquo;y sont sentimentalement attach\u00e9s. Le fondateur est-il \u00e9go\u00efste d&rsquo;exiger unilat\u00e9ralement que le parti s&rsquo;endorme avec lui ? Les membres sont-ils ingrats et d\u00e9loyaux de vouloir continuer contre son avis ?<\/p>\n<p>[poll id=\u00a0\u00bb47&Prime;]<\/p>\n<hr \/>\n<p>Retrouvez aussi <a href=\"http:\/\/vpmedias.fr\/?page_id=9113\">tous les Sondages Hebdo<\/a>&#8230;<\/p>\n<p>[auteur]<\/p>\n","protected":false},"excerpt":{"rendered":"<p>Le pr\u00e9c\u00e9dent sondage \u00e9tant trop ancien, et rendu obsol\u00e8te par l&rsquo;abandon de l&rsquo;animation, malheureusement d\u00e9sert\u00e9e par ses candidats, on passe direct au nouveau sondage, et je me retrouve emmerd\u00e9 pour le titre. Buzz ou pas, c&rsquo;est bien la situation des F\u00e9lons qui fait la une cette semaine. Au-del\u00e0 du cas concret auquel nous assistons, j&rsquo;aimerais [&hellip;]<\/p>\n","protected":false},"author":2,"featured_media":0,"comment_status":"open","ping_status":"open","sticky":false,"template":"","format":"standard","meta":{"site-container-style":"default","site-container-layout":"default","site-sidebar-layout":"default","disable-article-header":"default","disable-site-header":"default","disable-site-footer":"default","disable-content-area-spacing":"default","footnotes":""},"categories":[268],"tags":[429],"class_list":["post-15622","post","type-post","status-publish","format-standard","hentry","category-4-breves","tag-sondage-hebdo"],"_links":{"self":[{"href":"https:\/\/vpmedias.fr\/index.php?rest_route=\/wp\/v2\/posts\/15622","targetHints":{"allow":["GET"]}}],"collection":[{"href":"https:\/\/vpmedias.fr\/index.php?rest_route=\/wp\/v2\/posts"}],"about":[{"href":"https:\/\/vpmedias.fr\/index.php?rest_route=\/wp\/v2\/types\/post"}],"author":[{"embeddable":true,"href":"https:\/\/vpmedias.fr\/index.php?rest_route=\/wp\/v2\/users\/2"}],"replies":[{"embeddable":true,"href":"https:\/\/vpmedias.fr\/index.php?rest_route=%2Fwp%2Fv2%2Fcomments&post=15622"}],"version-history":[{"count":2,"href":"https:\/\/vpmedias.fr\/index.php?rest_route=\/wp\/v2\/posts\/15622\/revisions"}],"predecessor-version":[{"id":45173,"href":"https:\/\/vpmedias.fr\/index.php?rest_route=\/wp\/v2\/posts\/15622\/revisions\/45173"}],"wp:attachment":[{"href":"https:\/\/vpmedias.fr\/index.php?rest_route=%2Fwp%2Fv2%2Fmedia&parent=15622"}],"wp:term":[{"taxonomy":"category","embeddable":true,"href":"https:\/\/vpmedias.fr\/index.php?rest_route=%2Fwp%2Fv2%2Fcategories&post=15622"},{"taxonomy":"post_tag","embeddable":true,"href":"https:\/\/vpmedias.fr\/index.php?rest_route=%2Fwp%2Fv2%2Ftags&post=15622"}],"curies":[{"name":"wp","href":"https:\/\/api.w.org\/{rel}","templated":true}]}}