{"id":15845,"date":"2013-03-01T03:21:33","date_gmt":"2013-03-01T01:21:33","guid":{"rendered":"http:\/\/vpmedias.fr\/?p=15845"},"modified":"2013-03-01T03:22:33","modified_gmt":"2013-03-01T01:22:33","slug":"probleme-sur-lelection-corse","status":"publish","type":"post","link":"https:\/\/vpmedias.fr\/?p=15845","title":{"rendered":"Probl\u00e8mes sur l&rsquo;\u00e9lection Corse"},"content":{"rendered":"<p>Aujourd&rsquo;hui, 1er Mars 2013, premier jour du Printemps pour les m\u00e9t\u00e9orologues mais \u00e9galement jour d&rsquo;\u00e9lection r\u00e9gionale. Je vais vous faire part d&rsquo;une \u00e9lection un peu sp\u00e9ciale : celle de Corse.<\/p>\n<p>Commen\u00e7ons\u00a0d&rsquo;abord par observ\u00e9 les r\u00e9sultats :<\/p>\n<p><a href=\"http:\/\/vpmedias.fr\/?attachment_id=15846\" rel=\"attachment wp-att-15846\"><img loading=\"lazy\" decoding=\"async\" class=\"aligncenter size-full wp-image-15846\" alt=\"election corse\" src=\"http:\/\/vpmedias.fr\/wp-content\/uploads\/2013\/03\/election-corse.png\" width=\"498\" height=\"208\" srcset=\"https:\/\/vpmedias.fr\/wp-content\/uploads\/2013\/03\/election-corse.png 498w, https:\/\/vpmedias.fr\/wp-content\/uploads\/2013\/03\/election-corse-150x62.png 150w, https:\/\/vpmedias.fr\/wp-content\/uploads\/2013\/03\/election-corse-300x125.png 300w\" sizes=\"auto, (max-width: 498px) 100vw, 498px\" \/><\/a><\/p>\n<p>Bon d\u00e9j\u00e0 premi\u00e8re remarque, peut importante\u00a0certes\u00a0mais aucun des candidats ne sont dans 3 partis du classement ( seulement apr\u00e8s 1h40 des r\u00e9sultats ). Deuxi\u00e8me remarque, plus importante c&rsquo;est qu&rsquo;il n&rsquo;y a pas de 3\u00e8me candidat, \u00e9trange en sachant que la corse compte 6 postes possibles. Et derni\u00e8re remarque, elle est de taille celle-ci c&rsquo;est bien\u00a0\u00e9videmment\u00a0le score de Bxbou, plus de 97,81% ( certainement un des reccords du jeu ^^).<\/p>\n<p>&nbsp;<\/p>\n<p>Maintenant observons les deux palmar\u00e8s de ces deux candidats :<\/p>\n<p><a href=\"http:\/\/vpmedias.fr\/?attachment_id=15847\" rel=\"attachment wp-att-15847\"><img loading=\"lazy\" decoding=\"async\" class=\"aligncenter size-full wp-image-15847\" alt=\"palmares bxbou\" src=\"http:\/\/vpmedias.fr\/wp-content\/uploads\/2013\/03\/palmares-bxbou.png\" width=\"465\" height=\"345\" srcset=\"https:\/\/vpmedias.fr\/wp-content\/uploads\/2013\/03\/palmares-bxbou.png 465w, https:\/\/vpmedias.fr\/wp-content\/uploads\/2013\/03\/palmares-bxbou-150x111.png 150w, https:\/\/vpmedias.fr\/wp-content\/uploads\/2013\/03\/palmares-bxbou-300x222.png 300w\" sizes=\"auto, (max-width: 465px) 100vw, 465px\" \/><\/a><\/p>\n<p><a href=\"http:\/\/vpmedias.fr\/?attachment_id=15848\" rel=\"attachment wp-att-15848\"><img loading=\"lazy\" decoding=\"async\" class=\"aligncenter size-full wp-image-15848\" alt=\"palmares weedman\" src=\"http:\/\/vpmedias.fr\/wp-content\/uploads\/2013\/03\/palmares-weedman.png\" width=\"466\" height=\"345\" srcset=\"https:\/\/vpmedias.fr\/wp-content\/uploads\/2013\/03\/palmares-weedman.png 466w, https:\/\/vpmedias.fr\/wp-content\/uploads\/2013\/03\/palmares-weedman-150x111.png 150w, https:\/\/vpmedias.fr\/wp-content\/uploads\/2013\/03\/palmares-weedman-300x222.png 300w\" sizes=\"auto, (max-width: 466px) 100vw, 466px\" \/><\/a>Et la surprise, aucun des deux candidats ne sont \u00e9toil\u00e9s dans la r\u00e9gion<\/p>\n<p>La r\u00e9ponse \u00e0 cette \u00e9nigme ce trouve en effet sur une autre page du site : les historiques de villes<\/p>\n<p>Ajaccio :<\/p>\n<ul>\n<li>Election du 07\/02\/2013<br \/>\n<h3>Rappel consignes de vote<\/h3>\n<p><b>clcle<\/b>\u00a0invite ses \u00e9lecteurs \u00e0 voter pour United<br \/>\n<b>spendzst<\/b>\u00a0invite ses \u00e9lecteurs \u00e0 voter pour United<br \/>\n<b>vik<\/b>\u00a0invite ses \u00e9lecteurs \u00e0 voter pour Bugs Maniacs<br \/>\n<b>jebus<\/b>\u00a0invite ses \u00e9lecteurs \u00e0 voter pour parti de patriote<br \/>\n<b>vpman<\/b>\u00a0invite ses \u00e9lecteurs \u00e0 voter pour Bugs Maniacs<\/p>\n<h3>R\u00e9sultat \u00e9lections Ajaccio<\/h3>\n<p>Abstention\u00a0<b>45.92 %<\/b><\/li>\n<li>parti de patriote (<b>patriote<\/b>) :\u00a0<b>38.82 %<\/b><\/li>\n<li>Bugs Maniacs (<b>bxbou<\/b>) :\u00a0<b>37.03 %<\/b><\/li>\n<li>United (<b>nashville<\/b>) :\u00a0<b>24.16 %<\/b><br \/>\n<hr \/>\n<p>La liste\u00a0<b>parti de patriote<\/b>\u00a0gagne la mairie de Ajaccio \u00e0 l&rsquo;\u00e9lection \u00e0 DEUX tours, avec 38.82% des suffrages exprim\u00e9s<br \/>\nLe leader Jean-Marie Lipone endosse l&rsquo;\u00e9charpe de maire<br \/>\nLa liste\u00a0<b>Bugs Maniacs<\/b>\u00a0gagne un poste de conseiller municipal, avec 37.03% des suffrages exprim\u00e9s<br \/>\nLe leader Conchita tabinane (bxbou) est conseiller municipal<br \/>\nLe leader ludu ultimus (<b>jebus<\/b>) est maire-adjoint<\/p>\n<p>Election du 01\/03\/2013<\/p>\n<h3>Rappel consignes de vote<\/h3>\n<p><b>mateur<\/b>\u00a0invite ses \u00e9lecteurs \u00e0 voter pour La belle(snow) et les b\u00eates<br \/>\n<b>altaria<\/b>\u00a0invite ses \u00e9lecteurs \u00e0 voter pour Les Dictateurs Bienfaiteurs<br \/>\n<b>vpman<\/b>\u00a0invite ses \u00e9lecteurs \u00e0 voter pour MaxSapero<br \/>\n<b>laracaille<\/b>\u00a0invite ses \u00e9lecteurs \u00e0 voter pour Bugs Maniacs<\/p>\n<h3>R\u00e9sultat \u00e9lections Ajaccio<\/h3>\n<p>Abstention\u00a0<b>20.78 %<\/b><\/li>\n<li>La belle(snow) et les b\u00eates (<b>snowwhite<\/b>) :\u00a0<b>31.63 %<\/b><\/li>\n<li>Les Dictateurs Bienfaiteurs (<b>caporal<\/b>) :\u00a0<b>27.85 %<\/b><\/li>\n<li>MaxSapero (<b>yotis<\/b>) :\u00a0<b>25.36 %<\/b><\/li>\n<li>Bugs Maniacs (<b>bxbou<\/b>) :\u00a0<b>15.16 %<\/b><br \/>\n<hr \/>\n<p>La liste\u00a0<b>La belle(snow) et les b\u00eates<\/b>\u00a0gagne la mairie de Ajaccio \u00e0 l&rsquo;\u00e9lection \u00e0 DEUX tours, avec 31.63% des suffrages exprim\u00e9s<br \/>\nLe leader blanche-neige endosse l&rsquo;\u00e9charpe de maire<br \/>\nLa liste\u00a0<b>Les Dictateurs Bienfaiteurs<\/b>\u00a0gagne un poste de conseiller municipal, avec 27.85% des suffrages exprim\u00e9s<br \/>\nLe leader Val\u00e9rie digecr (caporal) est conseiller municipal<br \/>\nLe leader V\u00e9ronique ranothuteaux (<b>mateur<\/b>) est maire-adjoint<\/li>\n<\/ul>\n<p>Porto-Vecchio :<\/p>\n<ul>\n<li>Election du 14\/02\/2013<br \/>\n<h3>R\u00e9sultat \u00e9lections Porto-Vecchio<\/h3>\n<p>Abstention\u00a0<b>29.87 %<\/b><\/li>\n<li>Les Francs Pas Cons (<b>weedman<\/b>) :\u00a0<b>47.15 %<\/b><\/li>\n<li>parti de nump (<b>nump<\/b>) :\u00a0<b>37.15 %<\/b><\/li>\n<li>parti de meleophey (<b>meleophey<\/b>) :\u00a0<b>15.71 %<\/b><br \/>\n<hr \/>\n<p>La liste\u00a0<b>Les Francs Pas Cons<\/b>\u00a0gagne la mairie de Porto-Vecchio \u00e0 l&rsquo;\u00e9lection \u00e0 DEUX tours, avec 47.15% des suffrages exprim\u00e9s<br \/>\nLe leader Edwige kuri endosse l&rsquo;\u00e9charpe de maire<br \/>\nLa liste\u00a0<b>parti de nump<\/b>\u00a0gagne un poste de conseiller municipal, avec 37.15% des suffrages exprim\u00e9s<br \/>\nLe leader Prisca padeta (nump) est conseiller municipal<br \/>\nLe leader Gertrude hoco (<b>meleophey<\/b>) est maire-adjoint<\/p>\n<p>Election du 01\/03\/2013<\/p>\n<h3>R\u00e9sultat \u00e9lections Porto-Vecchio<\/h3>\n<p>Abstention\u00a0<b>35.78 %<\/b><\/li>\n<li>parti de sakotao (<b>sakotao<\/b>) :\u00a0<b>42.14 %<\/b><\/li>\n<li>parti de chalkoutline (<b>chalkoutline<\/b>) :\u00a0<b>23.48 %<\/b><\/li>\n<li>parti de clepolo (<b>clepolo<\/b>) :\u00a0<b>17.21 %<\/b><\/li>\n<li>parti de khalifus (<b>khalifus<\/b>) :\u00a0<b>17.17 %<\/b><br \/>\n<hr \/>\n<p>La liste\u00a0<b>parti de sakotao<\/b>\u00a0gagne la mairie de Porto-Vecchio \u00e0 l&rsquo;\u00e9lection \u00e0 DEUX tours, avec 42.14% des suffrages exprim\u00e9s<br \/>\nLe leader Hans tefanloo endosse l&rsquo;\u00e9charpe de maire<br \/>\nLa liste\u00a0<b>parti de chalkoutline<\/b>\u00a0gagne un poste de conseiller municipal, avec 23.48% des suffrages exprim\u00e9s<br \/>\nLe leader () est conseiller municipal<br \/>\nLe leader Modeste tese (<b>odobin<\/b>) est maire-adjoint<\/li>\n<\/ul>\n<p>On remarque en effet que le second tour pour ces deux villes \u00e0 eu lieu aujourd&rsquo;hui m\u00eame.<\/p>\n<p>Or, les \u00e9lections r\u00e9gionales qui ont certainement lieu \u00e0 minuit pile. Pour les mairies c&rsquo;est un peu plus compliqu\u00e9 puisqu&rsquo;on a\u00a0acc\u00e8s\u00a0au r\u00e9sultats pas avant 00:02. C&rsquo;est ce petit d\u00e9calage de quelques minutes qui a valu \u00e0 Bxbou d&rsquo;\u00eatre \u00e9lu \u00e0 la pr\u00e9sidence de la r\u00e9gion car il \u00e9tait toujours \u00e9toil\u00e9s\u00a0jusqu\u2019\u00e0\u00a0l&rsquo;annonce des r\u00e9sultats d&rsquo;Ajaccio.<\/p>\n<p>&nbsp;<\/p>\n<p>Mais maintenant comment \u00e9viter que ce probl\u00e8me ce reproduise \u00e0 l&rsquo;avenir ?<\/p>\n<p>Peut\u00a0\u00eatre une \u00e9lection r\u00e9gionale un peu plus tard lorsque les \u00e9lections municipales soit termin\u00e9 ?<\/p>\n<p>En tout cette explication n&rsquo;explique toujours pas ce score ni pourquoi il n&rsquo;y a pas eu de 3\u00e8me candidat.<\/p>\n","protected":false},"excerpt":{"rendered":"<p>Aujourd&rsquo;hui, 1er Mars 2013, premier jour du Printemps pour les m\u00e9t\u00e9orologues mais \u00e9galement jour d&rsquo;\u00e9lection r\u00e9gionale. Je vais vous faire part d&rsquo;une \u00e9lection un peu sp\u00e9ciale : celle de Corse. Commen\u00e7ons\u00a0d&rsquo;abord par observ\u00e9 les r\u00e9sultats : Bon d\u00e9j\u00e0 premi\u00e8re remarque, peut importante\u00a0certes\u00a0mais aucun des candidats ne sont dans 3 partis du classement ( seulement apr\u00e8s [&hellip;]<\/p>\n","protected":false},"author":91,"featured_media":0,"comment_status":"open","ping_status":"open","sticky":false,"template":"","format":"standard","meta":{"site-container-style":"default","site-container-layout":"default","site-sidebar-layout":"default","disable-article-header":"default","disable-site-header":"default","disable-site-footer":"default","disable-content-area-spacing":"default","footnotes":""},"categories":[268],"tags":[45,541],"class_list":["post-15845","post","type-post","status-publish","format-standard","hentry","category-4-breves","tag-campagne","tag-elections-regionales"],"_links":{"self":[{"href":"https:\/\/vpmedias.fr\/index.php?rest_route=\/wp\/v2\/posts\/15845","targetHints":{"allow":["GET"]}}],"collection":[{"href":"https:\/\/vpmedias.fr\/index.php?rest_route=\/wp\/v2\/posts"}],"about":[{"href":"https:\/\/vpmedias.fr\/index.php?rest_route=\/wp\/v2\/types\/post"}],"author":[{"embeddable":true,"href":"https:\/\/vpmedias.fr\/index.php?rest_route=\/wp\/v2\/users\/91"}],"replies":[{"embeddable":true,"href":"https:\/\/vpmedias.fr\/index.php?rest_route=%2Fwp%2Fv2%2Fcomments&post=15845"}],"version-history":[{"count":4,"href":"https:\/\/vpmedias.fr\/index.php?rest_route=\/wp\/v2\/posts\/15845\/revisions"}],"predecessor-version":[{"id":15852,"href":"https:\/\/vpmedias.fr\/index.php?rest_route=\/wp\/v2\/posts\/15845\/revisions\/15852"}],"wp:attachment":[{"href":"https:\/\/vpmedias.fr\/index.php?rest_route=%2Fwp%2Fv2%2Fmedia&parent=15845"}],"wp:term":[{"taxonomy":"category","embeddable":true,"href":"https:\/\/vpmedias.fr\/index.php?rest_route=%2Fwp%2Fv2%2Fcategories&post=15845"},{"taxonomy":"post_tag","embeddable":true,"href":"https:\/\/vpmedias.fr\/index.php?rest_route=%2Fwp%2Fv2%2Ftags&post=15845"}],"curies":[{"name":"wp","href":"https:\/\/api.w.org\/{rel}","templated":true}]}}