{"id":15918,"date":"2013-03-08T00:04:46","date_gmt":"2013-03-07T22:04:46","guid":{"rendered":"http:\/\/vpmedias.fr\/?p=15918"},"modified":"2013-03-08T00:04:46","modified_gmt":"2013-03-07T22:04:46","slug":"des-nouvelles-de-paris","status":"publish","type":"post","link":"https:\/\/vpmedias.fr\/?p=15918","title":{"rendered":"Des nouvelles de Paris !"},"content":{"rendered":"<h3>R\u00e9sultat 1er tour Paris<\/h3>\n<p>Abstention 24.21 %<\/p>\n<p>1. arfenus Parti en Live 17.05 % (allie joecafard)<\/p>\n<p>2. felenon F\u00e9lonie va au lit ! 14.44 % (allie wolfi)<\/p>\n<p>3. dens \\\u00a0\u00bbLes Joyeux Auvergnats\\\u00a0\u00bb 10.52 % (allie davalapero)<\/p>\n<p>4. darkcool La Licorne C\u00e9l\u00e9ste 9.2 % (allie fernandraynaud)<\/p>\n<p>5. mrtoto Murder Incorporated 7.92 % (allie ake)<\/p>\n<p>6. joecafard Union des Cafards S\u00e9duisants 7.89 % (allie arfenus)<\/p>\n<p>7. jistery les Gauchos R\u00e9actionnaires 5.3 % (allie recco)<\/p>\n<p>8. fernandraynaud Les Cat\\&rsquo;s Eyes 5.26 % (allie darkcool)<\/p>\n<p>9. davalapero Parti Orgasmique 5.25 % (allie dens)<\/p>\n<p>10. wolfi La Communaut\u00e9 de l\\&rsquo;Agneau 5.24 % (allie felenon)<\/p>\n<p>11. mimmylaminoune Parti en Couille 4 %<\/p>\n<p>12. recco Parti des Heureux Conqu\u00e9rants 3.98 % (allie jistery)<\/p>\n<p>13. batha Les Tontons Flingueurs 3.96 %<\/p>\n<div align=\"justify\">\n<h3>Rappel consignes de vote<\/h3>\n<p><b>darkcool<\/b> invite ses \u00e9lecteurs \u00e0 voter pour \u00ab\u00a0Les Joyeux Auvergnats\u00a0\u00bb<br \/>\n<b>ake<\/b> invite ses \u00e9lecteurs \u00e0 voter pour F\u00e9lonie va au lit !<br \/>\n<b>jistery<\/b> invite ses \u00e9lecteurs \u00e0 voter pour Parti en Live<br \/>\n<b>joecafard<\/b> invite ses \u00e9lecteurs \u00e0 voter pour Parti en Live<br \/>\n<b>batha<\/b> invite ses \u00e9lecteurs \u00e0 voter pour Parti en Live<br \/>\n<b>davalapero<\/b> invite ses \u00e9lecteurs \u00e0 voter pour \u00ab\u00a0Les Joyeux Auvergnats\u00a0\u00bb<br \/>\n<b>fernandraynaud<\/b> invite ses \u00e9lecteurs \u00e0 voter pour Parti en Live<br \/>\n<b>mrtoto<\/b> invite ses \u00e9lecteurs \u00e0 voter pour \u00ab\u00a0Les Joyeux Auvergnats\u00a0\u00bb<br \/>\n<b>mimmylaminoune<\/b> invite ses \u00e9lecteurs \u00e0 voter pour F\u00e9lonie va au lit !<br \/>\n<b>wolfi<\/b> invite ses \u00e9lecteurs \u00e0 voter pour F\u00e9lonie va au lit !<\/p>\n<h3>R\u00e9sultat \u00e9lections Paris<\/h3>\n<p>Abstention <b>17.08 %<\/b><\/p>\n<ul>\n<li>Parti en Live (<b>arfenus<\/b>) : <b>35.36 %<\/b><\/li>\n<li>F\u00e9lonie va au lit ! (<b>felenon<\/b>) : <b>32.94 %<\/b><\/li>\n<li>\u00ab\u00a0Les Joyeux Auvergnats\u00a0\u00bb (<b>dens<\/b>) : <b>31.7 %<\/b><br \/>\n<hr \/>\n<p>La liste <b>Parti en Live<\/b> gagne la mairie de Paris \u00e0 l&rsquo;\u00e9lection \u00e0 DEUX tours, avec 35.36% des suffrages exprim\u00e9s<br \/>\nLe leader Armand Vire endosse l&rsquo;\u00e9charpe de maire<br \/>\nLa liste <b>F\u00e9lonie va au lit !<\/b> gagne un poste de conseiller municipal, avec 32.94% des suffrages exprim\u00e9s<br \/>\nLe leader Sylvie Ill\u00e9pamor (felenon) est conseiller municipal<br \/>\nLe leader Juninho Pernambucano (<b>joecafard<\/b>) est maire-adjoint<\/li>\n<\/ul>\n<\/div>\n<hr \/>\n<p><em>A lire de bas en haut<\/em>.<\/p>\n<p>(<a href=\"#debut\">aller au d\u00e9but de la discussion<\/a>)<\/p>\n<p><a href=\"http:\/\/vpmedias.fr\/?attachment_id=15921\" rel=\"attachment wp-att-15921\"><img loading=\"lazy\" decoding=\"async\" class=\"aligncenter size-full wp-image-15921\" alt=\"Paris\" src=\"http:\/\/vpmedias.fr\/wp-content\/uploads\/2013\/03\/Paris.png\" width=\"450\" height=\"4431\" \/><\/a><\/p>\n<p><strong>[&#8230;]<\/strong><\/p>\n<p style=\"text-align: justify;\">De <strong>fernandraynaud<\/strong> le 01\/03 \u00e0 13:39<\/p>\n<p style=\"text-align: justify;\">Oulah, \u00e7a s&rsquo;est excit\u00e9 ici. ^^<\/p>\n<p style=\"text-align: justify;\">De <strong>darkcool<\/strong> le 01\/03 \u00e0 11:22<br \/>\nLol merci fele pour tes cadeaux fr\u00e9quents j&rsquo;avais un doute mais voil\u00e0 dissip\u00e9.<\/p>\n<p style=\"text-align: justify;\">toujours le m\u00eame un joueur plein de cr\u00e9dit sans cr\u00e9dit !<\/p>\n<p style=\"text-align: justify;\">De <strong>felenon<\/strong> le 01\/03 \u00e0 08:28<br \/>\n:p<\/p>\n<p style=\"text-align: justify;\">Non, Dens, j&rsquo;ai balanc\u00e9 une seule valise. Le reste, ce n&rsquo;est pas moi :). Je suis \u00e9conome. Et en parlant pr\u00eater foi aux dires des autres hein ;)<\/p>\n<p style=\"text-align: justify;\">De <strong>dens<\/strong> le 01\/03 \u00e0 08:11<br \/>\nAh bah je sais !<br \/>\nComme quoi, on peut apporter beaucoup de cr\u00e9dit aux propos de mon corrupteur !<\/p>\n<p style=\"text-align: justify;\">Nickel, voil\u00e0 qui va me remotiver ;-)<\/p>\n<p style=\"text-align: justify;\">De <strong>ake<\/strong> le 28\/02 \u00e0 22:07<br \/>\nLes gars j&rsquo;ai un mitting dans 5 jours ca sert a quoi de me valiser ?<\/p>\n<p style=\"text-align: justify;\">De <strong>darkcool<\/strong> le 28\/02 \u00e0 21:34<br \/>\nbah tu peux demande a de nombreux anciens je n&rsquo;ai pas changer ma facon de jouer<\/p>\n<p style=\"text-align: justify;\">je me suis beaucoup battus contre les magouilles et si je rentre dans des grands partis avec mes autres pseudos c&rsquo;est qu&rsquo;ils me font confiance ^^<\/p>\n<p style=\"text-align: justify;\">De <strong>jistery<\/strong> le 28\/02 \u00e0 21:32<br \/>\nSi c&rsquo;est vrai, je me retournerai vers mes autres suspects ! Dont certains qui sont arrang\u00e9s<\/p>\n<p style=\"text-align: justify;\">De <strong>darkcool<\/strong> le 28\/02 \u00e0 21:21<br \/>\nqui moi O_o je dis jamais ca lool<\/p>\n<p style=\"text-align: justify;\">moi pour ceux qui me connaissent je suis pas comme ca<\/p>\n<p style=\"text-align: justify;\">cest completement faux ce que tu raconte jistery je demande jamais pour les fo O_o<br \/>\nni les caisse ou juste par hmour<\/p>\n<p style=\"text-align: justify;\">De <strong>jistery<\/strong> le 28\/02 \u00e0 19:19<br \/>\nMoi aussi je tente juste de conserver 5% pour conserver mon remboursement et partir.<br \/>\nSi je nomme darkcool c&rsquo;est qu&rsquo;il posait des questions \u00e0 mon tr\u00e9sorier \u00ab\u00a0votre parti est riche ?\u00a0\u00bb \u00ab\u00a0vous avez des FO en cours ?\u00a0\u00bb<br \/>\nJe trouve \u00e7a suspect.<\/p>\n<p style=\"text-align: justify;\">De <strong>joecafard<\/strong> le 28\/02 \u00e0 16:49<br \/>\nC&rsquo;est de ta faute Dens avoue :p<\/p>\n<p style=\"text-align: justify;\">De <strong>dens<\/strong> le 28\/02 \u00e0 16:41<br \/>\nAh bah Jistery, \u00e7a m&rsquo;arrange ce que tu dis, puisqu&rsquo;ainsi, \u00e7a sera pas mon meeting corrompu dans le journal, mais ton FO d\u00e9gomm\u00e9 !^^<\/p>\n<p style=\"text-align: justify;\">J&rsquo;esp\u00e8re vraiment que celui qui va me prendre ma salle demain est arm\u00e9 pour la suite ;-)<\/p>\n<p style=\"text-align: justify;\">(Et quand je parle de la suite, pour info, je suis en campagne ici depuis grosso-modo deux ans non stop, moins de br\u00e8ves pauses, donc je parle pas que de la fin de la campagne ! Et en plus, je suis pas tr\u00e8s riche, mais blind\u00e9 de cr\u00e9dits, par contre !^^)<\/p>\n<p style=\"text-align: justify;\">De <strong>joecafard<\/strong> le 28\/02 \u00e0 16:33<br \/>\nPerso, si on me laisse tranquille, je reste tranquille. D\u00e9j\u00e0 que mon budget est serr\u00e9 et que je me bat tant bien que mal pour obtenir les 5% avec mes petits moyens, je ne vais pas entrer dans le cercle vicieux de la corruption.<\/p>\n<p style=\"text-align: justify;\">Bon courage aux \u00ab\u00a0justiciers\u00a0\u00bb !<\/p>\n<p style=\"text-align: justify;\">De <strong>jistery<\/strong> le 28\/02 \u00e0 16:26<br \/>\nC&rsquo;est le nom le plus justifi\u00e9, j&rsquo;aimerai bien savoir si c&rsquo;est vrai et moi aussi les raisons.<\/p>\n<p style=\"text-align: justify;\">De <strong>jistery<\/strong> le 28\/02 \u00e0 16:22<br \/>\nAh si, le pr\u00e9fet vient d\u2019\u00e9pingler mon parti.<br \/>\nJ&rsquo;ai d\u00e9j\u00e0 un nom : darckool.<\/p>\n<p style=\"text-align: justify;\">De <strong>jistery<\/strong> le 28\/02 \u00e0 16:21<br \/>\nIdem<\/p>\n<p style=\"text-align: justify;\">De <strong>recco<\/strong> le 28\/02 \u00e0 15:59<br \/>\nSi c&rsquo;est ca ils sont pas tres malins&#8230;<\/p>\n<p style=\"text-align: justify;\">En tout cas chui pas concern\u00e9 moi personne m&rsquo;a corrompu et j&rsquo;ai corrompu personne xD<\/p>\n<p style=\"text-align: justify;\">Un vrai fantome xD<\/p>\n<p style=\"text-align: justify;\">De <strong>mrtoto<\/strong> le 28\/02 \u00e0 15:52<br \/>\nOu que les petits se tapent entre eux &#8230;<\/p>\n<p style=\"text-align: justify;\">De <strong>recco<\/strong> le 28\/02 \u00e0 15:50<br \/>\nSi \u00e7a tape sur les petits des sondages c&rsquo;est que c&rsquo;est les gros qui tapent non :) ?<\/p>\n<p style=\"text-align: justify;\">De <strong>dens<\/strong> le 28\/02 \u00e0 10:49<br \/>\nOui, tout \u00e7a me laisse&#8230;.dubitatif !<\/p>\n<p style=\"text-align: justify;\">Pourquoi attaque t&rsquo;on prioritairement \u00e0 9, 6 et 5% ?<\/p>\n<p style=\"text-align: justify;\">Bon, perso&rsquo;, j&rsquo;aime bien quand \u00e7a s&rsquo;agite un peu, \u00e7a ronfle trop sinon&#8230;.<\/p>\n<p style=\"text-align: justify;\">Et perso&rsquo;, mes meetings arrivent, \u00e7a peut \u00eatre une bonne raison&#8230;.<\/p>\n<p style=\"text-align: justify;\">Mais je me demande si c&rsquo;est vraiment judicieux ?<br \/>\nParce que si mon corrupteur finit par choper ma place du march\u00e9, \u00e7a lui aura co\u00fbt\u00e9 un bras, en tous cas, plus qu&rsquo;\u00e0 moi, et probablement plus que son meeting ainsi r\u00e9cup\u00e9r\u00e9 !<br \/>\nEt l\u00e0 ou \u00e7a risque de lui co\u00fbter encore plus, c&rsquo;est \u00e0 l&rsquo;entre-deux-tours, sans compter que je lui souhaite d&rsquo;avoir pr\u00e9vu large en primes, une fois le m\u00e9fait commis !^^<\/p>\n<p style=\"text-align: justify;\">Il f\u00fbt un temps pas si lointain ou \u00e7a bougeait pas une oreille, \u00e0 Paris&#8230;.<br \/>\nC&rsquo;\u00e9tait peinard, un grenier \u00e0 plakass&#8230;.<br \/>\nMaintenant, ce n&rsquo;est plus le cas, je pense qu&rsquo;\u00e0 beaucoup, \u00e7a co\u00fbte plus que \u00e7a rapporte !<\/p>\n<p style=\"text-align: justify;\">Et apr\u00e8s, \u00e7a se plaint de la crise !<\/p>\n<p style=\"text-align: justify;\">Bref, tout \u00e7a me laisse dubitatif, et m&rsquo;amuse un peu !<\/p>\n<p style=\"text-align: justify;\">De <strong>darkcool<\/strong> le 28\/02 \u00e0 09:02<br \/>\nJe pr\u00e9pare mes valise moi aussi pour celui qui prendra mon meeting :-)<\/p>\n<p style=\"text-align: justify;\">De <strong>davalapero<\/strong> le 26\/02 \u00e0 17:25<br \/>\nSi le ou les (car doit y en avoir plusieurs) sinistres individus qui s\u00e9questrent mes leaders pouvaient me contacter.<\/p>\n<p style=\"text-align: justify;\">De <strong>recco<\/strong> le 26\/02 \u00e0 00:30<br \/>\nAh oui c&rsquo;est marrant \u00e7a tiens XD<\/p>\n<p style=\"text-align: justify;\">De <strong>wolfi<\/strong> le 26\/02 \u00e0 00:15<br \/>\nTiens, personne au-dessus de 10%, est-ce une premi\u00e8re ?<\/p>\n<p style=\"text-align: justify;\">De <strong>darkcool<\/strong> le 24\/02 \u00e0 11:53<br \/>\narf c&rsquo;est la valse des valises<\/p>\n<p style=\"text-align: justify;\">franchement dans mes souvenirs la campagne a paris etait plus disons le mot courtoise<\/p>\n<p style=\"text-align: justify;\">mais bon l&rsquo;abus de credit rend valiseur ^^<\/p>\n<p style=\"text-align: justify;\">De <strong>jistery<\/strong> le 22\/02 \u00e0 20:26<br \/>\nEn tout cas les affiches tiennent deux jours ! (zut, fallait pas le dire)<\/p>\n<p style=\"text-align: justify;\">De <strong>joecafard<\/strong> le 22\/02 \u00e0 20:23<br \/>\naaah nostalgie quand tu nous tiens<\/p>\n<p style=\"text-align: justify;\">De <strong>felenon<\/strong> le 22\/02 \u00e0 20:15<br \/>\nEnfin bon, ces attaques sont bizarres et pas tr\u00e8s strat\u00e9giques. Je ne vois pas trop le lien entre moi, Batha et Dens non plus \u00e0 moins qu il y ait deux groupes diff\u00e9rents&#8230;<\/p>\n<p style=\"text-align: justify;\">En m\u00e8me temps et je le dis sans vouloir faire de provoc, \u00e7a m arrange bien. J aimerais bien que quelqu un me pique un meeting. Ca me rappellerait ma folle jeunesse :).<\/p>\n<p style=\"text-align: justify;\">De <strong>mrtoto<\/strong> le 22\/02 \u00e0 20:09<br \/>\nBen moi, le matin, j&rsquo;appr\u00e9cie pressade<\/p>\n<p style=\"text-align: justify;\">De <strong>dens<\/strong> le 22\/02 \u00e0 20:07<br \/>\nBen moi, j&rsquo;ai deux meetings ce soir, et un autre dans sept jours, je crois&#8230;.<\/p>\n<p style=\"text-align: justify;\">Du coup, j&rsquo;ai cal\u00e9 un local du parti sur le lead&rsquo; qui a ma salle potentiellement inquiet\u00e9e dans cinq jours&#8230;.<\/p>\n<p style=\"text-align: justify;\">Ce qui m&rsquo;a co\u00fbt\u00e9 46.000&#8230;.<br \/>\nPour une paix quasi royale&#8230;.<br \/>\nBah, \u00e7a va :)<\/p>\n<p style=\"text-align: justify;\">De <strong>jistery<\/strong> le 22\/02 \u00e0 19:26<br \/>\nNon mais quand je disais qu&rsquo;on m&rsquo;avais d\u00e9j\u00e0 fait le coup, je ne te visais pas toi :) Je piquerai la salle (une chance de 0,001% je suppose) \u00e0 la sph\u00e8re englobant ces personnes<a name=\"debut\"><\/a><\/p>\n","protected":false},"excerpt":{"rendered":"<p>Notre envoy\u00e9 tr\u00e8s sp\u00e9cial \u00e0 Paris a des nouvelles fra\u00eeches pour nous. A vous de vous faire votre opinion !<\/p>\n","protected":false},"author":35,"featured_media":0,"comment_status":"open","ping_status":"open","sticky":false,"template":"","format":"standard","meta":{"site-container-style":"default","site-container-layout":"default","site-sidebar-layout":"default","disable-article-header":"default","disable-site-header":"default","disable-site-footer":"default","disable-content-area-spacing":"default","footnotes":""},"categories":[302],"tags":[45,46],"class_list":["post-15918","post","type-post","status-publish","format-standard","hentry","category-5-la-tribune-libre","tag-campagne","tag-paris"],"_links":{"self":[{"href":"https:\/\/vpmedias.fr\/index.php?rest_route=\/wp\/v2\/posts\/15918","targetHints":{"allow":["GET"]}}],"collection":[{"href":"https:\/\/vpmedias.fr\/index.php?rest_route=\/wp\/v2\/posts"}],"about":[{"href":"https:\/\/vpmedias.fr\/index.php?rest_route=\/wp\/v2\/types\/post"}],"author":[{"embeddable":true,"href":"https:\/\/vpmedias.fr\/index.php?rest_route=\/wp\/v2\/users\/35"}],"replies":[{"embeddable":true,"href":"https:\/\/vpmedias.fr\/index.php?rest_route=%2Fwp%2Fv2%2Fcomments&post=15918"}],"version-history":[{"count":6,"href":"https:\/\/vpmedias.fr\/index.php?rest_route=\/wp\/v2\/posts\/15918\/revisions"}],"predecessor-version":[{"id":15926,"href":"https:\/\/vpmedias.fr\/index.php?rest_route=\/wp\/v2\/posts\/15918\/revisions\/15926"}],"wp:attachment":[{"href":"https:\/\/vpmedias.fr\/index.php?rest_route=%2Fwp%2Fv2%2Fmedia&parent=15918"}],"wp:term":[{"taxonomy":"category","embeddable":true,"href":"https:\/\/vpmedias.fr\/index.php?rest_route=%2Fwp%2Fv2%2Fcategories&post=15918"},{"taxonomy":"post_tag","embeddable":true,"href":"https:\/\/vpmedias.fr\/index.php?rest_route=%2Fwp%2Fv2%2Ftags&post=15918"}],"curies":[{"name":"wp","href":"https:\/\/api.w.org\/{rel}","templated":true}]}}