{"id":15946,"date":"2013-03-08T21:24:40","date_gmt":"2013-03-08T19:24:40","guid":{"rendered":"http:\/\/vpmedias.fr\/?p=15946"},"modified":"2013-03-09T05:47:37","modified_gmt":"2013-03-09T03:47:37","slug":"chamboulement-au-gouvernement","status":"publish","type":"post","link":"https:\/\/vpmedias.fr\/?p=15946","title":{"rendered":"Chamboulement au gouvernement"},"content":{"rendered":"<p style=\"text-align: justify;\">\n<p style=\"text-align: justify;\"><a href=\"http:\/\/vpmedias.fr\/?attachment_id=15950\" rel=\"attachment wp-att-15950\"><img decoding=\"async\" class=\"size-full wp-image-15950 aligncenter\" alt=\"BREVE\" src=\"http:\/\/vpmedias.fr\/wp-content\/uploads\/2013\/03\/BREVE1.bmp\" \/><\/a><\/p>\n<p style=\"text-align: justify;\">Paf. La nouvelle est tomb\u00e9e telle un Krusty sur un v\u00e9lo, qui tente de rouler \u00e0 une vitesse bien trop \u00e9lev\u00e9e pour lui. A la diff\u00e9rence pr\u00e8s que la nouvelle, elle, est intacte.<\/p>\n<p style=\"text-align: justify;\">C&rsquo;est ce mercredi 06 mars que Rataxes l&rsquo;a annonc\u00e9 : il d\u00e9missionne. Alors, est-ce \u00e0 prendre au s\u00e9rieux, ou est-ce son <em>role play<\/em> qui parle ? Doit-on s&rsquo;attendre \u00e0 une mauvaise blague ? Pour l&rsquo;instant, rien n&rsquo;est certain. Toujours est-il que les offres sont nombreuses, et all\u00e9chantes, de la part des VPMiens souhaitant prendre les rennes de la pr\u00e9sidence. Rataxes se plaint des nombreuses critiques qu&rsquo;il re\u00e7oit quotidiennement, en tant que pr\u00e9sident. Il serait le deuxi\u00e8me pr\u00e9sident \u00e0 d\u00e9missionner sur VPM.<\/p>\n<p style=\"text-align: justify;\">Est-ce vraiment s\u00e9rieux ? L&rsquo;avenir nous en dira s\u00fbrement plus.<\/p>\n","protected":false},"excerpt":{"rendered":"<p>Paf. La nouvelle est tomb\u00e9e telle un Krusty sur un v\u00e9lo, qui tente de rouler \u00e0 une vitesse bien trop \u00e9lev\u00e9e pour lui. A la diff\u00e9rence pr\u00e8s que la nouvelle, elle, est intacte. C&rsquo;est ce mercredi 06 mars que Rataxes l&rsquo;a annonc\u00e9 : il d\u00e9missionne. Alors, est-ce \u00e0 prendre au s\u00e9rieux, ou est-ce son role [&hellip;]<\/p>\n","protected":false},"author":48,"featured_media":0,"comment_status":"open","ping_status":"open","sticky":false,"template":"","format":"standard","meta":{"site-container-style":"default","site-container-layout":"default","site-sidebar-layout":"default","disable-article-header":"default","disable-site-header":"default","disable-site-footer":"default","disable-content-area-spacing":"default","footnotes":""},"categories":[268],"tags":[579,292,54],"class_list":["post-15946","post","type-post","status-publish","format-standard","hentry","category-4-breves","tag-demission","tag-gouvernement","tag-president"],"_links":{"self":[{"href":"https:\/\/vpmedias.fr\/index.php?rest_route=\/wp\/v2\/posts\/15946","targetHints":{"allow":["GET"]}}],"collection":[{"href":"https:\/\/vpmedias.fr\/index.php?rest_route=\/wp\/v2\/posts"}],"about":[{"href":"https:\/\/vpmedias.fr\/index.php?rest_route=\/wp\/v2\/types\/post"}],"author":[{"embeddable":true,"href":"https:\/\/vpmedias.fr\/index.php?rest_route=\/wp\/v2\/users\/48"}],"replies":[{"embeddable":true,"href":"https:\/\/vpmedias.fr\/index.php?rest_route=%2Fwp%2Fv2%2Fcomments&post=15946"}],"version-history":[{"count":5,"href":"https:\/\/vpmedias.fr\/index.php?rest_route=\/wp\/v2\/posts\/15946\/revisions"}],"predecessor-version":[{"id":15989,"href":"https:\/\/vpmedias.fr\/index.php?rest_route=\/wp\/v2\/posts\/15946\/revisions\/15989"}],"wp:attachment":[{"href":"https:\/\/vpmedias.fr\/index.php?rest_route=%2Fwp%2Fv2%2Fmedia&parent=15946"}],"wp:term":[{"taxonomy":"category","embeddable":true,"href":"https:\/\/vpmedias.fr\/index.php?rest_route=%2Fwp%2Fv2%2Fcategories&post=15946"},{"taxonomy":"post_tag","embeddable":true,"href":"https:\/\/vpmedias.fr\/index.php?rest_route=%2Fwp%2Fv2%2Ftags&post=15946"}],"curies":[{"name":"wp","href":"https:\/\/api.w.org\/{rel}","templated":true}]}}