{"id":16056,"date":"2013-03-13T13:13:54","date_gmt":"2013-03-13T11:13:54","guid":{"rendered":"http:\/\/vpmedias.fr\/?p=16056"},"modified":"2013-03-14T13:20:39","modified_gmt":"2013-03-14T11:20:39","slug":"verdict-du-tribunal","status":"publish","type":"post","link":"https:\/\/vpmedias.fr\/?p=16056","title":{"rendered":"[Prix Krustytzer] Verdict du Tribunal"},"content":{"rendered":"<p>Si\u00e9geant dans la ville de Li\u00e8ge (Belgique), chef-lieu de la province et de l&rsquo;arrondissement du m\u00eame nom, dans le palais des princes-\u00e9v\u00eaques sp\u00e9cialement r\u00e9quisitionn\u00e9 \u00e0 cet effet ;<\/p>\n<p style=\"text-align: justify;\">Attendu que l&rsquo;accus\u00e9 a d\u00e9but\u00e9 sa carri\u00e8re en s&rsquo;alliant avec le meilleur candidat pour devenir maire-adjoint, d&rsquo;abord \u00e0 Villeneuve-sur-Lot (Aquitaine) avec Xlili qui \u00e9tait la candidate la plus exp\u00e9riment\u00e9e, ensuite \u00e0 Ajaccio (Corse) avec Maxlebon qui \u00e9tait pr\u00e9sident du Conseil r\u00e9gional ;<\/p>\n<p style=\"text-align: justify;\">Attendu qu&rsquo;il a ensuite permis l&rsquo;installation de la dictature de Maxlinders \u00e0 Dijon (Bourgogne) en se reportant au second tour en faveur de celui qui \u00e9tait alors maire de Tours et pr\u00e9sident du Conseil r\u00e9gional du Centre plut\u00f4t que sur Mewine qui lui offrait deux fois plus de cr\u00e9dits ;<\/p>\n<p style=\"text-align: justify;\">Attendu qu&rsquo;il a r\u00e9cidiv\u00e9 lors d&rsquo;une seconde campagne o\u00f9 il devint lui-m\u00eame maire-adjoint ;<\/p>\n<p style=\"text-align: justify;\">Attendu qu&rsquo;il est ensuite all\u00e9 \u00e0 Rouen (Haute Normandie) prendre la succession de Sarkasme o\u00f9 il remporta sa premi\u00e8re mairie en l&#8217;emportant sur Metaphiol au second tour ;<\/p>\n<p style=\"text-align: justify;\">Attendu qu&rsquo;il a r\u00e9cidiv\u00e9 lors d&rsquo;une seconde campagne, cette fois face \u00e0 Xavier ;<\/p>\n<p style=\"text-align: justify;\">Attendu qu&rsquo;il croyait que sa seconde victoire \u00e0 Rouen le propulserait \u00e0 la pr\u00e9sidence du Conseil r\u00e9gional de Haute Normandie alors que le poste est finalement revenu au tr\u00e9sorier de son parti Jamifred, conseiller municipal du Havre ;<\/p>\n<p style=\"text-align: justify;\">Attendu que d\u00e9couvrant une ville du Top 10 \u00e0 Montpellier (Languedoc Roussillon) o\u00f9 plut\u00f4t que de se reporter sur Quintusterminus des Cancres Diplomates qui lui offrait le poste d&rsquo;adjoint, il pr\u00e9f\u00e9ra faire comme tout le monde et soutenir Antijeu du Parti en Live qui lui avait dit qu&rsquo;il ne pourrait pas lui offrir d&rsquo;\u00e9toile, croyant ainsi \u00eatre dans le camp des vainqueurs alors qu&rsquo;au final il a mis\u00e9 sur le mauvais cheval, Quintusterminus l&#8217;emportant sans report et laissant le poste d&rsquo;adjoint \u00e0 son alli\u00e9 Jaquesdefranc qui n&rsquo;avait fait que 2,5% ;<\/p>\n<p style=\"text-align: justify;\">Attendu qu&rsquo;il a ensuite \u00e9t\u00e9 envoy\u00e9 \u00e0 Bordeaux (Aquitaine) o\u00f9 il a manqu\u00e9 le second tour de peu apr\u00e8s avoir grimp\u00e9 jusqu&rsquo;\u00e0 15% dans les sondages o\u00f9 il \u00e9tait alors en deuxi\u00e8me position ;<\/p>\n<p style=\"text-align: justify;\">Attendu que pendant la dizaine de jours o\u00f9 il fut porte-parole de la Success Academy, le seul soutien d&rsquo;un autre parti qu&rsquo;il a n\u00e9goci\u00e9 fut en faveur de sa propre campagne \u00e0 Dijon (Bourgogne) ;<\/p>\n<p style=\"text-align: justify;\">Attendu qu&rsquo;il fut le premier joueur de l&rsquo;histoire de VPM \u00e0 passer de la Success Academy \u00e0 la Success Story et qu&rsquo;il ne sont \u00e0 l&rsquo;heure actuelle que deux \u00e0 l&rsquo;avoir fait, ce qui donne une id\u00e9e de la performance ;<\/p>\n<p style=\"text-align: justify;\">Attendu qu&rsquo;il a inform\u00e9 le forum des r\u00e9sultats des Championnats d&rsquo;Europe masculin et f\u00e9minin de curling de Karlstad (Su\u00e8de) depuis le d\u00e9but jusqu&rsquo;\u00e0 la fin des comp\u00e9titions sans se laisser d\u00e9courager par le manque d&rsquo;int\u00e9r\u00eat manifeste du reste de la communaut\u00e9 pour ce sport olympique ;<\/p>\n<p style=\"text-align: justify;\">Attendu qu&rsquo;il pense r\u00e9cidiver avec le Championnat du monde f\u00e9minin qui doit bient\u00f4t d\u00e9buter \u00e0 Riga (Lettonie) ;<\/p>\n<p style=\"text-align: justify;\">Attendu qu&rsquo;il est un accusateur public d\u00e9vou\u00e9 corps et \u00e2me pour le Tribunal, aimant la controverse et l&rsquo;argumentation avec la partie adverse ;<\/p>\n<p style=\"text-align: justify;\">Attendu qu&rsquo;il trouve que beaucoup trop de monde prend beaucoup trop au s\u00e9rieux les d\u00e9cisions du pr\u00e9sident et de ses ministres r\u00e9unis en gouvernement ;<\/p>\n<p style=\"text-align: justify;\">Par ses motifs :<\/p>\n<p style=\"text-align: justify;\">Condamnons l&rsquo;accus\u00e9 Lenoil \u00e0 rester dans la ville de Bordeaux (Aquitaine) pour les dix prochaines campagnes \u00e0 venir, afin d&rsquo;augmenter l&rsquo;\u00e9lectorat de son parti et tenter de s&#8217;emparer de l&rsquo;\u00e9charpe de maire, ce qui serait une premi\u00e8re pour un membre de la Success Story ;<\/p>\n<p style=\"text-align: justify;\">Le condamnons \u00e9galement \u00e0 \u00eatre ad vitam aeternam l&rsquo;accusateur public attitr\u00e9 du Tribunal de VPM pour y soutenir l&rsquo;accusation avec force d\u00e9tails divers et vari\u00e9s ;<\/p>\n<p style=\"text-align: justify;\">Le condamnons enfin \u00e0 continuer \u00e0 nous informer de ses lubies, que ce soit \u00e0 propos des sports d&rsquo;hiver m\u00e9connus et peu pratiqu\u00e9s dans cette partie du monde, ou tout autre chose qui pourra lui passer par la t\u00eate.<\/p>\n<p style=\"text-align: justify;\">La s\u00e9ance est lev\u00e9e, \u00e0 vos bi\u00e8res !<\/p>\n<p style=\"text-align: justify;\">Fait \u00e0 Li\u00e8ge, au palais des princes-\u00e9v\u00eaques faisant fonction de tribunal, en ce treizi\u00e8me jour du mois de mars de l&rsquo;an 2013.<\/p>\n<p style=\"text-align: center;\"><img loading=\"lazy\" decoding=\"async\" alt=\"\" src=\"http:\/\/1.bp.blogspot.com\/_j7xkQHEYUok\/S-ewW0YQToI\/AAAAAAAAC_w\/9Q4_3RUCJlw\/s1600\/Modigliani_Gris.jpg\" width=\"182\" height=\"269\" \/><\/p>\n<p style=\"text-align: center;\"><em>Portrait de Juan Gris, par Amedeo Modigliani<\/em><\/p>\n","protected":false},"excerpt":{"rendered":"<p>Nous, Roy Bean, secr\u00e9taire d\u2019\u00c9tat \u00e0 la Justice par la gr\u00e2ce du pr\u00e9sident Rataxes et juge du Tribunal de VPM selon la loi d&rsquo;organisation judiciaire ;<\/p>\n","protected":false},"author":35,"featured_media":0,"comment_status":"open","ping_status":"open","sticky":false,"template":"","format":"standard","meta":{"site-container-style":"default","site-container-layout":"default","site-sidebar-layout":"default","disable-article-header":"default","disable-site-header":"default","disable-site-footer":"default","disable-content-area-spacing":"default","footnotes":""},"categories":[302],"tags":[444],"class_list":["post-16056","post","type-post","status-publish","format-standard","hentry","category-5-la-tribune-libre","tag-prix-krustytzer"],"_links":{"self":[{"href":"https:\/\/vpmedias.fr\/index.php?rest_route=\/wp\/v2\/posts\/16056","targetHints":{"allow":["GET"]}}],"collection":[{"href":"https:\/\/vpmedias.fr\/index.php?rest_route=\/wp\/v2\/posts"}],"about":[{"href":"https:\/\/vpmedias.fr\/index.php?rest_route=\/wp\/v2\/types\/post"}],"author":[{"embeddable":true,"href":"https:\/\/vpmedias.fr\/index.php?rest_route=\/wp\/v2\/users\/35"}],"replies":[{"embeddable":true,"href":"https:\/\/vpmedias.fr\/index.php?rest_route=%2Fwp%2Fv2%2Fcomments&post=16056"}],"version-history":[{"count":3,"href":"https:\/\/vpmedias.fr\/index.php?rest_route=\/wp\/v2\/posts\/16056\/revisions"}],"predecessor-version":[{"id":16065,"href":"https:\/\/vpmedias.fr\/index.php?rest_route=\/wp\/v2\/posts\/16056\/revisions\/16065"}],"wp:attachment":[{"href":"https:\/\/vpmedias.fr\/index.php?rest_route=%2Fwp%2Fv2%2Fmedia&parent=16056"}],"wp:term":[{"taxonomy":"category","embeddable":true,"href":"https:\/\/vpmedias.fr\/index.php?rest_route=%2Fwp%2Fv2%2Fcategories&post=16056"},{"taxonomy":"post_tag","embeddable":true,"href":"https:\/\/vpmedias.fr\/index.php?rest_route=%2Fwp%2Fv2%2Ftags&post=16056"}],"curies":[{"name":"wp","href":"https:\/\/api.w.org\/{rel}","templated":true}]}}