{"id":16147,"date":"2013-03-30T14:59:19","date_gmt":"2013-03-30T12:59:19","guid":{"rendered":"http:\/\/vpmedias.fr\/?p=16147"},"modified":"2013-03-30T14:59:19","modified_gmt":"2013-03-30T12:59:19","slug":"prix-krustytzer-un-visage-familier","status":"publish","type":"post","link":"https:\/\/vpmedias.fr\/?p=16147","title":{"rendered":"[Prix Krustytzer] Un visage familier"},"content":{"rendered":"<p style=\"text-align: justify;\">Il y a des mimiques aussi ; les miennes. Ces visages ce sont les miens. Ces photographies mettent en sc\u00e8ne mon enfance. C\u2019est de cet enfant dont je veux parler. \u00c0 peu de choses pr\u00e8s, le jeu est un autre, je ne suis plus un gamin mais je ne l\u2019ai jamais \u00e9t\u00e9. Mon enfance ne m\u2019appartient pas, elle m\u2019\u00e9chappe toujours ou plut\u00f4t j\u2019ai tent\u00e9 de la fuir.<\/p>\n<p style=\"text-align: justify;\">Je ne peux rendre hommage \u00e0 quiconque si je ne me souviens pas ne serait-ce qu\u2019une seconde de cet enfant. Ce n\u2019est pas vraiment un autoportrait ni m\u00eame un portrait. Il n\u2019y a pas de contours, il n\u2019y a pas de couleurs, seuls me viennent en t\u00eate ces mots compulsifs, ces couloirs.<\/p>\n<p style=\"text-align: justify;\">Des couloirs, j\u2019en parcourais tous les jours. L\u2019enfance gambade et se fige prisonni\u00e8re au fil des prisons qui l\u2019entourent. Mes barreaux, mes cachots, mes cages dor\u00e9es sont autant d\u2019entraves qui scellaient mon esprit et finalement mes l\u00e8vres. Les autres \u00e9taient peut-\u00eatre trop sourds ou moi trop silencieux. On m\u2019avait dit de me taire une fois et je me suis tu. Tout \u00e9tait un flot de trop et de pas assez.<\/p>\n<p style=\"text-align: justify;\">Gamin, je ne parlais pas alors imaginez bien que je ne pouvais encore moins parler avec les autres. Avec, quelle dr\u00f4le d\u2019id\u00e9e ! \u00c0 force de silences, j\u2019en venais \u00e0 n\u2019aimer que des histoires. Il m\u2019\u00e9tait facile de croire que j\u2019\u00e9tais plong\u00e9 entre des lignes, des virgules et des points. Les pages c\u2019est plus facile \u00e0 tourner qu\u2019un silence. Et il fallait toujours faire des puzzles. Qui est qui, qui fait quoi, les noms, bref, j\u2019\u00e9tais un enfant fain\u00e9ant.<\/p>\n<p style=\"text-align: justify;\">Fain\u00e9ant, voil\u00e0 le mot qui en arrangeait bien quelques-uns. Sans trop se fatiguer eux-m\u00eames, ils pensaient que je ne m\u2019int\u00e9ressais \u00e0 rien. Quand je me suis trop int\u00e9ress\u00e9 \u00e0 tout, j\u2019\u00e9tais devenu incontr\u00f4lable. J\u2019oscillais perp\u00e9tuellement entre deux contraires. Aucune mesure n\u2019\u00e9tait possible pour moi. Un nouvel adjectif est alors tomb\u00e9 sur mes \u00e9paules.<\/p>\n<p style=\"text-align: justify;\">B\u00eate, fain\u00e9ant, hyperactif, surdou\u00e9, d\u00e9bile et finalement autiste. Cette nouvelle prison seyait parfaitement au petit contraire \u00e9trange que j\u2019incarnais. D\u2019abord, j\u2019ai quitt\u00e9 d\u2019autres enfants que je n\u2019aimais pas. Puis, de nouveaux couloirs se sont dress\u00e9s devant moi. Il y avait de nouveau plein de gar\u00e7ons, plein de filles. Comme moi, ils ne disaient rien ou en disaient trop. La vie, la mort, quand vas-tu mourir, les dinosaures, les histoires, les amis imaginaires, quand mange-t-on, je n\u2019aime pas les r\u00e9cr\u00e9ations, je m\u2019ennuie, quand est-ce que c\u2019est fini, des points, des interrogations, des suspensions et des silences, toujours, pour toutes, pour tous. Les autres ne m\u2019int\u00e9ressaient pas. Comme ils ne disaient plus rien, je pensais qu\u2019ils prenaient mon exemple. Ou alors un grand papier carbone m\u2019avait dupliqu\u00e9.<\/p>\n<p style=\"text-align: justify;\">Fixes, les heures, les sorties, les repas, les id\u00e9es. C\u2019\u00e9tait une asphixie lourde et invisible \u00e0 la fois. Des calculs, des dict\u00e9es, des dates, des dessins\u2026 Ah oui, les dessins. Je d\u00e9testais devoir prendre en main des crayons. Je faisais de quelques couleurs des t\u00e2ches et je mettais la feuille de c\u00f4t\u00e9. Je pr\u00e9f\u00e9rais les stylos. Ils \u00e9taient magiques. Ils rempla\u00e7aient tant\u00f4t mes pens\u00e9es, bient\u00f4t mes l\u00e8vres. J\u2019\u00e9crivais, j\u2019\u00e9crivais, j\u2019\u00e9crivais et quelques grandes dames venaient scruter mes mots. Oh, rien de terrible, pour elles ces mots \u00e9taient bien proches des maux dont on me qualifait. Des mots bizarres pour un gamin autiste.<\/p>\n<p style=\"text-align: justify;\">Tous ces suffixes m\u2019aga\u00e7aient, les istes, les ismes et les ogues. Alors j\u2019ai parl\u00e9. Rien de terrible, l\u00e0 non plus. Mais je ne me suis plus arr\u00eat\u00e9. Le petit bavard de la bande des gamins d\u00e9biles, c\u2019\u00e9tait moi. Les gros yeux me fixaient tour \u00e0 tour. Et je voyais enfin que je pouvais \u00e9crire avec des sons. Je parlais, de travers, il faut bien le reconna\u00eetre, mais je ne voulais plus me taire.<\/p>\n<p style=\"text-align: justify;\">\u00c0 nouveau, les ogues bien moins ogres qu\u2019avant jugeaient que je devais changer d\u2019\u00e9cole. Loin, les autistes et les silences. Ils s\u2019\u00e9taient peut-\u00eatre tromp\u00e9s. Je ne pouvais peut-\u00eatre pas simplement m\u2019entendre avec les autres. Alors, je me suis retrouv\u00e9 \u00e0 nouveau au milieu d\u2019autres couloirs, d\u2019autres filles, d\u2019autres gar\u00e7ons. Maintenant que je parlais, je tentais de m\u2019adresser \u00e0 eux. Les couloirs, aussi, au d\u00e9but. Ce n\u2019\u00e9tait alors plus qu\u2019un amusement pour ne pas \u00eatre moins fou qu\u2019hier. La folie, c\u2019\u00e9tait un jeu, mais ce n\u2019\u00e9tait plus un autre. Les billes, les chats perch\u00e9s, les casquettes vol\u00e9es et moi, dans cette \u00e9nergie d\u2019enfant, vivant une histoire ailleurs que sur une page.<\/p>\n<p style=\"text-align: justify;\">La mesure, enfin, je l\u2019avais atteinte : \u00e9crire et parler. Je ne faisais pas l\u2019un plus que l\u2019autre. Bien s\u00fbr, je n\u2019\u00e9tais pas tout \u00e0 fait l\u2019\u00e9l\u00e8ve mod\u00e8le qui sait se tenir sur sa chaise. N\u00e9anmoins, le go\u00fbt d\u2019insupportable qui me hantait auparavant s\u2019\u00e9tait dissip\u00e9.<\/p>\n<p style=\"text-align: justify;\">Aujourd\u2019hui, en voyant ce gamin m\u00e9tamorphe, diff\u00e9rent d\u2019une photo \u00e0 l\u2019autre, je pense \u00e0 nouveau aux histoires de mon enfance, celles que j\u2019ai v\u00e9cues et celles que j\u2019\u00e9crivais. C\u2019est quand elles se sont rejointes que j\u2019ai abandonn\u00e9 cette figure fr\u00eale.<\/p>\n<p style=\"text-align: justify;\">Il me fallait me souvenir de ces ann\u00e9es muettes. D\u00e9sormais, je n\u2019ai plus peur du mot avec. Et je garde de l\u2019asphixie de mon enfance quatre lettres pour ne jamais oublier que je suis n\u00e9 du silence.<\/p>\n<p style=\"text-align: center;\"><img loading=\"lazy\" decoding=\"async\" alt=\"\" src=\"http:\/\/upload.wikimedia.org\/wikipedia\/commons\/d\/d1\/Goya_Self-portrait.jpg\" width=\"142\" height=\"165\" \/><\/p>\n<p style=\"text-align: center;\"><em>Autoportrait, par Goya<\/em><\/p>\n","protected":false},"excerpt":{"rendered":"<p>Sur un mur, sont accroch\u00e9es quelques photos. Quelques clich\u00e9s, sans importance, sans beaut\u00e9, sans r\u00e8gles de tiers, sans lieux ni dates mais quelques visages, quelques pass\u00e9s. <\/p>\n","protected":false},"author":35,"featured_media":0,"comment_status":"open","ping_status":"open","sticky":false,"template":"","format":"standard","meta":{"site-container-style":"default","site-container-layout":"default","site-sidebar-layout":"default","disable-article-header":"default","disable-site-header":"default","disable-site-footer":"default","disable-content-area-spacing":"default","footnotes":""},"categories":[302],"tags":[444],"class_list":["post-16147","post","type-post","status-publish","format-standard","hentry","category-5-la-tribune-libre","tag-prix-krustytzer"],"_links":{"self":[{"href":"https:\/\/vpmedias.fr\/index.php?rest_route=\/wp\/v2\/posts\/16147","targetHints":{"allow":["GET"]}}],"collection":[{"href":"https:\/\/vpmedias.fr\/index.php?rest_route=\/wp\/v2\/posts"}],"about":[{"href":"https:\/\/vpmedias.fr\/index.php?rest_route=\/wp\/v2\/types\/post"}],"author":[{"embeddable":true,"href":"https:\/\/vpmedias.fr\/index.php?rest_route=\/wp\/v2\/users\/35"}],"replies":[{"embeddable":true,"href":"https:\/\/vpmedias.fr\/index.php?rest_route=%2Fwp%2Fv2%2Fcomments&post=16147"}],"version-history":[{"count":2,"href":"https:\/\/vpmedias.fr\/index.php?rest_route=\/wp\/v2\/posts\/16147\/revisions"}],"predecessor-version":[{"id":16151,"href":"https:\/\/vpmedias.fr\/index.php?rest_route=\/wp\/v2\/posts\/16147\/revisions\/16151"}],"wp:attachment":[{"href":"https:\/\/vpmedias.fr\/index.php?rest_route=%2Fwp%2Fv2%2Fmedia&parent=16147"}],"wp:term":[{"taxonomy":"category","embeddable":true,"href":"https:\/\/vpmedias.fr\/index.php?rest_route=%2Fwp%2Fv2%2Fcategories&post=16147"},{"taxonomy":"post_tag","embeddable":true,"href":"https:\/\/vpmedias.fr\/index.php?rest_route=%2Fwp%2Fv2%2Ftags&post=16147"}],"curies":[{"name":"wp","href":"https:\/\/api.w.org\/{rel}","templated":true}]}}