{"id":16167,"date":"2013-04-15T20:27:48","date_gmt":"2013-04-15T18:27:48","guid":{"rendered":"http:\/\/vpmedias.fr\/?p=16167"},"modified":"2013-04-15T20:27:48","modified_gmt":"2013-04-15T18:27:48","slug":"crise-de-lesprit","status":"publish","type":"post","link":"https:\/\/vpmedias.fr\/?p=16167","title":{"rendered":"Crise de l&rsquo;esprit&#8230;"},"content":{"rendered":"<p style=\"text-align: justify;\">Il y&rsquo;a un mois de cela, je montrai que VPM entrait en \u00e9tat de crise, et bon nombre mettait mes mises en gardes de c\u00f4t\u00e9s&#8230; cependant, les chiffres parlent d&rsquo;eux m\u00eame, march\u00e9s quasi-vide, forum au ralenti, animations invisibles, un gouvernement quasi-invisible. Un gouvernement, qui fait d\u00e9j\u00e0 le compte-rendu de ses animations, mais quel compte-rendu\u00a0? Le vide\u00a0? La division\u00a0? L&rsquo;inaction\u00a0?<\/p>\n<p style=\"text-align: justify;\">Cela fait maintenant plus d&rsquo;un mois et demi, que je demande au Pr\u00e9sident de changer de strat\u00e9gie. Que je demande de changer le cap, de ne pas faire couler le b\u00e2teau VPM, comme le Lusitania \u00e0 coul\u00e9. Allons nous continuer le massacre, ou allons nous allez vers le redressement\u00a0? Allons nous laisser br\u00fbler VPM comme l\u00e0 \u00e9t\u00e9 la Moneda\u00a0? Nos Krustyfranckystes, nos Saphiristes, nos Rayvolutionnaire, nos Campagnards, nos Villes vont-il vers une fin certaine\u00a0? Ou pouvons nous remonter, non pas les finances, non pas les partis, non pas les gouvernants\u00a0; mais la pente. Cette pente qui se dresse face \u00e0 nous, qui nous nargue, qui pense qu&rsquo;on y arrivera pas, montrons lui, ensemble qu&rsquo;elle \u00e0 tord.<\/p>\n<p style=\"text-align: justify;\">J&rsquo;ai d\u00e9j\u00e0 propos\u00e9 mes recettes, mais il est important de les redonner. Important de ne pas c\u00e9der. Important de ne pas se r\u00e9signer.<br \/>\nTout d&rsquo;abord, il faut un choc pour r\u00e9veiller la communaut\u00e9. Un choc qui ne peut passer que par la cr\u00e9ation de l&rsquo;assembl\u00e9e nationale. Une assembl\u00e9e qui aura des pouvoirs, comme valider le pourcentage d&rsquo;imp\u00f4t, qui aurait comme pouvoir de renverser le Premier ministre et son gouvernement. Une assembl\u00e9e qui disposera d&rsquo;un budget, et qui votera pour le redistribuer. Ainsi, on pourra voir des nouvelles t\u00eates au sein du pouvoir, on pourra avoir enfin des nouveaux et des anciens. Un r\u00e9el contrat de g\u00e9n\u00e9ration\u00a0!<br \/>\nSecondement, la cr\u00e9ation d&rsquo;un parti du c\u0153ur, contenant vingt membres tous anciens, qui suivent les nouveaux, les aident, et les poussent \u00e0 aller se pr\u00e9senter sur le forum. Et de le encourager \u00e0 poursuivre dans leurs campagnes.<br \/>\nTroisi\u00e8mement, respecter, respecter toujours, respecter encore\u00a0! Le but sera d&rsquo;avoir une plus grande harmonie sur VPM, une harmonie qui m\u00e8nera \u00e0 la fid\u00e9lisation des nouveaux joueurs.<br \/>\nQuatri\u00e8mement, refaire de Paris LA ville, \u00e0 avoir. La ville \u00e0 prendre. La ville qui donnera un objectif aux personne qui sont sur VPM, afin qui ne se lassent pas.<br \/>\nCinqui\u00e8mement, ouvrir des grands d\u00e9bats\u00a0: La banque de VPM, la place du porte-parle, la place de l&rsquo;argent&#8230;<br \/>\nEt pour finir, valoriser les personnes au seins des partis qui s\u2019investissent, jeunes comme anciens, organisant des animations inter-g\u00e9n\u00e9rationnelles-vpmiennes\u00a0!<\/p>\n<p style=\"text-align: justify;\">Alors r\u00e9veillons \u2013 nous, montrons que nous ne sommes pas couch\u00e9 et soumis. Montrons comme Churchill notre d\u00e9termination\u00a0! Et ensemble relevons la t\u00eate\u00a0; et allons de l&rsquo;avant.<\/p>\n","protected":false},"excerpt":{"rendered":"<p>Douze jours, douze jours&#8230; oui, douze jours que VPM tourne au ralenti&#8230; Le dernier article sur VPM\u00e9dia date effectivement du 1 er Avril \u2026 et depuis&#8230; rien&#8230; rien qui s&rsquo;appelle rien&#8230; un trou&#8230; un vide dans la presse&#8230; ou plut\u00f4t une crise, une crise qui ab\u00eeme VPM, qui nuit \u00e0 la d\u00e9mocratie.<\/p>\n","protected":false},"author":35,"featured_media":0,"comment_status":"open","ping_status":"open","sticky":false,"template":"","format":"standard","meta":{"site-container-style":"default","site-container-layout":"default","site-sidebar-layout":"default","disable-article-header":"default","disable-site-header":"default","disable-site-footer":"default","disable-content-area-spacing":"default","footnotes":""},"categories":[302],"tags":[55],"class_list":["post-16167","post","type-post","status-publish","format-standard","hentry","category-5-la-tribune-libre","tag-coup-de-gueule"],"_links":{"self":[{"href":"https:\/\/vpmedias.fr\/index.php?rest_route=\/wp\/v2\/posts\/16167","targetHints":{"allow":["GET"]}}],"collection":[{"href":"https:\/\/vpmedias.fr\/index.php?rest_route=\/wp\/v2\/posts"}],"about":[{"href":"https:\/\/vpmedias.fr\/index.php?rest_route=\/wp\/v2\/types\/post"}],"author":[{"embeddable":true,"href":"https:\/\/vpmedias.fr\/index.php?rest_route=\/wp\/v2\/users\/35"}],"replies":[{"embeddable":true,"href":"https:\/\/vpmedias.fr\/index.php?rest_route=%2Fwp%2Fv2%2Fcomments&post=16167"}],"version-history":[{"count":1,"href":"https:\/\/vpmedias.fr\/index.php?rest_route=\/wp\/v2\/posts\/16167\/revisions"}],"predecessor-version":[{"id":16188,"href":"https:\/\/vpmedias.fr\/index.php?rest_route=\/wp\/v2\/posts\/16167\/revisions\/16188"}],"wp:attachment":[{"href":"https:\/\/vpmedias.fr\/index.php?rest_route=%2Fwp%2Fv2%2Fmedia&parent=16167"}],"wp:term":[{"taxonomy":"category","embeddable":true,"href":"https:\/\/vpmedias.fr\/index.php?rest_route=%2Fwp%2Fv2%2Fcategories&post=16167"},{"taxonomy":"post_tag","embeddable":true,"href":"https:\/\/vpmedias.fr\/index.php?rest_route=%2Fwp%2Fv2%2Ftags&post=16167"}],"curies":[{"name":"wp","href":"https:\/\/api.w.org\/{rel}","templated":true}]}}