{"id":1618,"date":"2009-07-07T11:19:09","date_gmt":"2009-07-07T09:19:09","guid":{"rendered":"http:\/\/vpmedias.e3b.org\/?p=1618"},"modified":"2009-07-07T11:19:09","modified_gmt":"2009-07-07T09:19:09","slug":"vie-de-vpmedias-3","status":"publish","type":"post","link":"https:\/\/vpmedias.fr\/?p=1618","title":{"rendered":"Vie de VPM\u00e9dias #3"},"content":{"rendered":"<p style=\"text-align: justify;\"><em>Et hop ! Il est l&rsquo;heure d&rsquo;un nouveau bilan de l&rsquo;activit\u00e9, des \u00e9volutions et de la vie de <strong>VPM\u00e9dias<\/strong>. Suivez le guide ! :D<\/em><!--more--><\/p>\n<ul style=\"text-align: justify;\">\n<li>\n<h2 style=\"text-align: justify;\"><strong><span style=\"color: #0000ff;\">Statistiques :<\/span><\/strong><\/h2>\n<\/li>\n<\/ul>\n<p style=\"text-align: center;\"><a onclick=\"ps_imagemanager_popup(this.href,'stats7juill.png','680','126');return false\" href=\"\/images\/Portail\/stats7juill.png\" onfocus=\"this.blur()\"><img loading=\"lazy\" decoding=\"async\" title=\"stats7juill.png\" src=\"\/images\/Portail\/.thumbs\/.stats7juill.png\" border=\"0\" alt=\"stats7juill.png\" width=\"96\" height=\"18\" \/><\/a><\/p>\n<p style=\"text-align: center;\">[cliquez pour agrandir]<\/p>\n<p style=\"text-align: justify;\">\n<p style=\"text-align: justify;\">Le nombre de visiteurs de VPM\u00e9dias, comme vous pouvez le constater, est en <strong>augmentation sensible depuis la mi-juin<\/strong>, date de notre dernier point. La base de lecteurs fid\u00e8les semble s&rsquo;\u00eatre consid\u00e9rablement consolid\u00e9e, et nous approchons doucement mais s\u00e0 \u00bbrement de la <strong>barre symbolique des 100 visiteurs par jour<\/strong>. Ce seuil, cependant, nous le d\u00e9passons r\u00e9guli\u00e8rement, et notamment \u00e0\u00a0 deux occasions, le <strong>dimanche 28 juin<\/strong>, avec non moins de <strong>134 visiteurs uniques<\/strong>, ce qui constitue un record, et le <strong>vendredi 3 juillet<\/strong> avec <strong>112 visiteurs<\/strong>. Un petit coup d&rsquo;oeil sur les articles parus ces jours-l\u00e0\u00a0 nous apprenait que le 28 juin, ce sont les <strong>2 articles de VPM Evasion<\/strong> (s\u00e9rie que nous inaugurions) et surtout le retour de l&rsquo;<a title=\"Emission de VPM-fm\" href=\"http:\/\/vpmedias.e3b.org\/?p=1437\" target=\"_blank\"><strong>\u00e9mission de VPM-fm<\/strong><\/a>, not\u00e9e par non moins de 14 lecteurs (on ne doit pas non plus \u00eatre loin d&rsquo;un record) qui ont attir\u00e9 les foules. Le 27 juin avait aussi \u00e9t\u00e9 l&rsquo;occasion d&rsquo;une <strong>analyse du Classement<\/strong>. Le 3 juillet, au lendemain de la publication de <strong>2 articles consacr\u00e9s \u00e0\u00a0 OVNA<\/strong> qui ont fait pol\u00e9mique (<a title=\"OVNA quitte Paris\" href=\"http:\/\/vpmedias.e3b.org\/?p=1500\" target=\"_blank\">ici<\/a> et <a title=\"Suspense \u00e0\u00a0 la t\u00eate du Classement\" href=\"http:\/\/vpmedias.e3b.org\/?p=1513\" target=\"_blank\">ici<\/a>), ne pouvait \u00eatre qu&rsquo;un jour d&rsquo;abondance en terme de visiteurs curieux de conna\u00eetre l&rsquo;objet du scandale.<\/p>\n<p style=\"text-align: justify;\">Quelques autres chiffres puisqu&rsquo;on y est. En moyenne, un lecteur consulte <strong>4 articles<\/strong> \u00e0\u00a0 chaque passage et reste <strong>7 minutes 30<\/strong> sur le Site.<\/p>\n<p style=\"text-align: justify;\">Tout \u00e7a pour dire que le pari risqu\u00e9 que nous avions entrepris semble r\u00e9ussi. Alors que nagu\u00e8re, les M\u00e9dias se partageaient l&rsquo;attention des VPMiens et dispersaient les lecteurs, la r\u00e9unification de tous les talents sur un seul et puissant site semble r\u00e9ussir \u00e0\u00a0 relancer l&rsquo;app\u00e9tit m\u00e9diatique des joueurs.<\/p>\n<p style=\"text-align: justify;\">Qu&rsquo;attendre du mois d&rsquo;ao\u00e0 \u00bbt ? Certainement une baisse de la fr\u00e9quentation. Je me base sur ce qui s&rsquo;est pass\u00e9 l&rsquo;ann\u00e9e derni\u00e8re : le Forum des Canards, pour ne citer que lui, a connu un calme plat. Nul doute que ce sera le cas, dans une moindre mesure, sur VPM\u00e9dias cet \u00e9t\u00e9, en l&rsquo;absence de certains journalistes et en l&rsquo;absence de lecteurs. D\u00e9cid\u00e9ment, le mois des vacances est un drame pour les Partis comme pour les sites externes ! :p Mais je pense que nous aurons l&rsquo;occasion d&rsquo;y revenir d&rsquo;ici peu.<\/p>\n<p style=\"text-align: justify;\">Autre fait marquant, le <strong>nombre d&rsquo;articles du mois de juin, 35<\/strong>, est sup\u00e9rieur au nombre de jours. Bravo, donc, \u00e0\u00a0 tous nos journalistes qui ont su faire vivre VPM\u00e9dias avec brio ! :D<\/p>\n<p style=\"text-align: justify;\">\n<ul style=\"text-align: justify;\">\n<li>\n<h2><strong><span style=\"color: #0000ff;\">Apr\u00e8s tant de remous&#8230;<\/span><\/strong><\/h2>\n<\/li>\n<\/ul>\n<p style=\"text-align: justify;\">&#8230; occasionn\u00e9s, je le r\u00e9p\u00e8te, par le fait que nous ayons relat\u00e9 le d\u00e9part d&rsquo;OVNA de Paris puis la succession \u00e0\u00a0 la t\u00eate du Classement, il est temps, je pense, d&rsquo;op\u00e9rer quelques rappels.<\/p>\n<p style=\"text-align: justify;\">Nous sommes, et je m&rsquo;adresse au nom de toute l&rsquo;\u00e9quipe, des r\u00e9dac&rsquo; chefs, des journalistes, <strong>ouverts \u00e0\u00a0 toutes les remarques, \u00e0\u00a0 toutes les critiques, \u00e0\u00a0 toutes les suggestions, \u00e0\u00a0 condition que celles-ci soit construites, fond\u00e9es et argument\u00e9es<\/strong>.\u00a0 N&rsquo;oubliez pas que nous disposons d&rsquo;un <a title=\"Formulaire de Contact\" href=\"http:\/\/vpmedias.e3b.org\/?page_id=196\" target=\"_blank\"><strong>Formulaire de Contact<\/strong><\/a>. Une r\u00e9ponse de notre part est assur\u00e9e. De m\u00eame, nous ne pouvons pas \u00eatre au courant de tout ce qui se trame en coulisse sur VPM et dans vos campagnes, et c&rsquo;est pour cela que nous vous invitons \u00e0\u00a0 nous faire partager <strong>votre vision de l&rsquo;actualit\u00e9, vos informations, vos analyses<\/strong> par l&rsquo;interm\u00e9diaire de <a title=\"La Tribune Libre\" href=\"http:\/\/vpmedias.e3b.org\/?page_id=184\" target=\"_blank\"><strong>la Tribune Libre<\/strong><\/a>, ouvertement ou anonymement. De m\u00eame, si vous souhaitez rejoindre l&rsquo;\u00e9quipe des journalistes, et j&rsquo;en profite pour le dire, n&rsquo;h\u00e9sitez pas \u00e0\u00a0 me contacter, nous acceptons tout le monde ! :D<\/p>\n<p style=\"text-align: justify;\">Cela dit, je pense, et \u00e7a n&rsquo;engage que moi, que les critiques que nous avons re\u00e7ues, qui allaient parfois jusqu&rsquo;\u00e0\u00a0 l&rsquo;insulte pure et simple du M\u00e9dia, accompagn\u00e9e jusque par une mod\u00e9ratrice de VPM, n&rsquo;\u00e9taient pas vraiment r\u00e9fl\u00e9chies et m\u00e9langeaient VPM\u00e9dias avec d&rsquo;autres Forums externes, des propos tenus par des journalistes, et des hypoth\u00e8ses lanc\u00e9es par un non-journaliste, la critique d&rsquo;un M\u00e9dia, et la d\u00e9nonciation d&rsquo;un ensemble de joueurs. Et c&rsquo;est regrettable.<\/p>\n<p style=\"text-align: justify;\">\n<ul style=\"text-align: justify;\">\n<li>\n<h2><span style=\"color: #0000ff;\"><strong>Fr\u00e9quence de Publicit\u00e9<\/strong><\/span><\/h2>\n<\/li>\n<\/ul>\n<p style=\"text-align: justify;\">Toujours est-il que parmi cet oc\u00e9an de pol\u00e9miques st\u00e9riles, Shamir a soulev\u00e9 une question qui n&rsquo;est pas fondamentalement stupide et qui concerne notre publicit\u00e9 sur VPM.<\/p>\n<p style=\"text-align: justify;\">Je l&rsquo;ai dit sur le Forum, <strong>le sujet qui annonce les publications de VPM\u00e9dias est vital pour le Site<\/strong>.<\/p>\n<p style=\"text-align: justify;\">Cependant, Shamir proposait que nous vous tenions au courant des nouveaux articles non pas r\u00e9guli\u00e8rement, mais <strong>une fois par semaine<\/strong>. C&rsquo;est pourquoi nous tenons \u00e0\u00a0 vous demander ce que vous en pensez. Oui vous, qui me lisez peut-\u00eatre mais ne vous exprimez que rarement dans les Commentaires aux articles. =)<\/p>\n<p style=\"text-align: justify;\">\n<ul style=\"text-align: justify;\">\n<li>\n<h2><span style=\"color: #0000ff;\"><strong>Vive le slideshow !<\/strong><\/span><\/h2>\n<\/li>\n<\/ul>\n<p style=\"text-align: justify;\">Il ne s&rsquo;agit pas l\u00e0\u00a0 du dernier sport extr\u00e8me invent\u00e9 par Ouicmoi alors qu&rsquo;il avait 12 grammes d&rsquo;alcool dans le sang (ou plut\u00f4t, du sang dans l&rsquo;alcool) mais de <strong>cette chose qui est apparue sur la page d&rsquo;accueil du Site, et qui fait d\u00e9filer les titres des 5 derniers articles publi\u00e9s chacun accompagn\u00e9 d&rsquo;une image<\/strong>.<\/p>\n<p style=\"text-align: justify;\">J&rsquo;aurais simplement voulu savoir <strong>ce que vous en pensiez<\/strong>, si c&rsquo;est utile et ce qui est m\u00e9liorable. ;)<\/p>\n<p style=\"text-align: justify;\">De m\u00eame, dans le menu de gauche est apparu un paragraphe appel\u00e9 \u00ab\u00a0<strong>A la une<\/strong>\u00a0\u00bb qui est aujourd&rsquo;hui compos\u00e9 d&rsquo;un lien vers le dernier article de VPM Star et d&rsquo;un lien vers l&rsquo;article sur la journ\u00e9e parisienne du 10 juillet. Il s&rsquo;agit l\u00e0\u00a0 de mettre en exergue, dans la masse des articles publi\u00e9s chaque semaine, ceux que vous ne devez pas manquer, les \u00e9v\u00e8nements, les s\u00e9ries etc.<\/p>\n<p style=\"text-align: justify;\">\n<ul style=\"text-align: justify;\">\n<li>\n<h2><span style=\"color: #0000ff;\"><strong>Suivez-nous !<\/strong><\/span><\/h2>\n<\/li>\n<\/ul>\n<p style=\"text-align: justify;\">Dans le menu de droite cette fois-ci, est apparu le Bloc \u00ab\u00a0Suivez-nous !\u00a0\u00bb. Il est consititu\u00e9 :<\/p>\n<p style=\"text-align: justify;\">&#8211; les <a title=\"Abonnez-vous aux flux RSS\" href=\"http:\/\/feeds.feedburner.com\/vpmedias\" target=\"_blank\"><strong>flux RSS<\/strong><\/a> avec FedBurner, qui vous permettent de vous <strong>abonner gratuitement<\/strong> \u00e0\u00a0 l&rsquo;aide de votre agr\u00e9gateur de flux pr\u00e9f\u00e9r\u00e9 ;<\/p>\n<p style=\"text-align: justify;\">&#8211; le <a title=\"Rejoignez notre Groupe FaceBook !\" href=\"http:\/\/www.facebook.com\/group.php?gid=205209725646&amp;ref=nf\" target=\"_blank\"><strong>groupe FaceBook<\/strong><\/a>, pr\u00e9vu de longue date, qui a \u00e9t\u00e9 ouvert tout r\u00e9cemment et qui vous permet de <strong>nous faire part de votre soutien<\/strong> si vous \u00eates un adepte de ce r\u00e9seau social tr\u00e8s fr\u00e9quent\u00e9 par les VPMiens ;<\/p>\n<p style=\"text-align: justify;\">&#8211; la <strong>NewsLetter<\/strong> qui vous permet, en entrant votre adresse mail, de <strong>recevoir la liste des nouveaux articles par mail<\/strong>.<\/p>\n<p style=\"text-align: justify;\">J&rsquo;esp\u00e8re que toutes ces fonctionnalit\u00e9s vous seront utiles et profitables ! ;)<\/p>\n<p style=\"text-align: justify;\">\n<ul style=\"text-align: justify;\">\n<li>\n<h2><span style=\"color: #0000ff;\"><strong>Rendez-vous&#8230;<\/strong><\/span><\/h2>\n<\/li>\n<\/ul>\n<p style=\"text-align: justify;\">Outre la <strong>fin de VPM Participatif<\/strong> amorc\u00e9e par la publication des commentaires du membre du Jury LibertyJack, vous profiterez bient\u00f4t de l&rsquo;\u00e9v\u00e8nement pr\u00e9par\u00e9 d&rsquo;une main de ma\u00eetre conjointement par GeekInThePink et BobMorane, qui alliera tous nos M\u00e9dias, et qui est la <strong>finale en apoth\u00e9ose de VPM Star<\/strong>, qui vous aura tenu en haleine pendant de longues semaines. Le 10 juillet aura lieu la <strong>journ\u00e9e VPM \u00e0\u00a0 Paris<\/strong>, o\u00f9 vous serez nombreux \u00e0\u00a0 vous rencontrer. VPM\u00e9dias s&rsquo;est assur\u00e9 de pouvoir couvrir cet \u00e9v\u00e8nement hors-norme par <strong>une s\u00e9rie d&rsquo;articles passionnants qui vous permettront de ne pas perdre une miette de ce qui s&rsquo;est pass\u00e9<\/strong>. Photos, analyses, enregistrements, r\u00e9cits, interviews, tout vous sera narr\u00e9 par nos talentueux journalistes !<\/p>\n<p style=\"text-align: justify;\">Que d&rsquo;occasions de se r\u00e9jouir, donc, en ce chaud mois de juillet !<\/p>\n<p style=\"text-align: justify;\">\n<p style=\"text-align: justify;\"><strong><em>A tr\u00e8s bient\u00f4t, merci pour votre soutien qui nous fait souvent chaud au coeur, et n&rsquo;oubliez pas que nous sommes tous \u00e0\u00a0 votre dispositions, humbles serviteurs de la cause VPMienne ! :p<\/em><\/strong><\/p>\n","protected":false},"excerpt":{"rendered":"<p>Et hop ! Il est l&rsquo;heure d&rsquo;un nouveau bilan de l&rsquo;activit\u00e9, des \u00e9volutions et de la vie de VPM\u00e9dias. Suivez le guide ! :D<\/p>\n","protected":false},"author":2,"featured_media":0,"comment_status":"open","ping_status":"open","sticky":false,"template":"","format":"standard","meta":{"site-container-style":"default","site-container-layout":"default","site-sidebar-layout":"default","disable-article-header":"default","disable-site-header":"default","disable-site-footer":"default","disable-content-area-spacing":"default","footnotes":""},"categories":[302],"tags":[],"class_list":["post-1618","post","type-post","status-publish","format-standard","hentry","category-5-la-tribune-libre"],"_links":{"self":[{"href":"https:\/\/vpmedias.fr\/index.php?rest_route=\/wp\/v2\/posts\/1618","targetHints":{"allow":["GET"]}}],"collection":[{"href":"https:\/\/vpmedias.fr\/index.php?rest_route=\/wp\/v2\/posts"}],"about":[{"href":"https:\/\/vpmedias.fr\/index.php?rest_route=\/wp\/v2\/types\/post"}],"author":[{"embeddable":true,"href":"https:\/\/vpmedias.fr\/index.php?rest_route=\/wp\/v2\/users\/2"}],"replies":[{"embeddable":true,"href":"https:\/\/vpmedias.fr\/index.php?rest_route=%2Fwp%2Fv2%2Fcomments&post=1618"}],"version-history":[{"count":0,"href":"https:\/\/vpmedias.fr\/index.php?rest_route=\/wp\/v2\/posts\/1618\/revisions"}],"wp:attachment":[{"href":"https:\/\/vpmedias.fr\/index.php?rest_route=%2Fwp%2Fv2%2Fmedia&parent=1618"}],"wp:term":[{"taxonomy":"category","embeddable":true,"href":"https:\/\/vpmedias.fr\/index.php?rest_route=%2Fwp%2Fv2%2Fcategories&post=1618"},{"taxonomy":"post_tag","embeddable":true,"href":"https:\/\/vpmedias.fr\/index.php?rest_route=%2Fwp%2Fv2%2Ftags&post=1618"}],"curies":[{"name":"wp","href":"https:\/\/api.w.org\/{rel}","templated":true}]}}