{"id":16692,"date":"2013-06-16T22:33:33","date_gmt":"2013-06-16T20:33:33","guid":{"rendered":"http:\/\/vpmedias.fr\/?p=16692"},"modified":"2013-06-18T00:47:57","modified_gmt":"2013-06-17T22:47:57","slug":"sarkojul-et-linterview-ratee","status":"publish","type":"post","link":"https:\/\/vpmedias.fr\/?p=16692","title":{"rendered":"Sarkojul et l&rsquo;interview rat\u00e9e"},"content":{"rendered":"<p style=\"text-align: justify;\">(Veuillez excuser la mise en page, je suis le journaliste de VPM\u00e9dias le plus nul pour la mise en page et je tenais \u00e0 vous le prouver pour mon premier article depuis un an.)<!--more--><\/p>\n<p style=\"text-align: justify;\"><em>Oui, je l&rsquo;ai fait ! J&rsquo;ai os\u00e9 ! J&rsquo;ai pris mon courage \u00e0 demain (hmm&#8230; hommage \u00e0 \u00a0notre cher pr\u00e9sident), j&rsquo;ai souffl\u00e9 un bon coup et j&rsquo;ai r\u00e9ouvert VPM\u00e9dias ! Juste avant, j&rsquo;avais aussi pris mon courage \u00e0 trois mains (hommage \u00e0&#8230; \u00e0 notre pr\u00e9c\u00e9dent pr\u00e9sident tiens !), j&rsquo;ai ajout\u00e9 Sarkojul en contact et j&rsquo;ai d\u00e9cid\u00e9 de lui poser quelques questions, simplement pour tenter de le comprendre un petit peu plus. Le but n&rsquo;\u00e9tait pas de les publier ici, mais \u00e9tant donn\u00e9 la situation finale (que vous d\u00e9couvrirez&#8230; \u00e0 la fin, si si je vous le jure !), j&rsquo;ai d\u00e9cid\u00e9 de vous faire partager tout cela. Les messages seront donc partag\u00e9s tels qu&rsquo;ils ont \u00e9t\u00e9 \u00e9crits, par Sarkojul et par moi. Seuls les moments o\u00f9 nous parlons de politique r\u00e9elle et de choses personnelles sont coup\u00e9es, tout le reste est pr\u00e9sent. Notez simplement que concernant le droit de diffusion ou autre, je m&rsquo;en reporte \u00e0 mon avocat et \u00e0 la libert\u00e9 d&rsquo;expression. L&rsquo;interview a eu lieu le 27 mai de cette ann\u00e9e. Et maintenant, je vous laisse appr\u00e9cier, sans plus aucun commentaire.<\/em><\/p>\n<table style=\"width: 450px;\" cellspacing=\"1\" cellpadding=\"1\" align=\"center\">\n<tbody>\n<tr>\n<td align=\"left\">De<b>kerlinn<\/b>le 27\/05 \u00e0 22:06<\/td>\n<td>Salut,Je viens dans un but amical, en gros pour tenter de t&rsquo;aider. Je fais peut-\u00eatre partie de ceux qui te critiquent parfois assez violemment sur le forum, mais je n&rsquo;en restes pas moins sympathique en dehors de cela (a).Bon d\u00e9j\u00e0&#8230; T&rsquo;acceptes de me parler ? (que j&rsquo;\u00e9crive pas un roman pour rien quoi)<\/td>\n<\/tr>\n<\/tbody>\n<\/table>\n<table style=\"width: 450px;\" cellspacing=\"1\" cellpadding=\"1\" align=\"center\">\n<tbody>\n<tr>\n<td align=\"left\">De<b>sarkojul<\/b>le 27\/05 \u00e0 22:08<\/td>\n<td>oui pas de prob<\/td>\n<\/tr>\n<\/tbody>\n<\/table>\n<table style=\"width: 450px;\" cellspacing=\"1\" cellpadding=\"1\" align=\"center\">\n<tbody>\n<tr>\n<td align=\"left\"><b>kerlinn<\/b>le 27\/05 \u00e0 22:10<\/td>\n<td>Permets de te poser pour commencer une simple question.<br \/>\nJ&rsquo;avais cru comprendre que tu avais 8 ans. Mais je vois ici 16.<br \/>\nQuel est donc ton \u00e2ge (je ne m&rsquo;adresserais pas de la m\u00eame mani\u00e8re \u00e0 quelqu&rsquo;un de 8 qu&rsquo;\u00e0 quelqu&rsquo;un de 16).<\/td>\n<\/tr>\n<\/tbody>\n<\/table>\n<table style=\"width: 450px;\" cellspacing=\"1\" cellpadding=\"1\" align=\"center\">\n<tbody>\n<tr>\n<td align=\"left\">De<b>sarkojul<\/b>le 27\/05 \u00e0 22:10<\/td>\n<td>16 ans<\/td>\n<\/tr>\n<\/tbody>\n<\/table>\n<p style=\"text-align: center;\"><em>Trois messages coup\u00e9s<\/em><\/p>\n<table style=\"width: 450px;\" cellspacing=\"1\" cellpadding=\"1\" align=\"center\">\n<tbody>\n<tr>\n<td align=\"left\">De<b>kerlinn<\/b>le 27\/05 \u00e0 22:18<\/td>\n<td>Je ne comptes pas d\u00e9nigrer ici qui que ce soit, ni parler politique, c&rsquo;\u00e9tait pour que tu saches simplement qui je suis.<em>(Passage coup\u00e9)<\/em>Donc&#8230; Si je t&rsquo;\u00e9cris l\u00e0, c&rsquo;est parce que je ne peux pas supporter de ne voir que l&rsquo;image \u00ab\u00a0publique\u00a0\u00bb des gens et sur tous les jeux de Role Play sur lesquels je suis, j&rsquo;ai besoin de parler personnellement avec les membres. Un besoin quoi, bref, c&rsquo;est pas le sujet.<br \/>\nIci, j&rsquo;aimerais pouvoir comprendre un petit peu tes id\u00e9es, ton point de vue, etc&#8230;<br \/>\nA la limite m\u00eame si tu le souhaites, cela pourrait d\u00e9boucher sur une interview qui marquerait mon retour sur VPM\u00e9dias. Enfin&#8230; Cette id\u00e9e vient de me venir et ce n&rsquo;\u00e9tait pas du tout le sujet de d\u00e9part.Pour simplement le savoir, est-ce que tous les messages que tu \u00e9cris sur le forum sont s\u00e9rieux ?<\/td>\n<\/tr>\n<\/tbody>\n<\/table>\n<table style=\"width: 450px;\" cellspacing=\"1\" cellpadding=\"1\" align=\"center\">\n<tbody>\n<tr>\n<td align=\"left\">De<b>sarkojul<\/b>le 27\/05 \u00e0 22:23<\/td>\n<td><em>(Passage coup\u00e9)<\/em>sinon me message certain oui etcertain non mais je fait parti du conseil constitutionnel j&rsquo;ai etait ivestie<\/td>\n<\/tr>\n<\/tbody>\n<\/table>\n<p style=\"text-align: center;\"><em>Un message coup\u00e9<\/em><\/p>\n<table style=\"width: 450px;\" cellspacing=\"1\" cellpadding=\"1\" align=\"center\">\n<tbody>\n<tr>\n<td align=\"left\">De<b>kerlinn<\/b>le 27\/05 \u00e0 22:26<\/td>\n<td><em>(Passage coup\u00e9)<\/em>A ce propos, concernant le Conseil Constitutionnel&#8230; pourquoi ? Concr\u00e8tement, il n&rsquo;a servi \u00e0 rien durant les \u00e9lections et il n&rsquo;a rien d&rsquo;officiel puisque non valid\u00e9 par l&rsquo;administration. Donc, pourquoi ?<\/td>\n<\/tr>\n<\/tbody>\n<\/table>\n<table style=\"width: 450px;\" cellspacing=\"1\" cellpadding=\"1\" align=\"center\">\n<tbody>\n<tr>\n<td align=\"left\">De<b>sarkojul<\/b>le 27\/05 \u00e0 22:28<\/td>\n<td>nous avont donn\u00e9 notre accord a bananus officiellement on a travailler dans l&rsquo;ombre<\/td>\n<\/tr>\n<\/tbody>\n<\/table>\n<table style=\"width: 450px;\" cellspacing=\"1\" cellpadding=\"1\" align=\"center\">\n<tbody>\n<tr>\n<td align=\"left\">De<b>kerlinn<\/b>le 27\/05 \u00e0 22:29<\/td>\n<td>Je ne parle pas de l&rsquo;accord que toi tu as a donn\u00e9 mais de celui de Bananus. Il n&rsquo;en a pas valid\u00e9 l&rsquo;authenticit\u00e9 du Conseil Constitutionnel que tu as cr\u00e9\u00e9, n&rsquo;est-ce pas ?<\/td>\n<\/tr>\n<\/tbody>\n<\/table>\n<table style=\"width: 450px;\" cellspacing=\"1\" cellpadding=\"1\" align=\"center\">\n<tbody>\n<tr>\n<td align=\"left\">De<b>sarkojul<\/b>le 27\/05 \u00e0 22:30<\/td>\n<td>j&rsquo;ai eu l&rsquo;accord en sous entendu car il a aprouver a la suite de la difusion du conseil des r\u00e9sulats les r\u00e9sultats et donc n&rsquo;est pas contre ce conseil si bien gerer par moi meme<\/td>\n<\/tr>\n<\/tbody>\n<\/table>\n<table style=\"width: 450px;\" cellspacing=\"1\" cellpadding=\"1\" align=\"center\">\n<tbody>\n<tr>\n<td align=\"left\">De<b>kerlinn<\/b>le 27\/05 \u00e0 22:33<\/td>\n<td>Les r\u00e9sultats sont publics et n&rsquo;appartiennent pas au Conseil Constitutionnel. De plus, pourquoi n&rsquo;auraient-ils pas \u00e9t\u00e9 valides ?Donc, je reprends, quelle utilit\u00e9 ?<\/td>\n<\/tr>\n<\/tbody>\n<\/table>\n<table style=\"width: 450px;\" cellspacing=\"1\" cellpadding=\"1\" align=\"center\">\n<tbody>\n<tr>\n<td align=\"left\">De<b>sarkojul<\/b>le 27\/05 \u00e0 22:37<\/td>\n<td>car si le conseil juge qu&rsquo;il y a eu litige un 3 eme tour et relancer<\/td>\n<\/tr>\n<\/tbody>\n<\/table>\n<table style=\"width: 450px;\" cellspacing=\"1\" cellpadding=\"1\" align=\"center\">\n<tbody>\n<tr>\n<td align=\"left\">De<b>kerlinn<\/b>le 27\/05 \u00e0 22:39<\/td>\n<td>Prenons donc cet exemple. Ce \u00ab\u00a0juge\u00a0\u00bb du Conseil Constitutionnel (qui est-ce ?) juge qu&rsquo;il y a litige.<br \/>\nSauf que Bananus ne le pense pas.<br \/>\nIl n&rsquo;y a donc pas de troisi\u00e8me tour puisque c&rsquo;est Bananus qui prend les d\u00e9cisions.Ai-je tort ?<\/td>\n<\/tr>\n<\/tbody>\n<\/table>\n<table style=\"width: 450px;\" cellspacing=\"1\" cellpadding=\"1\" align=\"center\">\n<tbody>\n<tr>\n<td align=\"left\">De<b>sarkojul<\/b>le 27\/05 \u00e0 22:42<\/td>\n<td>BANANUS ET EN RELATION AVEC MOI<br \/>\nET DONC IL JUGE PAR MON RAPPORT DU LITIGELA SCEANCE DE QESTION ET LEVER ON REPREND DEMAIN 18 H<br \/>\nMERCI ET BON SOIRE AMIS SARKOZYSTE LOL <em>(Par cette derni\u00e8re phrase nous r\u00e9sumons la petite discussion que nous avons eu sur la politique et son pseudo. Je pense que cela vous suffira amplement pour comprendre !<\/em><\/td>\n<\/tr>\n<\/tbody>\n<\/table>\n<table style=\"width: 450px;\" cellspacing=\"1\" cellpadding=\"1\" align=\"center\">\n<tbody>\n<tr>\n<td align=\"left\">De<b>kerlinn<\/b>le 27\/05 \u00e0 22:43<\/td>\n<td>Bonne nuit.Tr\u00e8s bien, tr\u00e8s bien, j&rsquo;ai compris, autre sujet.<br \/>\nL&rsquo;orthographe. Que penses-tu du tien ?<\/td>\n<\/tr>\n<\/tbody>\n<\/table>\n<p>&nbsp;<\/p>\n<p><em>J&rsquo;ai ensuite effectu\u00e9 trois tentatives de relances, sans succ\u00e8s, Sarkojul ne m&rsquo;a plus jamais r\u00e9pondu.<\/em><\/p>\n","protected":false},"excerpt":{"rendered":"<p>Oui, je l&rsquo;ai fait ! J&rsquo;ai os\u00e9 ! J&rsquo;ai pris mon courage \u00e0 demain (hmm&#8230; hommage \u00e0  notre cher pr\u00e9sident), j&rsquo;ai souffl\u00e9 un bon coup et j&rsquo;ai r\u00e9ouvert VPM\u00e9dias !<\/p>\n","protected":false},"author":66,"featured_media":0,"comment_status":"open","ping_status":"open","sticky":false,"template":"","format":"standard","meta":{"site-container-style":"default","site-container-layout":"default","site-sidebar-layout":"default","disable-article-header":"default","disable-site-header":"default","disable-site-footer":"default","disable-content-area-spacing":"default","footnotes":""},"categories":[4],"tags":[34],"class_list":["post-16692","post","type-post","status-publish","format-standard","hentry","category-2-vpmc","tag-interview"],"_links":{"self":[{"href":"https:\/\/vpmedias.fr\/index.php?rest_route=\/wp\/v2\/posts\/16692","targetHints":{"allow":["GET"]}}],"collection":[{"href":"https:\/\/vpmedias.fr\/index.php?rest_route=\/wp\/v2\/posts"}],"about":[{"href":"https:\/\/vpmedias.fr\/index.php?rest_route=\/wp\/v2\/types\/post"}],"author":[{"embeddable":true,"href":"https:\/\/vpmedias.fr\/index.php?rest_route=\/wp\/v2\/users\/66"}],"replies":[{"embeddable":true,"href":"https:\/\/vpmedias.fr\/index.php?rest_route=%2Fwp%2Fv2%2Fcomments&post=16692"}],"version-history":[{"count":7,"href":"https:\/\/vpmedias.fr\/index.php?rest_route=\/wp\/v2\/posts\/16692\/revisions"}],"predecessor-version":[{"id":16715,"href":"https:\/\/vpmedias.fr\/index.php?rest_route=\/wp\/v2\/posts\/16692\/revisions\/16715"}],"wp:attachment":[{"href":"https:\/\/vpmedias.fr\/index.php?rest_route=%2Fwp%2Fv2%2Fmedia&parent=16692"}],"wp:term":[{"taxonomy":"category","embeddable":true,"href":"https:\/\/vpmedias.fr\/index.php?rest_route=%2Fwp%2Fv2%2Fcategories&post=16692"},{"taxonomy":"post_tag","embeddable":true,"href":"https:\/\/vpmedias.fr\/index.php?rest_route=%2Fwp%2Fv2%2Ftags&post=16692"}],"curies":[{"name":"wp","href":"https:\/\/api.w.org\/{rel}","templated":true}]}}