{"id":17094,"date":"2013-09-24T09:05:50","date_gmt":"2013-09-24T07:05:50","guid":{"rendered":"http:\/\/vpmedias.fr\/?p=17094"},"modified":"2013-09-28T16:55:44","modified_gmt":"2013-09-28T14:55:44","slug":"la-liguele-retoursous-le-nom-daxe","status":"publish","type":"post","link":"https:\/\/vpmedias.fr\/?p=17094","title":{"rendered":"La ligue, le retour sous le nom d&rsquo;Axe."},"content":{"rendered":"<p style=\"text-align: justify;\">\u00ab\u00a0L&rsquo;ambition individuelle est une passion enfantine\u00a0\u00bb disait le G\u00e9n\u00e9ral De Gaulle, et qu&rsquo;il avait raison&#8230; en voyant l&rsquo;axe d\u00e9mocratique, je vois l&rsquo;ambition. Celle qui est mal saine, celle qui mange tout le monde et qui laisse sur le c\u00f4t\u00e9 la Solidarit\u00e9, celle qui laisse de c\u00f4t\u00e9 l&rsquo;Espoir. Cette ambition n&rsquo;est orchestr\u00e9 que par un seul homme&#8230; Spendzst, l&rsquo;homme qui se croyait pr\u00e9sident, ou plut\u00f4t qui se r\u00eave pr\u00e9sident&#8230; pourquoi d&rsquo;apr\u00e8s toi, il ne figure sur aucun poste ? Tout simplement pour \u00eatre candidat \u00e0 la pr\u00e9sidentielle. Il nous avait invent\u00e9 \u00ab\u00a0la ligue\u00a0\u00bb, pour avoir un tremplin \u00e0 la pr\u00e9sidentielle, \u00e0 partir du moment, o\u00f9 Felenon et moi l&rsquo;avions battus \u00e0 l&rsquo;\u00e9lection interne, il a tout de suite annonc\u00e9 qu&rsquo;il dissoudait la ligue. L&rsquo;axe aura la m\u00eame vie que la ligue&#8230;<br \/>\nJ&rsquo;\u00e9tais le bien penseur, d&rsquo;une grande alliance entre parti, mais jamais, je n&rsquo;avais pour id\u00e9e, la pr\u00e9sidence, jamais, je n&rsquo;aurai p\u00fbt me servir ainsi des gens. Et c&rsquo;est pourquoi, jamais mes partis ne rejoindrons cette plaisenterie.<br \/>\nAlors, l&rsquo;axe, j&rsquo;en pense quoi ? je pense qu&rsquo;il ne sert \u00e0 rien, \u00e0 part une fois de plus discr\u00e9diter les partis et membres qui en font parti.<br \/>\nVoil\u00e0 on m&rsquo;avait demand\u00e9 \u00e0 plusieurs reprises ma pens\u00e9e sur l&rsquo;axe&#8230; la voici. Comment soutenir, un mouvement qui soutien les passions d&rsquo;enfants de cours de r\u00e9cr\u00e9 et une ambition individuelle ?<\/p>\n","protected":false},"excerpt":{"rendered":"<p>\u00ab\u00a0L&rsquo;ambition individuelle est une passion enfantine\u00a0\u00bb disait le G\u00e9n\u00e9ral De Gaulle, et qu&rsquo;il avait raison&#8230; en voyant l&rsquo;axe d\u00e9mocratique, je vois l&rsquo;ambition. Celle qui est mal saine, celle qui mange tout le monde et qui laisse sur le c\u00f4t\u00e9 la Solidarit\u00e9, celle qui laisse de c\u00f4t\u00e9 l&rsquo;Espoir. Cette ambition n&rsquo;est orchestr\u00e9 que par un seul [&hellip;]<\/p>\n","protected":false},"author":14,"featured_media":0,"comment_status":"open","ping_status":"open","sticky":false,"template":"","format":"standard","meta":{"site-container-style":"default","site-container-layout":"default","site-sidebar-layout":"default","disable-article-header":"default","disable-site-header":"default","disable-site-footer":"default","disable-content-area-spacing":"default","footnotes":""},"categories":[302],"tags":[55],"class_list":["post-17094","post","type-post","status-publish","format-standard","hentry","category-5-la-tribune-libre","tag-coup-de-gueule"],"_links":{"self":[{"href":"https:\/\/vpmedias.fr\/index.php?rest_route=\/wp\/v2\/posts\/17094","targetHints":{"allow":["GET"]}}],"collection":[{"href":"https:\/\/vpmedias.fr\/index.php?rest_route=\/wp\/v2\/posts"}],"about":[{"href":"https:\/\/vpmedias.fr\/index.php?rest_route=\/wp\/v2\/types\/post"}],"author":[{"embeddable":true,"href":"https:\/\/vpmedias.fr\/index.php?rest_route=\/wp\/v2\/users\/14"}],"replies":[{"embeddable":true,"href":"https:\/\/vpmedias.fr\/index.php?rest_route=%2Fwp%2Fv2%2Fcomments&post=17094"}],"version-history":[{"count":4,"href":"https:\/\/vpmedias.fr\/index.php?rest_route=\/wp\/v2\/posts\/17094\/revisions"}],"predecessor-version":[{"id":17202,"href":"https:\/\/vpmedias.fr\/index.php?rest_route=\/wp\/v2\/posts\/17094\/revisions\/17202"}],"wp:attachment":[{"href":"https:\/\/vpmedias.fr\/index.php?rest_route=%2Fwp%2Fv2%2Fmedia&parent=17094"}],"wp:term":[{"taxonomy":"category","embeddable":true,"href":"https:\/\/vpmedias.fr\/index.php?rest_route=%2Fwp%2Fv2%2Fcategories&post=17094"},{"taxonomy":"post_tag","embeddable":true,"href":"https:\/\/vpmedias.fr\/index.php?rest_route=%2Fwp%2Fv2%2Ftags&post=17094"}],"curies":[{"name":"wp","href":"https:\/\/api.w.org\/{rel}","templated":true}]}}