{"id":17196,"date":"2013-09-28T12:06:46","date_gmt":"2013-09-28T10:06:46","guid":{"rendered":"http:\/\/vpmedias.fr\/?p=17196"},"modified":"2013-09-28T15:04:51","modified_gmt":"2013-09-28T13:04:51","slug":"interview-du-candidat-kenpachiii","status":"publish","type":"post","link":"https:\/\/vpmedias.fr\/?p=17196","title":{"rendered":"Interview du candidat Kenpachiii"},"content":{"rendered":"<p>Aujourd&rsquo;hui, VPM\u00e9dias commence \u00e0 vous propos\u00e9 les interviews des candidats \u00e0 la pr\u00e9sidentielle.\u00a0Pour commencer nous recevons Kenpachiii dans les bureaux de la r\u00e9daction.<\/p>\n<p><strong>Magne : Bonjour Kenpachiii et Bienvenue !<\/strong><\/p>\n<p><strong>Pour les personnes qui ne connaissent pas, peux-tu te pr\u00e9senter ?<\/strong><\/p>\n<p>oui d\u00e9j\u00e0 Bonjour je m&rsquo;appelle Kenpachiii sur VPM<br \/>\nje suis quelqu\u2019un d&rsquo;actif sur le jeux et le forum<\/p>\n<p>je suis quelqu&rsquo;un qui est plut\u00f4t d&rsquo;une attitude Neutre qui ne se fait jamais dict\u00e9 ce qu&rsquo;on lui dit , je critique facilement aussi<br \/>\nmais je participe beaucoup. J&rsquo;aide aussi quand il y \u00e0 des projet \u00e0 faire .<\/p>\n<p><strong>Hotre : Pour toi, quel est le r\u00f4le du Pr\u00e9sident ?<\/strong><\/p>\n<p>Le pr\u00e9sident \u00e0 un r\u00f4le assez compliqu\u00e9 tu sais pour moi il doit \u00eatre pr\u00e9sent un peu partout :<\/p>\n<p>&#8211; Le pr\u00e9sident d\u00e9j\u00e0 n&rsquo;est pas trop l\u00e0 pour ce reposer .<\/p>\n<p>-il g\u00e8re d\u00e9j\u00e0 un budget<\/p>\n<p>-une \u00e9quipe de Ministre<\/p>\n<p>-il doit aussi ce montr\u00e8 pr\u00e9sent sur le Forum , les march\u00e9s<\/p>\n<p>-Faire des animations<\/p>\n<p>-il doit aussi si il le veut proposer des projets au mod\u00e9rateur<\/p>\n<p>-il doit imp\u00e9rativement \u00e9couter les dire de la communaut\u00e9 (VPM)<\/p>\n<p><strong>Magne : Quelles sont tes propositions pour la jeunesse ?<\/strong><\/p>\n<p>consult\u00e9 la communaut\u00e9 de VPM pour trouv\u00e9 quelque chose de valable et cr\u00e9e un Minist\u00e8re de la jeunesse aussi.<\/p>\n<p><strong>Magne : Quelles sont tes propositions pour la communaut\u00e9 ?<\/strong><\/p>\n<p>Les projets:<br \/>\n-\u00e9couter l&rsquo;ensemble des VPMien(enne) pour les probl\u00e8mes seras ma priorit\u00e9)<br \/>\n-Suivre de pr\u00e8s Vpm-monde , la minute radio<br \/>\n-d\u00e9velopper et r\u00e9gler le probl\u00e8me de la boite \u00e0 id\u00e9e.<br \/>\n-d\u00e9velopper le syst\u00e8me des pr\u00e9sidentielles (ajout de couleur, smiley )<br \/>\n-je suis aussi pour d\u00e9velopper la promotion de VPM<\/p>\n<p><strong>Magne : Quelles sont tes propositions pour les campagnes ?<\/strong><br \/>\nj&rsquo;ai pas plus r\u00e9fl\u00e8chit que \u00e7a mais j&rsquo;y travail ,<br \/>\ndonc vous consult\u00e9 aussi et prendre des bonnes proposition .<\/p>\n<p><strong>Magne : Quelles sont tes propositions pour les m\u00e9dias ?<\/strong><\/p>\n<p>c&rsquo;est assez logique les suivre de pr\u00e8t , les aider dans leur projet .<\/p>\n<p><strong> Magne : Qu&rsquo;est-ce que ta pr\u00e9sidence aurait de plus et\/ou de diff\u00e9rent par rapport aux autres candidats ?<\/strong><\/p>\n<p>j&rsquo;imagine un r\u00e9el changement .<\/p>\n<p><strong>Magne : Quel sera ton pourcentage d&rsquo;imposition si tu est \u00e9lu ?<\/strong><br \/>\nj&rsquo;h\u00e9site encore entre 6% et 6.5 %<\/p>\n<p><strong>Hotre : Si tu es \u00e9lu, qui seront tes ministres ?<\/strong><\/p>\n<p>surprise :)<\/p>\n<p><strong>Magne : Un dernier mot \u00e0 ajout\u00e9 ?<\/strong><\/p>\n<p>oui Votez pour moi :)<br \/>\nmerci pour l&rsquo;interview.<\/p>\n<p>[auteur]<\/p>\n","protected":false},"excerpt":{"rendered":"<p>Kenpachiii r\u00e9ponds aux questions de votre journaliste pr\u00e9f\u00e9r\u00e9 !<\/p>\n","protected":false},"author":91,"featured_media":0,"comment_status":"open","ping_status":"open","sticky":false,"template":"","format":"standard","meta":{"site-container-style":"default","site-container-layout":"default","site-sidebar-layout":"default","disable-article-header":"default","disable-site-header":"default","disable-site-footer":"default","disable-content-area-spacing":"default","footnotes":""},"categories":[4],"tags":[601,418],"class_list":["post-17196","post","type-post","status-publish","format-standard","hentry","category-2-vpmc","tag-kenpachiii","tag-presidentielle"],"_links":{"self":[{"href":"https:\/\/vpmedias.fr\/index.php?rest_route=\/wp\/v2\/posts\/17196","targetHints":{"allow":["GET"]}}],"collection":[{"href":"https:\/\/vpmedias.fr\/index.php?rest_route=\/wp\/v2\/posts"}],"about":[{"href":"https:\/\/vpmedias.fr\/index.php?rest_route=\/wp\/v2\/types\/post"}],"author":[{"embeddable":true,"href":"https:\/\/vpmedias.fr\/index.php?rest_route=\/wp\/v2\/users\/91"}],"replies":[{"embeddable":true,"href":"https:\/\/vpmedias.fr\/index.php?rest_route=%2Fwp%2Fv2%2Fcomments&post=17196"}],"version-history":[{"count":4,"href":"https:\/\/vpmedias.fr\/index.php?rest_route=\/wp\/v2\/posts\/17196\/revisions"}],"predecessor-version":[{"id":17200,"href":"https:\/\/vpmedias.fr\/index.php?rest_route=\/wp\/v2\/posts\/17196\/revisions\/17200"}],"wp:attachment":[{"href":"https:\/\/vpmedias.fr\/index.php?rest_route=%2Fwp%2Fv2%2Fmedia&parent=17196"}],"wp:term":[{"taxonomy":"category","embeddable":true,"href":"https:\/\/vpmedias.fr\/index.php?rest_route=%2Fwp%2Fv2%2Fcategories&post=17196"},{"taxonomy":"post_tag","embeddable":true,"href":"https:\/\/vpmedias.fr\/index.php?rest_route=%2Fwp%2Fv2%2Ftags&post=17196"}],"curies":[{"name":"wp","href":"https:\/\/api.w.org\/{rel}","templated":true}]}}