{"id":17213,"date":"2013-09-30T01:03:18","date_gmt":"2013-09-29T23:03:18","guid":{"rendered":"http:\/\/vpmedias.fr\/?p=17213"},"modified":"2013-10-01T18:01:29","modified_gmt":"2013-10-01T16:01:29","slug":"presidentielle-vers-un-participation-en-baisse","status":"publish","type":"post","link":"https:\/\/vpmedias.fr\/?p=17213","title":{"rendered":"Pr\u00e9sidentielle : Vers un participation en baisse ?"},"content":{"rendered":"<p style=\"text-align: justify;\">La pr\u00e9sidentielle en cours sur VotezPourMoi attire-t-elle moins les foules qu&rsquo;auparavant ? La pr\u00e9sidentielle int\u00e9resse-t-elle moins les VPMiens ?<!--more--><\/p>\n<p style=\"text-align: justify;\">Le nombre d&rsquo;intentions de vote est<strong> en forte baisse<\/strong> par rapport \u00e0 la pr\u00e9sidentielle pr\u00e9c\u00e9dente au m\u00eame moment, qui avait vu Dragalex acc\u00e9der au pouvoir. Il y a 4 mois, 440 intentions de votes avaient \u00e9t\u00e9 d\u00e9pos\u00e9es la veille du premier tour. Ce 30 septembre 2013 \u00e0 une heure du matin, nous pouvons en compter \u00ab\u00a0seulement\u00a0\u00bb <strong>330<\/strong>.<\/p>\n<p style=\"text-align: justify;\">Au niveau des topics de campagnes, le plus fort total de messages est pour <strong>Kewi<\/strong> : <strong>84<\/strong>.\u00a0 On est loin des <strong>134<\/strong> de Summerzik et encore plus des <strong>314<\/strong> de Dragalex. Peu de chance pour qu&rsquo;un des candidats arrive \u00e0 un tel nombre d&rsquo;ici le premier tour.<\/p>\n<p style=\"text-align: justify;\">Le nombre de candidatures \u00e9tait aussi \u00e9galement &#8211; nous vous le rappelons &#8211;\u00a0 en baisse : <strong>12 en phase finale des parrainages<\/strong> contre 16 il y a 4 mois. Est-ce d\u00fb \u00e0 la baisse de fr\u00e9quentation pendant le mandat pr\u00e9c\u00e9dent, \u00e0 une d\u00e9ception d\u00fbe \u00e0 la derni\u00e8re \u00e9lection\u00a0 ? Ou bien aux programmes qui ne conviennent pas aux joueurs ?<\/p>\n<p style=\"text-align: justify;\">Le futur pr\u00e9sident qui sortira gagnant de cette \u00e9lection saura-t-il redonner confiance aux VPMiens ?<\/p>\n<p style=\"text-align: justify;\">[auteur]<\/p>\n","protected":false},"excerpt":{"rendered":"<p>La pr\u00e9sidentielle en cours sur VotezPourMoi attire-t-elle moins les foules qu&rsquo;auparavant ? La pr\u00e9sidentielle int\u00e9resse-t-elle moins les VPMiens ?<\/p>\n","protected":false},"author":91,"featured_media":0,"comment_status":"open","ping_status":"open","sticky":false,"template":"","format":"standard","meta":{"site-container-style":"default","site-container-layout":"default","site-sidebar-layout":"default","disable-article-header":"default","disable-site-header":"default","disable-site-footer":"default","disable-content-area-spacing":"default","footnotes":""},"categories":[268],"tags":[418],"class_list":["post-17213","post","type-post","status-publish","format-standard","hentry","category-4-breves","tag-presidentielle"],"_links":{"self":[{"href":"https:\/\/vpmedias.fr\/index.php?rest_route=\/wp\/v2\/posts\/17213","targetHints":{"allow":["GET"]}}],"collection":[{"href":"https:\/\/vpmedias.fr\/index.php?rest_route=\/wp\/v2\/posts"}],"about":[{"href":"https:\/\/vpmedias.fr\/index.php?rest_route=\/wp\/v2\/types\/post"}],"author":[{"embeddable":true,"href":"https:\/\/vpmedias.fr\/index.php?rest_route=\/wp\/v2\/users\/91"}],"replies":[{"embeddable":true,"href":"https:\/\/vpmedias.fr\/index.php?rest_route=%2Fwp%2Fv2%2Fcomments&post=17213"}],"version-history":[{"count":4,"href":"https:\/\/vpmedias.fr\/index.php?rest_route=\/wp\/v2\/posts\/17213\/revisions"}],"predecessor-version":[{"id":17216,"href":"https:\/\/vpmedias.fr\/index.php?rest_route=\/wp\/v2\/posts\/17213\/revisions\/17216"}],"wp:attachment":[{"href":"https:\/\/vpmedias.fr\/index.php?rest_route=%2Fwp%2Fv2%2Fmedia&parent=17213"}],"wp:term":[{"taxonomy":"category","embeddable":true,"href":"https:\/\/vpmedias.fr\/index.php?rest_route=%2Fwp%2Fv2%2Fcategories&post=17213"},{"taxonomy":"post_tag","embeddable":true,"href":"https:\/\/vpmedias.fr\/index.php?rest_route=%2Fwp%2Fv2%2Ftags&post=17213"}],"curies":[{"name":"wp","href":"https:\/\/api.w.org\/{rel}","templated":true}]}}