{"id":17220,"date":"2013-10-01T13:26:52","date_gmt":"2013-10-01T11:26:52","guid":{"rendered":"http:\/\/vpmedias.fr\/?p=17220"},"modified":"2013-10-01T18:16:15","modified_gmt":"2013-10-01T16:16:15","slug":"kewi-mene-la-danse-druuna-suit-et-jacquesdefranc-reste-outsider","status":"publish","type":"post","link":"https:\/\/vpmedias.fr\/?p=17220","title":{"rendered":"Kewi m\u00e8ne la danse, Druuna suit et Jacquesdefranc reste outsider"},"content":{"rendered":"<p>Encore une fois, ce ne sont que des sondages. Mais \u00e0 cette heure, <strong>Kewi<\/strong> a pris une l\u00e9g\u00e8re avance, <strong>Druuna<\/strong> n&rsquo;est pas loin derri\u00e8re et <strong>Jacquesdefranc<\/strong> suit encore un tout petit peu derri\u00e8re ; alors que la participation au vote est <a href=\"http:\/\/vpmedias.fr\/?p=17213\" target=\"_blank\">en baisse par rapport aux \u00e9lections pr\u00e9c\u00e9dentes<\/a>.<\/p>\n<p>Dans le sondage d&rsquo;hier soir, ferm\u00e9 \u00e0 l&rsquo;ouverture du vote du premier tour, <a href=\"http:\/\/wiki.vpmedias.fr\/Catwoman\" target=\"_blank\">Kewi<\/a> atteignait presque les <strong>18%<\/strong>, \u00e0 un dixi\u00e8me pr\u00e8s. Un score qui, pour le candidat que l&rsquo;on attend en t\u00eate, reste tr\u00e8s faible. Mais ne nous fions pas trop aux sondages&#8230; <a href=\"http:\/\/wiki.vpmedias.fr\/Druuna\" target=\"_blank\">Druuna <\/a>reste toujours second, avec <strong>16,8%<\/strong> des votes, selon l&rsquo;estimation. Ce seraient donc les deux candidats qui passeraient au second tour, selon le sondage propos\u00e9 par VPM.<\/p>\n<p>Mais c&rsquo;est sans compter sur <a href=\"http:\/\/wiki.vpmedias.fr\/Jaquesdefranc\" target=\"_blank\">Jacquesdefranc <\/a>qui compl\u00e8te le trio de t\u00eate avec <strong>15,7%<\/strong> des votes, toujours selon l&rsquo;estimation, soit 1,1% de moins que Druuna. Et avec ces histoires d&rsquo;impr\u00e9cisions sur les sondages (n&rsquo;oublions pas que tous ceux qui n&rsquo;\u00e9taient pas en campagne ou en campagne dans une ville de moins de 30 000 habitants lors des phases pr\u00e9paratoires n&rsquo;avaient pas acc\u00e8s \u00e0 la partie pr\u00e9sidentielle ; et souvent beaucoup rentrent en campagne pour voter), on a donc des chances tout de m\u00eame assez fortes de retrouver Jacquesfranc au second tour, s&rsquo;il arrive \u00e0 passer devant Druuna, voir m\u00eame Kewi, durant le vote.<\/p>\n<p>Concernant les autres candidats, on ne peut malheureusement plus beaucoup esp\u00e9rer pour eux, bien qu&rsquo;<strong>Emolga<\/strong> puisse conserver de tr\u00e8s faibles chances de se retrouver au second tour, avec l&rsquo;estimation qui le m\u00e8ne jusqu&rsquo;\u00e0 <strong>12,4%<\/strong>.<\/p>\n<p>Mais nous d\u00e9plorons surtout une participation qui s&rsquo;annonce en baisse, assez forte. Si l&rsquo;on compare aux \u00e9lections pr\u00e9c\u00e9dentes, de mai 2013, lesquelles avaient \u00e9t\u00e9 dans la moyenne, l\u00e9g\u00e8rement au-dessus puisqu&rsquo;elles avaient battus le record (n&rsquo;oublions pas que les chiffres sont souvent tr\u00e8s proches), on remarque des baisses \u00e0 toutes les heures. Lors de la pr\u00e9c\u00e9dente campagne, un taux de participation de 26% avait \u00e9t\u00e9 enregistr\u00e9 \u00e0 7h30. Aujourd&rsquo;hui ce score n&rsquo;a \u00e9t\u00e9 obtenu qu&rsquo;\u00e0 8h30 (les chiffres des participations et des heures sont l\u00e9g\u00e8rement arrondis). A 12h44, on enregistrait en mai plus de 50% de participation, alors qu&rsquo;\u00e0 13h26 nous sommes encore en-dessous de 43%.<\/p>\n<p>Ce que nous disions pr\u00e9c\u00e9demment sur ces pr\u00e9sidentielles semble donc se confirmer : elles suscitent moins d&rsquo;int\u00e9r\u00eat.<\/p>\n","protected":false},"excerpt":{"rendered":"<p>Un des derniers points avant l&rsquo;annonce des r\u00e9sultats du premier .<\/p>\n","protected":false},"author":66,"featured_media":0,"comment_status":"open","ping_status":"open","sticky":false,"template":"","format":"standard","meta":{"site-container-style":"default","site-container-layout":"default","site-sidebar-layout":"default","disable-article-header":"default","disable-site-header":"default","disable-site-footer":"default","disable-content-area-spacing":"default","footnotes":""},"categories":[312,3],"tags":[418],"class_list":["post-17220","post","type-post","status-publish","format-standard","hentry","category-g-a-la-une","category-1-vpmi","tag-presidentielle"],"_links":{"self":[{"href":"https:\/\/vpmedias.fr\/index.php?rest_route=\/wp\/v2\/posts\/17220","targetHints":{"allow":["GET"]}}],"collection":[{"href":"https:\/\/vpmedias.fr\/index.php?rest_route=\/wp\/v2\/posts"}],"about":[{"href":"https:\/\/vpmedias.fr\/index.php?rest_route=\/wp\/v2\/types\/post"}],"author":[{"embeddable":true,"href":"https:\/\/vpmedias.fr\/index.php?rest_route=\/wp\/v2\/users\/66"}],"replies":[{"embeddable":true,"href":"https:\/\/vpmedias.fr\/index.php?rest_route=%2Fwp%2Fv2%2Fcomments&post=17220"}],"version-history":[{"count":3,"href":"https:\/\/vpmedias.fr\/index.php?rest_route=\/wp\/v2\/posts\/17220\/revisions"}],"predecessor-version":[{"id":17222,"href":"https:\/\/vpmedias.fr\/index.php?rest_route=\/wp\/v2\/posts\/17220\/revisions\/17222"}],"wp:attachment":[{"href":"https:\/\/vpmedias.fr\/index.php?rest_route=%2Fwp%2Fv2%2Fmedia&parent=17220"}],"wp:term":[{"taxonomy":"category","embeddable":true,"href":"https:\/\/vpmedias.fr\/index.php?rest_route=%2Fwp%2Fv2%2Fcategories&post=17220"},{"taxonomy":"post_tag","embeddable":true,"href":"https:\/\/vpmedias.fr\/index.php?rest_route=%2Fwp%2Fv2%2Ftags&post=17220"}],"curies":[{"name":"wp","href":"https:\/\/api.w.org\/{rel}","templated":true}]}}