{"id":17275,"date":"2013-09-28T11:19:08","date_gmt":"2013-09-28T09:19:08","guid":{"rendered":"http:\/\/vpmedias.fr\/?p=17275"},"modified":"2013-10-04T11:34:41","modified_gmt":"2013-10-04T09:34:41","slug":"19eme-presidentielle-interview-de-druuna","status":"publish","type":"post","link":"https:\/\/vpmedias.fr\/?p=17275","title":{"rendered":"19\u00e8me Pr\u00e9sidentielle : Interview de Druuna"},"content":{"rendered":"<p>VPM\u00e9dias vous propose aujourd&rsquo;hui un magnifique interview du candidat \u00e0 la pr\u00e9sidentielle : Druuna.<\/p>\n<p><strong>Magne : Pour les personnes qui ne te connaissent pas, peux-tu te pr\u00e9senter ?<\/strong><\/p>\n<p>Avant tout, malgr\u00e9 mon pseudo et mon avatar, je tiens \u00e0 pr\u00e9ciser que je suis un m\u00e2le, un vrai !<br \/>\nJe suis donc inscrit sur VPM depuis un an et demi et je suis actuellement le Secr\u00e9taire G\u00e9n\u00e9ral de la Communaut\u00e9 de l&rsquo;Agneau. Je me d\u00e9finis avant tout comme un \u00ab\u00a0campagnard\u00a0\u00bb (10 fois maire de Marseille cons\u00e9cutivement par exemple), mais je participe aussi activement au forum (plus de 70 contributions prim\u00e9es au forum). J&rsquo;ai \u00e9t\u00e9 ministre charg\u00e9 des campagnes au cours du mandat Dragalex, Pr\u00e9sident que j&rsquo;ai renvers\u00e9 pour mettre en place le Comit\u00e9 de Salut Public de Haut Niveau (dit CSP+).<\/p>\n<p>Pour plus de pr\u00e9cisions, on peut consulter ma fiche wiki :<br \/>\nhttp:\/\/wiki.vpmedias.fr\/Druuna<\/p>\n<p><strong>Hotre :\u00a0 Pour toi, quel est le r\u00f4le du Pr\u00e9sident ?<\/strong><\/p>\n<p>Si on ne veut pas nourrir de cruelles d\u00e9ceptions aupr\u00e8s des joueurs-\u00e9lecteurs, je crois qu&rsquo;il faut en revenir aux instructions de l&rsquo;administrateur (que la<br \/>\nGrande Banane Flamb\u00e9e veille sur lui !) : le Pr\u00e9sident<br \/>\nest d&rsquo;abord l\u00e0 pour se faire \u00e9lire et ensuite pour animer autant que possible le jeu. Pour ce qui est de se faire \u00e9lire, je m&rsquo;y attelle tous les jours depuis l&rsquo;ouverture de la campagne ! Pour ce qui est d&rsquo;animer le jeu, j&rsquo;essayerai de faire mon mieux gr\u00e2ce au budget et au roleplay pr\u00e9sidentiels.<\/p>\n<p>D&rsquo;un autre c\u00f4t\u00e9, je sais tr\u00e8s bien ce que n&rsquo;est pas un Pr\u00e9sident : un superh\u00e9ros capable de \u00ab\u00a0sauver\u00a0\u00bb VPM ou d&rsquo;introduire de nouvelles r\u00e8gles dans le jeu. Il n&rsquo;a strictement aucun pouvoir pour faire cela.<\/p>\n<p><strong>Hotre : Que feras-tu pour l\u2019accueil des nouveaux ?<\/strong><\/p>\n<p>L&rsquo;accueil des nouveaux est un th\u00e8me qui revient comme les hirondelles au printemps au moment de l&rsquo;\u00e9lection<br \/>\npr\u00e9sidentielle (m\u00eame fin septembre). Mais c&rsquo;est tout le temps qu&rsquo;il revient \u00e0 tous de faire en sorte que les nouveaux joueurs trouvent leur place sur VPM, y compris aux nouveaux eux-m\u00eames ! Le Pr\u00e9sident ne peut pas \u00eatre tuteur \u00e0 la place des tuteurs, il ne peut pas imposer aux partis de recruter les nouveaux \u00e9toil\u00e9s, il ne peut pas forcer les nouveaux \u00e0 venir se pr\u00e9senter sur le forum. Tout au plus peut-il participer \u00e0 essayer de cr\u00e9er un climat favorable \u00e0 l&rsquo;int\u00e9gration, c&rsquo;est \u00e0 dire un jeu o\u00f9 il y a de l&rsquo;animation, afin qu&rsquo;il donne envie d&rsquo;y rester.<\/p>\n<p>Ceci \u00e9tant dit, je propose que Le Parti Pr\u00e9sidentiel que je fonderai si je suis \u00e9lu soit une \u00ab\u00a0couveuse\u00a0\u00bb pour de nouveaux joueurs \u00e9toil\u00e9s qui n&rsquo;auraient pas trouv\u00e9 de parti-chaussure \u00e0 leur pied. Il y resteraient le temps d&rsquo;une campagne, encadr\u00e9 par un ministre, pour voir comment fonctionne un parti et parfaire leur connaissance du jeu.<\/p>\n<p><strong>\u00a0Hotre : Que proposes-tu pour animer le forum ?<\/strong><\/p>\n<p>L&rsquo;animation du forum reposera d&rsquo;abord sur le roleplay pr\u00e9sidentiel, dans la continuit\u00e9 de ce que j&rsquo;ai commenc\u00e9 avec le coup d&rsquo;Etat du CSP+. Bien entendu, il y aura aussi des animations gouvernementales, avec des enveloppes \u00e0 la clef.<\/p>\n<p>Mais je pense aussi que tout le monde est en mesure d&rsquo;animer le forum, ce n&rsquo;est pas le r\u00f4le exclusif du Pr\u00e9sident et de ses ministres. Il faut donc encourager les initiatives : c&rsquo;est pourquoi tout VPMien qui proposera une animation ou qui lancera un sujet pertinent pourra se voir r\u00e9compenser avec quelques plakass (par l&rsquo;interm\u00e9diaire d&rsquo;un coup de porte-parole du Parti Pr\u00e9sidentiel).<br \/>\n<strong>Hotre : Que comptes-tu faire \u00e0 propos du jeu ? C\u2019est-\u00e0-dire, pr\u00e9vois-tu des animations pour animer les campagnes ?<\/strong><\/p>\n<p>L&rsquo;animation au coeur des campagnes est un point central de mon projet que permet l&rsquo;id\u00e9e in\u00e9dite de Parti Pr\u00e9sidentiel. Auparavant, les ministres faisaient campagne sous la banni\u00e8re de leur parti afin d&rsquo;y faire le meilleur r\u00e9sultat possible, sans pouvoir y mener des actions gouvernementales. Le Parti Pr\u00e9sidentiel participera en revanche aux campagnes dans l&rsquo;objectif principal de les faire bouger, en proposant des jeux ou des d\u00e9fis \u00e0 relever, en animant la messagerie locale, en racontant leurs coulisses sur le forum.<\/p>\n<p>C&rsquo;est aussi comme cela qu&rsquo;il sera possible de \u00ab\u00a0toucher\u00a0\u00bb beaucoup plus de joueurs (une dizaine par campagne et<br \/>\npar membre du Parti, soit de 60 \u00e0 80 joueurs tous les quinze jours) que sur le forum (o\u00f9 une animation peine \u00e0 rassembler plus d&rsquo;une vingtaine de participants).<\/p>\n<p><strong>Magne : Quelles sont tes propositions pour les m\u00e9dias ?<\/strong><\/p>\n<p>Je pense que le Pr\u00e9sident n&rsquo;a pas \u00e0 s&rsquo;ing\u00e9rer dans le fonctionnement des m\u00e9dias qui doivent rester ind\u00e9pendants. Je trouverais dommage que des articles soient \u00e9crits juste parce qu&rsquo;il y a une enveloppe \u00e0 gagner&#8230; Cela ne m&#8217;emp\u00eachera pas en revanche de r\u00e9compenser par un coup de porte-parole le r\u00e9dacteur d&rsquo;un article que j&rsquo;aurais trouv\u00e9 int\u00e9ressant, dr\u00f4le, ou les deux \u00e0 la fois (si, si, c&rsquo;est possible !).<\/p>\n<p>D&rsquo;autre part, j&rsquo;utiliserai bien entendu les m\u00e9dias comme vecteurs de la communication de mon mandat si je suis \u00e9lu, avec des articles, des interviews et des d\u00e9bats. Zwentibold, qui est mon porte-parole pour cette campagne, sera charg\u00e9 de cette relation avec les m\u00e9dias.<\/p>\n<p><strong>Magne : Qu&rsquo;est-ce que ta pr\u00e9sidence aurait de plus et\/ou de diff\u00e9rent par rapport aux autres candidats ?<\/strong><\/p>\n<p>La valeur ajout\u00e9e de mon programme, c&rsquo;est la cr\u00e9ation du Parti Pr\u00e9sidentiel auquel personne n&rsquo;avait jamais pens\u00e9. Je suis s\u00fbr que cette id\u00e9e phare va radicalement changer la fa\u00e7on d&rsquo;\u00eatre Pr\u00e9sident, et qu&rsquo;on n&rsquo;en pas encore mesur\u00e9 tout le potentiel.<\/p>\n<p><strong>\u00a0Hotre : Si tu es \u00e9lu, qui seront tes ministres ?<\/strong><\/p>\n<p>Il faut pr\u00e9ciser que mes futurs ministres devront quitter leur parti actuel afin de rejoindre le Parti<br \/>\nPr\u00e9sidentiel. Si je suis \u00e9lu, je ferai donc un appel \u00e0 candidatures pour recenser qui est pr\u00eat \u00e0 faire ce sacrifice et quelles sont leurs motivations.<\/p>\n<p>Il est \u00e9vident que les membres de mon \u00e9quipe de campagne seront prioritaires, car j&rsquo;ai confiance en eux et nous avons pris l&rsquo;habitude de collaborer ensemble. Je peux ainsi d\u00e9j\u00e0 donner deux noms : antijeu (qui est mon camarade fontainard de la Communaut\u00e9 des Agneaux et que j&rsquo;ai connu dans mon premier parti) et zwentibold (qui est le porte-parole de ma campagne et dont j&rsquo;ai \u00e9t\u00e9 le tuteur).<\/p>\n<p><strong>Magne : Quel sera ton pourcentage d&rsquo;imposition si tu est \u00e9lu ?<\/strong><\/p>\n<p>Comme annonc\u00e9 dans mon programme, cela sera 6,2%, soit un taux se situant dans le bas de la fourchette propos\u00e9e (entre 5 et 10 %), car j&rsquo;ai conscience que cette taxe est tr\u00e8s impopulaire chez les VPMiens. Cela correspond par exemple \u00e0 6200 plakass d&rsquo;imp\u00f4t pour une caisse de 100 000 plakass.<\/p>\n<p><strong>Magne : Un dernier mot \u00e0 ajouter ?<\/strong><\/p>\n<p>Ploc !<\/p>\n<p>[auteur]<\/p>\n","protected":false},"excerpt":{"rendered":"<p>Druuna c&rsquo;est pr\u00eat\u00e9 au jeu des questions-r\u00e9ponses pour VPM\u00e9dias ! <\/p>\n","protected":false},"author":91,"featured_media":0,"comment_status":"open","ping_status":"open","sticky":false,"template":"","format":"standard","meta":{"site-container-style":"default","site-container-layout":"default","site-sidebar-layout":"default","disable-article-header":"default","disable-site-header":"default","disable-site-footer":"default","disable-content-area-spacing":"default","footnotes":""},"categories":[4],"tags":[34,418],"class_list":["post-17275","post","type-post","status-publish","format-standard","hentry","category-2-vpmc","tag-interview","tag-presidentielle"],"_links":{"self":[{"href":"https:\/\/vpmedias.fr\/index.php?rest_route=\/wp\/v2\/posts\/17275","targetHints":{"allow":["GET"]}}],"collection":[{"href":"https:\/\/vpmedias.fr\/index.php?rest_route=\/wp\/v2\/posts"}],"about":[{"href":"https:\/\/vpmedias.fr\/index.php?rest_route=\/wp\/v2\/types\/post"}],"author":[{"embeddable":true,"href":"https:\/\/vpmedias.fr\/index.php?rest_route=\/wp\/v2\/users\/91"}],"replies":[{"embeddable":true,"href":"https:\/\/vpmedias.fr\/index.php?rest_route=%2Fwp%2Fv2%2Fcomments&post=17275"}],"version-history":[{"count":3,"href":"https:\/\/vpmedias.fr\/index.php?rest_route=\/wp\/v2\/posts\/17275\/revisions"}],"predecessor-version":[{"id":17278,"href":"https:\/\/vpmedias.fr\/index.php?rest_route=\/wp\/v2\/posts\/17275\/revisions\/17278"}],"wp:attachment":[{"href":"https:\/\/vpmedias.fr\/index.php?rest_route=%2Fwp%2Fv2%2Fmedia&parent=17275"}],"wp:term":[{"taxonomy":"category","embeddable":true,"href":"https:\/\/vpmedias.fr\/index.php?rest_route=%2Fwp%2Fv2%2Fcategories&post=17275"},{"taxonomy":"post_tag","embeddable":true,"href":"https:\/\/vpmedias.fr\/index.php?rest_route=%2Fwp%2Fv2%2Ftags&post=17275"}],"curies":[{"name":"wp","href":"https:\/\/api.w.org\/{rel}","templated":true}]}}